{"id":11055,"date":"2018-11-06T10:33:36","date_gmt":"2018-11-06T12:33:36","guid":{"rendered":"http:\/\/newsinfoco.com.br\/?p=11055"},"modified":"2018-11-06T10:33:36","modified_gmt":"2018-11-06T12:33:36","slug":"expo-alagoinhas-edicao-2018-registra-recorde-de-animais","status":"publish","type":"post","link":"https:\/\/newsinfoco.com.br\/inicio\/expo-alagoinhas-edicao-2018-registra-recorde-de-animais\/","title":{"rendered":"Expo Alagoinhas: Edi\u00e7\u00e3o 2018 registra recorde de animais"},"content":{"rendered":"<p style=\"text-align: justify;\">Umas das principais vitrines do agroneg\u00f3cio no estado, entre os dias 1\u00ba e 4 de novembro, a 21\u00ba Expo Alagoinhas reuniu produtores, criadores e fornecedores de maisd e dez cidades no Parque de Exposi\u00e7\u00f5es Miguel Fontes, registrando um recorde de animais, com exposi\u00e7\u00e3o de 222 cabe\u00e7as da ra\u00e7a Girolando, 105 campolinas, 220 caprinos e ovinos e 145 nelores.<\/p>\n<p style=\"text-align: justify;\">Ra\u00e7a genuinamente brasileira e respons\u00e1vel por 80% da produ\u00e7\u00e3o leiteira do Brasil, o destaque foi para a ra\u00e7a Girolando, com 165 animais julgados, o que tornou a a Expo Alagoinhas a maior em gado Girolando do estado, superando a FENAGRO.<\/p><div class=\"newsi-conteudo_19\" id=\"newsi-2987071217\"><a href=\"https:\/\/www.instagram.com\/prefeituraalagoinhas?igsh=YzgzdDJ1bWR3aWI4\" aria-label=\"SAVE_20251006_221555\"><img loading=\"lazy\" decoding=\"async\" src=\"https:\/\/newsinfoco.com.br\/inicio\/wp-content\/uploads\/2025\/10\/SAVE_20251006_221555-rotated.jpg\" alt=\"\"  srcset=\"https:\/\/newsinfoco.com.br\/inicio\/wp-content\/uploads\/2025\/10\/SAVE_20251006_221555-rotated.jpg 1140w, https:\/\/newsinfoco.com.br\/inicio\/wp-content\/uploads\/2025\/10\/SAVE_20251006_221555-300x52.jpg 300w, https:\/\/newsinfoco.com.br\/inicio\/wp-content\/uploads\/2025\/10\/SAVE_20251006_221555-1024x177.jpg 1024w, https:\/\/newsinfoco.com.br\/inicio\/wp-content\/uploads\/2025\/10\/SAVE_20251006_221555-768x133.jpg 768w, https:\/\/newsinfoco.com.br\/inicio\/wp-content\/uploads\/2025\/10\/SAVE_20251006_221555-600x104.jpg 600w, https:\/\/newsinfoco.com.br\/inicio\/wp-content\/uploads\/2025\/10\/SAVE_20251006_221555-696x120.jpg 696w, https:\/\/newsinfoco.com.br\/inicio\/wp-content\/uploads\/2025\/10\/SAVE_20251006_221555-1068x185.jpg 1068w\" sizes=\"(max-width: 1140px) 100vw, 1140px\" width=\"1140\" height=\"197\"   \/><\/a><\/div>\n<p><a href=\"http:\/\/newsinfoco.com.br\/wp-content\/uploads\/2018\/11\/CAVALO.jpg\"><img loading=\"lazy\" decoding=\"async\" class=\"aligncenter size-large wp-image-11056\" src=\"http:\/\/newsinfoco.com.br\/wp-content\/uploads\/2018\/11\/CAVALO-1024x732.jpg\" alt=\"\" width=\"696\" height=\"498\" srcset=\"https:\/\/newsinfoco.com.br\/inicio\/wp-content\/uploads\/2018\/11\/CAVALO.jpg 1024w, https:\/\/newsinfoco.com.br\/inicio\/wp-content\/uploads\/2018\/11\/CAVALO-300x214.jpg 300w, https:\/\/newsinfoco.com.br\/inicio\/wp-content\/uploads\/2018\/11\/CAVALO-768x549.jpg 768w, https:\/\/newsinfoco.com.br\/inicio\/wp-content\/uploads\/2018\/11\/CAVALO-600x429.jpg 600w, https:\/\/newsinfoco.com.br\/inicio\/wp-content\/uploads\/2018\/11\/CAVALO-696x498.jpg 696w, https:\/\/newsinfoco.com.br\/inicio\/wp-content\/uploads\/2018\/11\/CAVALO-588x420.jpg 588w\" sizes=\"auto, (max-width: 696px) 100vw, 696px\" \/><\/a><\/p>\n<p style=\"text-align: justify;\">Com uma estrutura projetada para aproximar os visitantes da vida no campo e uma programa\u00e7\u00e3o diversificada, a EXPO contou com a participa\u00e7\u00e3o de 89 expositores(30% maior do que no ano passado) e agregou a realiza\u00e7\u00e3o de tr\u00eas leil\u00f5es (Girolando\/Gir Leiteiro, Campolina e Nelore), atra\u00e7\u00f5es culturais, torneios leiteiros, provas desportivas, julgamento de ra\u00e7as com classificat\u00f3ria para o ranking nacional, minicurso minicurso de fabrica\u00e7\u00e3o caseira de queijos, iogurte e requeij\u00e3o, palestras sobre Piscicultura, Feira da Agricultura Familiar, Casa de Farinha para visita\u00e7\u00e3o, visitas guiadas para 500 alunos da rede municipal, \u00e1rea de lazer infantil com montaria e atividades culturais como samba-de-roda.<\/p>\n<p style=\"text-align: justify;\"><a href=\"http:\/\/newsinfoco.com.br\/wp-content\/uploads\/2018\/11\/SAMBA.jpg\"><img loading=\"lazy\" decoding=\"async\" class=\"aligncenter size-full wp-image-11057\" src=\"http:\/\/newsinfoco.com.br\/wp-content\/uploads\/2018\/11\/SAMBA.jpg\" alt=\"\" width=\"768\" height=\"549\" srcset=\"https:\/\/newsinfoco.com.br\/inicio\/wp-content\/uploads\/2018\/11\/SAMBA.jpg 768w, https:\/\/newsinfoco.com.br\/inicio\/wp-content\/uploads\/2018\/11\/SAMBA-300x214.jpg 300w, https:\/\/newsinfoco.com.br\/inicio\/wp-content\/uploads\/2018\/11\/SAMBA-600x429.jpg 600w, https:\/\/newsinfoco.com.br\/inicio\/wp-content\/uploads\/2018\/11\/SAMBA-100x70.jpg 100w, https:\/\/newsinfoco.com.br\/inicio\/wp-content\/uploads\/2018\/11\/SAMBA-696x498.jpg 696w, https:\/\/newsinfoco.com.br\/inicio\/wp-content\/uploads\/2018\/11\/SAMBA-588x420.jpg 588w\" sizes=\"auto, (max-width: 768px) 100vw, 768px\" \/><\/a>O evento \u00e9 realizado pela Prefeitura, atrav\u00e9s da Secretaria Municipal de Agricultura, e conta com apoio do Banco do Brasil, da BSC Copener e do Governo do estado, atrav\u00e9s da Secretaria de Agricultura.<\/p>\n<p style=\"text-align: justify;\">\u201cParticipei de todas as edi\u00e7\u00f5es da Expo de Alagoinhas, n\u00e3o s\u00f3 como criador, mas tamb\u00e9m como comprador. A Bahia \u00e9 hoje uma refer\u00eancia nacional pelo numero de animais e pelos ganhadores, ocupando o segundo lugar como produtor. Dos dez maiores campe\u00f5es da ra\u00e7a no pa\u00eds, seis s\u00e3o baianos e a campe\u00e3 nacional \u00e9 de Alagoinhas\u201d, explica Joan Alves Ara\u00fajo, que \u00e9 membro da Associa\u00e7\u00e3o Nacional de Cavalos Campolina. \u201cCom a produ\u00e7\u00e3o na regi\u00e3o Alagoinhas conseguimos abastecer todos os criadores, incluindo os de outros estados que v\u00eam para prestigiar boas matrizes. E nesse contexto, o mangalarga marchador tamb\u00e9m est\u00e1 voltando a participar, ampliando a sua visibilidade\u201d, acrescenta.<\/p>\n<p style=\"text-align: justify;\">F\u00e1bio Brito \u00e9 campe\u00e3o do concurso de melhor expositor de caprinos Boer do estado e pela segunda vez, participa da Expo Alagoinhas.Ele elogiou a organiza\u00e7\u00e3o do evento e destacou a exposi\u00e7\u00e3o como vital para a apresenta\u00e7\u00e3o ao p\u00fablico do trabalho gen\u00e9tico que \u00e9 realizado na Bahia. \u201d Localiza\u00e7\u00e3o geogr\u00e1fica da cidade, pessoas com poder aquisitivo investindo, varios criadores e apoio da gest\u00e3o torna esta uma das melhores exposi\u00e7\u00f5es da Bahia. Temos o objetivo maior fomentar a cria\u00e7\u00e3o na regi\u00e3o, esta crescendo bastante , tem muita demanda e as vendas nesta edi\u00e7\u00e3o superaram as expectativas\u201d, afirmou.<\/p>\n<p style=\"text-align: justify;\">Os neg\u00f3cios s\u00e3o realizados durante e depois . \u201c\u00c9 a nossa primeira vez na Expo, mostrando e demonstrando nossos produtos e \u00e9 assim que surgem vendas durante e p\u00f3s a Feira\u201d, conta a supervisora de vendas de produtos derivados de leite de cabra, Lu\u00edza Santos, que veio de Aracaju e ocupou um dos 20 stands disponibilizados no evento.<\/p>\n<p style=\"text-align: justify;\">\u201cA cada ano vem crescendo a participa\u00e7\u00e3o da ovino-caprinocultura na Expoalagoinhas. Antes havia uma participa\u00e7\u00e3o m\u00e9dia de nove criadores e na expo deste ano participaram 15, com 204 animais. O volume de vendas tamb\u00e9m foi o maior de todos, com 60.000 reais. No setor esteve presente um latic\u00ednio de leite de cabra, cujo stand foi um dos mais visitados, tendo vendido todos os produtos cujo destaque foi o queijo coalho\u201d, apontou o secret\u00e1rio de Agricultura, Geraldo Almeida.<\/p>\n<p style=\"text-align: justify;\">Desde o ano passado, o parque vem sendo preparado com a constru\u00e7\u00e3o de equipamentos extras que permitem a realiza\u00e7\u00e3o de diversos leil\u00f5es e julgamentos ao mesmo tempo. Esse cuidado com o Parque de Exposi\u00e7\u00f5es, associado \u00e0 excelente qualidade da produ\u00e7\u00e3o que s\u00f3 faz crescer a cada ano na regi\u00e3o e em todo o estado, \u00e9 um dos fatores que tem atra\u00eddo criadores e compradores , de acordo com o prefeito Joaquim Neto. \u201d Os resultados s\u00e3o o sucesso que tivemos nesta edi\u00e7\u00e3o e as perspectivas de mais crescimento para o setor\u201d, afirmou o prefeito.<\/p>\n<h6 style=\"text-align: right;\"><span style=\"color: #999999;\">Secom Alagoinhas<\/span><\/h6>\n<p style=\"text-align: justify;\">\n<div class='share-to-whatsapp-wrapper'><div class='share-on-whsp'>Share on: <\/div><a data-text='Expo Alagoinhas: Edi\u00e7\u00e3o 2018 registra recorde de animais' data-link='https:\/\/newsinfoco.com.br\/inicio\/expo-alagoinhas-edicao-2018-registra-recorde-de-animais\/' class='whatsapp-button whatsapp-share'>WhatsApp<\/a><div class='clear '><\/div><\/div>","protected":false},"excerpt":{"rendered":"<p>Umas das principais vitrines do agroneg\u00f3cio no estado, entre os dias 1\u00ba e 4 de novembro, a 21\u00ba Expo Alagoinhas reuniu produtores, criadores e fornecedores de maisd e dez cidades no Parque de Exposi\u00e7\u00f5es Miguel Fontes, registrando um recorde de animais, com exposi\u00e7\u00e3o de 222 cabe\u00e7as da ra\u00e7a Girolando, 105 campolinas, 220 caprinos e ovinos [&hellip;]<\/p>\n","protected":false},"author":1,"featured_media":11058,"comment_status":"open","ping_status":"open","sticky":false,"template":"","format":"standard","meta":{"om_disable_all_campaigns":false,"_exactmetrics_skip_tracking":false,"_exactmetrics_sitenote_active":false,"_exactmetrics_sitenote_note":"","_exactmetrics_sitenote_category":0,"footnotes":""},"categories":[38,30],"tags":[],"class_list":["post-11055","post","type-post","status-publish","format-standard","has-post-thumbnail","hentry","category-alagoinhas-e-regiao","category-destaque"],"aioseo_notices":[],"_links":{"self":[{"href":"https:\/\/newsinfoco.com.br\/inicio\/wp-json\/wp\/v2\/posts\/11055","targetHints":{"allow":["GET"]}}],"collection":[{"href":"https:\/\/newsinfoco.com.br\/inicio\/wp-json\/wp\/v2\/posts"}],"about":[{"href":"https:\/\/newsinfoco.com.br\/inicio\/wp-json\/wp\/v2\/types\/post"}],"author":[{"embeddable":true,"href":"https:\/\/newsinfoco.com.br\/inicio\/wp-json\/wp\/v2\/users\/1"}],"replies":[{"embeddable":true,"href":"https:\/\/newsinfoco.com.br\/inicio\/wp-json\/wp\/v2\/comments?post=11055"}],"version-history":[{"count":0,"href":"https:\/\/newsinfoco.com.br\/inicio\/wp-json\/wp\/v2\/posts\/11055\/revisions"}],"wp:featuredmedia":[{"embeddable":true,"href":"https:\/\/newsinfoco.com.br\/inicio\/wp-json\/wp\/v2\/media\/11058"}],"wp:attachment":[{"href":"https:\/\/newsinfoco.com.br\/inicio\/wp-json\/wp\/v2\/media?parent=11055"}],"wp:term":[{"taxonomy":"category","embeddable":true,"href":"https:\/\/newsinfoco.com.br\/inicio\/wp-json\/wp\/v2\/categories?post=11055"},{"taxonomy":"post_tag","embeddable":true,"href":"https:\/\/newsinfoco.com.br\/inicio\/wp-json\/wp\/v2\/tags?post=11055"}],"curies":[{"name":"wp","href":"https:\/\/api.w.org\/{rel}","templated":true}]}}