{"id":11063,"date":"2018-11-06T10:37:55","date_gmt":"2018-11-06T12:37:55","guid":{"rendered":"http:\/\/newsinfoco.com.br\/?p=11063"},"modified":"2018-11-06T10:37:55","modified_gmt":"2018-11-06T12:37:55","slug":"iraci-gama-assume-prefeitura-durante-viagem-de-joaquim-neto-para-portugal","status":"publish","type":"post","link":"https:\/\/newsinfoco.com.br\/inicio\/iraci-gama-assume-prefeitura-durante-viagem-de-joaquim-neto-para-portugal\/","title":{"rendered":"Iraci Gama assume prefeitura durante viagem de Joaquim Neto para Portugal"},"content":{"rendered":"<p style=\"text-align: justify;\">Em cerim\u00f4nia realizada nesta segunda-feira (05), o prefeito Joaquim Neto fez a transmiss\u00e3o do cargo para a vice-prefeita e secret\u00e1ria de Cultura, Esporte e Turismo (SECET) Iraci Gama. O secret\u00e1rio de Governo e Comunica\u00e7\u00e3o, Gustavo Carmo, o presidente da C\u00e2mara, Roberto Torres, outros membros do governo e vereadores participaram do momento. A transmiss\u00e3o do cargo aconteceu em virtude de uma viagem que Joaquim Neto far\u00e1, nesta ter\u00e7a-feira (06), \u00e0 Lisboa, em Portugal.<\/p>\n<p style=\"text-align: justify;\">O prefeito ficar\u00e1 ausente da cidade por um per\u00edodo de cinco dias \u00fateis, tempo em que participar\u00e1 do F\u00f3rum das Cidades Sustent\u00e1veis. \u201cSer\u00e1 um evento em que v\u00e3o participar prefeitos e gestores do mundo todo, que assim como eu, est\u00e3o preocupados com o meio ambiente, com a destina\u00e7\u00e3o correta dos res\u00edduos s\u00f3lidos e outras quest\u00f5es relativas \u00e0 Sa\u00fade Ambiental\u201d, explica Joaquim Neto.<\/p><div class=\"newsi-conteudo_19\" id=\"newsi-1503548236\"><a href=\"https:\/\/www.instagram.com\/prefeituraalagoinhas?igsh=YzgzdDJ1bWR3aWI4\" aria-label=\"SAVE_20251006_221555\"><img loading=\"lazy\" decoding=\"async\" src=\"https:\/\/newsinfoco.com.br\/inicio\/wp-content\/uploads\/2025\/10\/SAVE_20251006_221555-rotated.jpg\" alt=\"\"  srcset=\"https:\/\/newsinfoco.com.br\/inicio\/wp-content\/uploads\/2025\/10\/SAVE_20251006_221555-rotated.jpg 1140w, https:\/\/newsinfoco.com.br\/inicio\/wp-content\/uploads\/2025\/10\/SAVE_20251006_221555-300x52.jpg 300w, https:\/\/newsinfoco.com.br\/inicio\/wp-content\/uploads\/2025\/10\/SAVE_20251006_221555-1024x177.jpg 1024w, https:\/\/newsinfoco.com.br\/inicio\/wp-content\/uploads\/2025\/10\/SAVE_20251006_221555-768x133.jpg 768w, https:\/\/newsinfoco.com.br\/inicio\/wp-content\/uploads\/2025\/10\/SAVE_20251006_221555-600x104.jpg 600w, https:\/\/newsinfoco.com.br\/inicio\/wp-content\/uploads\/2025\/10\/SAVE_20251006_221555-696x120.jpg 696w, https:\/\/newsinfoco.com.br\/inicio\/wp-content\/uploads\/2025\/10\/SAVE_20251006_221555-1068x185.jpg 1068w\" sizes=\"(max-width: 1140px) 100vw, 1140px\" width=\"1140\" height=\"197\"   \/><\/a><\/div>\n<p style=\"text-align: justify;\">\u201cSaio para participar de um evento que me trar\u00e1 uma experi\u00eancia rica e produtiva, com a certeza de que nossa administra\u00e7\u00e3o continuar\u00e1 mantendo o mesmo ritmo de trabalho adotado desde o in\u00edcio da gest\u00e3o. O tempo m\u00ednimo para transmitir o cargo \u00e9 de 15 dias, mas como temos alguns documentos de conv\u00eanios e emendas importantes para serem assinados, achei prudente fazer essa transmiss\u00e3o\u201d, afirma o prefeito. Devo ressaltar que estou muito feliz em presenciar a primeira vez em que uma mulher assume a prefeitura de minha cidade, embora que por alguns dias\u201d, comemora.<\/p>\n<p style=\"text-align: justify;\">A prefeita em exerc\u00edcio, Iraci Gama, afirmou que durante sua passagem no comando do munic\u00edpio vai cumprir a agenda de compromissos da prefeitura, sem alterar a rotina administrativa do cargo. \u201cQuero agradecer pela confian\u00e7a e o carinho de todos que vieram prestigiar esse momento, e dizer que me sinto honrada em assumir o cargo pela primeira vez\u201d, disse Iraci.<\/p>\n<p style=\"text-align: justify;\">O prefeito informou, ainda, que em respeito o momento de conten\u00e7\u00e3o de gastos da prefeitura, arcar\u00e1 com todos os custos da viagem.<\/p>\n<h6 style=\"text-align: right;\"><span style=\"color: #999999;\">Secom Alagoinhas<\/span><\/h6>\n<div class='share-to-whatsapp-wrapper'><div class='share-on-whsp'>Share on: <\/div><a data-text='Iraci Gama assume prefeitura durante viagem de Joaquim Neto para Portugal' data-link='https:\/\/newsinfoco.com.br\/inicio\/iraci-gama-assume-prefeitura-durante-viagem-de-joaquim-neto-para-portugal\/' class='whatsapp-button whatsapp-share'>WhatsApp<\/a><div class='clear '><\/div><\/div>","protected":false},"excerpt":{"rendered":"<p>Em cerim\u00f4nia realizada nesta segunda-feira (05), o prefeito Joaquim Neto fez a transmiss\u00e3o do cargo para a vice-prefeita e secret\u00e1ria de Cultura, Esporte e Turismo (SECET) Iraci Gama. O secret\u00e1rio de Governo e Comunica\u00e7\u00e3o, Gustavo Carmo, o presidente da C\u00e2mara, Roberto Torres, outros membros do governo e vereadores participaram do momento. A transmiss\u00e3o do cargo [&hellip;]<\/p>\n","protected":false},"author":1,"featured_media":11064,"comment_status":"open","ping_status":"open","sticky":false,"template":"","format":"standard","meta":{"om_disable_all_campaigns":false,"_exactmetrics_skip_tracking":false,"_exactmetrics_sitenote_active":false,"_exactmetrics_sitenote_note":"","_exactmetrics_sitenote_category":0,"footnotes":""},"categories":[38,30],"tags":[],"class_list":["post-11063","post","type-post","status-publish","format-standard","has-post-thumbnail","hentry","category-alagoinhas-e-regiao","category-destaque"],"aioseo_notices":[],"_links":{"self":[{"href":"https:\/\/newsinfoco.com.br\/inicio\/wp-json\/wp\/v2\/posts\/11063","targetHints":{"allow":["GET"]}}],"collection":[{"href":"https:\/\/newsinfoco.com.br\/inicio\/wp-json\/wp\/v2\/posts"}],"about":[{"href":"https:\/\/newsinfoco.com.br\/inicio\/wp-json\/wp\/v2\/types\/post"}],"author":[{"embeddable":true,"href":"https:\/\/newsinfoco.com.br\/inicio\/wp-json\/wp\/v2\/users\/1"}],"replies":[{"embeddable":true,"href":"https:\/\/newsinfoco.com.br\/inicio\/wp-json\/wp\/v2\/comments?post=11063"}],"version-history":[{"count":0,"href":"https:\/\/newsinfoco.com.br\/inicio\/wp-json\/wp\/v2\/posts\/11063\/revisions"}],"wp:featuredmedia":[{"embeddable":true,"href":"https:\/\/newsinfoco.com.br\/inicio\/wp-json\/wp\/v2\/media\/11064"}],"wp:attachment":[{"href":"https:\/\/newsinfoco.com.br\/inicio\/wp-json\/wp\/v2\/media?parent=11063"}],"wp:term":[{"taxonomy":"category","embeddable":true,"href":"https:\/\/newsinfoco.com.br\/inicio\/wp-json\/wp\/v2\/categories?post=11063"},{"taxonomy":"post_tag","embeddable":true,"href":"https:\/\/newsinfoco.com.br\/inicio\/wp-json\/wp\/v2\/tags?post=11063"}],"curies":[{"name":"wp","href":"https:\/\/api.w.org\/{rel}","templated":true}]}}