{"id":11071,"date":"2018-11-06T10:48:33","date_gmt":"2018-11-06T12:48:33","guid":{"rendered":"http:\/\/newsinfoco.com.br\/?p=11071"},"modified":"2018-11-06T10:48:33","modified_gmt":"2018-11-06T12:48:33","slug":"oposicao-diz-que-aumento-de-taxas-pode-dificultar-acesso-da-populacao-as-demandas-judiciais","status":"publish","type":"post","link":"https:\/\/newsinfoco.com.br\/inicio\/oposicao-diz-que-aumento-de-taxas-pode-dificultar-acesso-da-populacao-as-demandas-judiciais\/","title":{"rendered":"Oposi\u00e7\u00e3o diz que aumento de taxas pode dificultar acesso da popula\u00e7\u00e3o \u00e0s demandas judiciais"},"content":{"rendered":"<p style=\"text-align: justify;\">O l\u00edder da bancada de oposi\u00e7\u00e3o na Assembleia Legislativa da Bahia (ALBA), deputado Luciano Ribeiro (DEM), voltou a criticar o Projeto de Lei n\u00ba 22.918, que pretende aumentar de forma abusiva os valores das taxas do Poder Judici\u00e1rio.<\/p>\n<p style=\"text-align: justify;\">Em algumas faixas, o aumento chega a 74%. Depois de pedir vistas na vota\u00e7\u00e3o ocorrida semana passada, o parlamentar reiterou nesta segunda-feira (5), ap\u00f3s reuni\u00e3o com deputados, representantes do Tribunal de Justi\u00e7a da Bahia (TJ-BA), do setor econ\u00f4mico, como a Fieb e entidades ligadas aos cart\u00f3rios, que a bancada vai defender uma solu\u00e7\u00e3o que n\u00e3o onere a popula\u00e7\u00e3o baiana.<\/p><div class=\"newsi-conteudo_19\" id=\"newsi-776024328\"><a href=\"https:\/\/www.instagram.com\/prefeituraalagoinhas?igsh=YzgzdDJ1bWR3aWI4\" aria-label=\"SAVE_20251006_221555\"><img loading=\"lazy\" decoding=\"async\" src=\"https:\/\/newsinfoco.com.br\/inicio\/wp-content\/uploads\/2025\/10\/SAVE_20251006_221555-rotated.jpg\" alt=\"\"  srcset=\"https:\/\/newsinfoco.com.br\/inicio\/wp-content\/uploads\/2025\/10\/SAVE_20251006_221555-rotated.jpg 1140w, https:\/\/newsinfoco.com.br\/inicio\/wp-content\/uploads\/2025\/10\/SAVE_20251006_221555-300x52.jpg 300w, https:\/\/newsinfoco.com.br\/inicio\/wp-content\/uploads\/2025\/10\/SAVE_20251006_221555-1024x177.jpg 1024w, https:\/\/newsinfoco.com.br\/inicio\/wp-content\/uploads\/2025\/10\/SAVE_20251006_221555-768x133.jpg 768w, https:\/\/newsinfoco.com.br\/inicio\/wp-content\/uploads\/2025\/10\/SAVE_20251006_221555-600x104.jpg 600w, https:\/\/newsinfoco.com.br\/inicio\/wp-content\/uploads\/2025\/10\/SAVE_20251006_221555-696x120.jpg 696w, https:\/\/newsinfoco.com.br\/inicio\/wp-content\/uploads\/2025\/10\/SAVE_20251006_221555-1068x185.jpg 1068w\" sizes=\"(max-width: 1140px) 100vw, 1140px\" width=\"1140\" height=\"197\"   \/><\/a><\/div>\n<p style=\"text-align: justify;\">\u201cN\u00f3s, da oposi\u00e7\u00e3o, buscaremos evitar que haja qualquer tipo de aumento de taxas na Bahia. Caso isso aconte\u00e7a, dificultar\u00e1 o acesso da popula\u00e7\u00e3o as demandas judiciais. Defendemos que o problema do Judici\u00e1rio seja resolvido sem que prejudique os cidad\u00e3os, pois a perspectiva com o atual projeto \u00e9 que ocorra um aumento estrondoso\u201d, condenou Luciano, ao sugerir a cria\u00e7\u00e3o de uma comiss\u00e3o t\u00e9cnica para entendimento dos c\u00e1lculos que aumentam as taxas. Ele lembrou que em determinadas faixas, o reajuste \u00e9 de 74%, \u201co que n\u00e3o se admite principalmente em um cen\u00e1rio de crise como o atual\u201d.<\/p>\n<p style=\"text-align: justify;\">Participaram da reuni\u00e3o o l\u00edder da bancada do governo, Z\u00e9 Neto (PT), o relator da mat\u00e9ria, Rosemberg Pinto (PT), o presidente em exerc\u00edcio da ALBA, Luiz Augusto (PP), al\u00e9m dos deputados Jos\u00e9 Raimundo (PT), Robinho (PP), Alex Lima (PSB), Marco Prisco (PSC), V\u00edtor Bonfim, Sargento Isidorio e Gika Lopes.<\/p>\n<div class='share-to-whatsapp-wrapper'><div class='share-on-whsp'>Share on: <\/div><a data-text='Oposi\u00e7\u00e3o diz que aumento de taxas pode dificultar acesso da popula\u00e7\u00e3o \u00e0s demandas judiciais' data-link='https:\/\/newsinfoco.com.br\/inicio\/oposicao-diz-que-aumento-de-taxas-pode-dificultar-acesso-da-populacao-as-demandas-judiciais\/' class='whatsapp-button whatsapp-share'>WhatsApp<\/a><div class='clear '><\/div><\/div>","protected":false},"excerpt":{"rendered":"<p>O l\u00edder da bancada de oposi\u00e7\u00e3o na Assembleia Legislativa da Bahia (ALBA), deputado Luciano Ribeiro (DEM), voltou a criticar o Projeto de Lei n\u00ba 22.918, que pretende aumentar de forma abusiva os valores das taxas do Poder Judici\u00e1rio. Em algumas faixas, o aumento chega a 74%. Depois de pedir vistas na vota\u00e7\u00e3o ocorrida semana passada, [&hellip;]<\/p>\n","protected":false},"author":1,"featured_media":11072,"comment_status":"open","ping_status":"open","sticky":false,"template":"","format":"standard","meta":{"om_disable_all_campaigns":false,"_exactmetrics_skip_tracking":false,"_exactmetrics_sitenote_active":false,"_exactmetrics_sitenote_note":"","_exactmetrics_sitenote_category":0,"footnotes":""},"categories":[19],"tags":[],"class_list":["post-11071","post","type-post","status-publish","format-standard","has-post-thumbnail","hentry","category-bahia"],"aioseo_notices":[],"_links":{"self":[{"href":"https:\/\/newsinfoco.com.br\/inicio\/wp-json\/wp\/v2\/posts\/11071","targetHints":{"allow":["GET"]}}],"collection":[{"href":"https:\/\/newsinfoco.com.br\/inicio\/wp-json\/wp\/v2\/posts"}],"about":[{"href":"https:\/\/newsinfoco.com.br\/inicio\/wp-json\/wp\/v2\/types\/post"}],"author":[{"embeddable":true,"href":"https:\/\/newsinfoco.com.br\/inicio\/wp-json\/wp\/v2\/users\/1"}],"replies":[{"embeddable":true,"href":"https:\/\/newsinfoco.com.br\/inicio\/wp-json\/wp\/v2\/comments?post=11071"}],"version-history":[{"count":0,"href":"https:\/\/newsinfoco.com.br\/inicio\/wp-json\/wp\/v2\/posts\/11071\/revisions"}],"wp:featuredmedia":[{"embeddable":true,"href":"https:\/\/newsinfoco.com.br\/inicio\/wp-json\/wp\/v2\/media\/11072"}],"wp:attachment":[{"href":"https:\/\/newsinfoco.com.br\/inicio\/wp-json\/wp\/v2\/media?parent=11071"}],"wp:term":[{"taxonomy":"category","embeddable":true,"href":"https:\/\/newsinfoco.com.br\/inicio\/wp-json\/wp\/v2\/categories?post=11071"},{"taxonomy":"post_tag","embeddable":true,"href":"https:\/\/newsinfoco.com.br\/inicio\/wp-json\/wp\/v2\/tags?post=11071"}],"curies":[{"name":"wp","href":"https:\/\/api.w.org\/{rel}","templated":true}]}}