{"id":11081,"date":"2018-11-07T10:44:16","date_gmt":"2018-11-07T12:44:16","guid":{"rendered":"http:\/\/newsinfoco.com.br\/?p=11081"},"modified":"2018-11-07T10:44:16","modified_gmt":"2018-11-07T12:44:16","slug":"prefeita-interina-de-alagoinhas-prestigia-escritor-baiano-antonio-torres-nomeado-doutor-honoris-causa-da-universidade-estadual-de-feira-de-santana","status":"publish","type":"post","link":"https:\/\/newsinfoco.com.br\/inicio\/prefeita-interina-de-alagoinhas-prestigia-escritor-baiano-antonio-torres-nomeado-doutor-honoris-causa-da-universidade-estadual-de-feira-de-santana\/","title":{"rendered":"Prefeita interina de Alagoinhas prestigia escritor baiano Ant\u00f4nio Torres, nomeado Doutor Honoris Causa da Universidade Estadual de Feira de Santana"},"content":{"rendered":"<p style=\"text-align: justify;\">Em exerc\u00edcio durante a ida do prefeito Joaquim Neto para Portugal, Iraci Gama esteve ontem (5) em Feira de Santana para prestigiar o escritor baiano Ant\u00f4nio Torres, que recebeu o t\u00edtulo de Doutor Honoris Causa da Universidade Estadual de Feira de Santana na solenidade de abertura da 16\u00aa Semana de Letras (SEMALET).<\/p>\n<p style=\"text-align: justify;\">\u201cTendo estudado em Alagoinhas, como declarou no evento, Ant\u00f4nio Torres sempre faz refer\u00eancias \u00e0 nossa cidade. Quando ele foi para a Academia Brasileira de Letras, eu tive a honra de ir ao Rio de Janeiro pessoalmente para assistir a posse. E o que vimos, na noite desta segunda-feira, foi uma universidade do sert\u00e3o homenageando um homem do sert\u00e3o, que \u00e9 Ant\u00f4nio Torres. Nascido no Junco, regi\u00e3o onde \u00e9 hoje S\u00e1tiro Dias, ele vem para Alagoinhas para estudar e \u00e9 dentro dessa rela\u00e7\u00e3o que ele vai descobrindo as possibilidades de express\u00e3o do pensamento pela linguagem escrita, ent\u00e3o \u00e9 um escritor da regi\u00e3o do semi-\u00e1rido que tem uma rela\u00e7\u00e3o profunda com essa terra e n\u00f3s n\u00e3o poder\u00edamos deixar de prestigi\u00e1-lo\u201d, destacou a professora, que comentou tamb\u00e9m sobre a rela\u00e7\u00e3o com a Universidade de Feira de Santana, institui\u00e7\u00e3o em que lecionou na d\u00e9cada de 80, logo ap\u00f3s a conclus\u00e3o do mestrado em Educa\u00e7\u00e3o.<\/p><div class=\"newsi-conteudo_19\" id=\"newsi-641101996\"><a href=\"https:\/\/www.instagram.com\/prefeituraalagoinhas?igsh=YzgzdDJ1bWR3aWI4\" aria-label=\"SAVE_20251006_221555\"><img loading=\"lazy\" decoding=\"async\" src=\"https:\/\/newsinfoco.com.br\/inicio\/wp-content\/uploads\/2025\/10\/SAVE_20251006_221555-rotated.jpg\" alt=\"\"  srcset=\"https:\/\/newsinfoco.com.br\/inicio\/wp-content\/uploads\/2025\/10\/SAVE_20251006_221555-rotated.jpg 1140w, https:\/\/newsinfoco.com.br\/inicio\/wp-content\/uploads\/2025\/10\/SAVE_20251006_221555-300x52.jpg 300w, https:\/\/newsinfoco.com.br\/inicio\/wp-content\/uploads\/2025\/10\/SAVE_20251006_221555-1024x177.jpg 1024w, https:\/\/newsinfoco.com.br\/inicio\/wp-content\/uploads\/2025\/10\/SAVE_20251006_221555-768x133.jpg 768w, https:\/\/newsinfoco.com.br\/inicio\/wp-content\/uploads\/2025\/10\/SAVE_20251006_221555-600x104.jpg 600w, https:\/\/newsinfoco.com.br\/inicio\/wp-content\/uploads\/2025\/10\/SAVE_20251006_221555-696x120.jpg 696w, https:\/\/newsinfoco.com.br\/inicio\/wp-content\/uploads\/2025\/10\/SAVE_20251006_221555-1068x185.jpg 1068w\" sizes=\"(max-width: 1140px) 100vw, 1140px\" width=\"1140\" height=\"197\"   \/><\/a><\/div>\n<p style=\"text-align: justify;\">Nesta segunda-feira, imbu\u00edda pela mem\u00f3ria pessoal das experi\u00eancias com a coordena\u00e7\u00e3o pedag\u00f3gica da UEFS, que assumiu depois de 1982, quando finalizou o mestrado, e trazendo como bagagem a rela\u00e7\u00e3o hist\u00f3rica entre o surgimento da gradua\u00e7\u00e3o de Letras em Alagoinhas e em Feira de Santana, a prefeita interina prestigiou o filho da terra, que ganhou notoriedade mundo afora, e ouviu, do escritor, palavras que dizem sobre a hist\u00f3ria dele, e que ao falar dele revelam tamb\u00e9m sobre a literariedade, a cultura, o semi-\u00e1rido e a forma\u00e7\u00e3o do leitor liter\u00e1rio no interior baiano.<\/p>\n<p style=\"text-align: justify;\">\u201cNo tempo em que vivia no interior, era impens\u00e1vel que um dia eu receberia o t\u00edtulo de doutor em uma universidade\u201d, afirmou Ant\u00f4nio Torres durante o discurso.<\/p>\n<p style=\"text-align: justify;\">No evento, o escritor relembrou a hist\u00f3ria contada pela m\u00e3e, do primeiro contato com as letras, e compartilhou algumas lembran\u00e7as para enfatizar a import\u00e2ncia do processo de aprendizado com as palavras para a forma\u00e7\u00e3o do cidad\u00e3o.<\/p>\n<p style=\"text-align: justify;\">\u201cAh, que saudades eu tenho da escola na qual se aprendia a ler lendo em voz alta\u201d, pontuou, descrevendo a \u201ccorrente r\u00edtmica da linguagem\u201d e a qualidade po\u00e9tica sem a qual \u2013 segundo o escritor \u2013 n\u00e3o se chega \u00e0 literariedade.<\/p>\n<p style=\"text-align: justify;\">Homenageado em Feira de Santana, ocupante da cadeira 23 da Academia Brasileira de Letras e com mais de 15 livros publicados, o escritor deve voltar, ainda este m\u00eas, para o interior da Bahia, onde iniciou os estudos.<\/p>\n<p style=\"text-align: justify;\">De acordo com a professora, em 27 de novembro Ant\u00f4nio Torres estar\u00e1 em Alagoinhas para mais uma homenagem e lan\u00e7a a publica\u00e7\u00e3o \u201cMem\u00f3rias Gamadas\u201d, na I Feira Liter\u00e1ria do munic\u00edpio.<\/p>\n<p style=\"text-align: justify;\">\u201cEstamos muito felizes com a vinda de Ant\u00f4nio Torres. Ser\u00e1 uma linda festa e teremos o membro da Academia Brasileira de Letras sendo homenageado no espa\u00e7o dedicado a um dos fundadores dessa Academia, que foi Ruy Barbosa. N\u00e3o temos d\u00favidas de que ser\u00e1 um grande encontro de literatura\u201d, finalizou Iraci Gama.<\/p>\n<p style=\"text-align: justify;\">A Secretaria de Cultura, Esporte e Turismo de Alagoinhas informou que a programa\u00e7\u00e3o do evento ser\u00e1 aberta ao p\u00fablico.<\/p>\n<h6 style=\"text-align: right;\"><span style=\"color: #999999;\">Secom Alagoinhas<\/span><\/h6>\n<div class='share-to-whatsapp-wrapper'><div class='share-on-whsp'>Share on: <\/div><a data-text='Prefeita interina de Alagoinhas prestigia escritor baiano Ant\u00f4nio Torres, nomeado Doutor Honoris Causa da Universidade Estadual de Feira de Santana' data-link='https:\/\/newsinfoco.com.br\/inicio\/prefeita-interina-de-alagoinhas-prestigia-escritor-baiano-antonio-torres-nomeado-doutor-honoris-causa-da-universidade-estadual-de-feira-de-santana\/' class='whatsapp-button whatsapp-share'>WhatsApp<\/a><div class='clear '><\/div><\/div>","protected":false},"excerpt":{"rendered":"<p>Em exerc\u00edcio durante a ida do prefeito Joaquim Neto para Portugal, Iraci Gama esteve ontem (5) em Feira de Santana para prestigiar o escritor baiano Ant\u00f4nio Torres, que recebeu o t\u00edtulo de Doutor Honoris Causa da Universidade Estadual de Feira de Santana na solenidade de abertura da 16\u00aa Semana de Letras (SEMALET). \u201cTendo estudado em [&hellip;]<\/p>\n","protected":false},"author":1,"featured_media":11082,"comment_status":"open","ping_status":"open","sticky":false,"template":"","format":"standard","meta":{"om_disable_all_campaigns":false,"_exactmetrics_skip_tracking":false,"_exactmetrics_sitenote_active":false,"_exactmetrics_sitenote_note":"","_exactmetrics_sitenote_category":0,"footnotes":""},"categories":[38,30],"tags":[],"class_list":["post-11081","post","type-post","status-publish","format-standard","has-post-thumbnail","hentry","category-alagoinhas-e-regiao","category-destaque"],"aioseo_notices":[],"_links":{"self":[{"href":"https:\/\/newsinfoco.com.br\/inicio\/wp-json\/wp\/v2\/posts\/11081","targetHints":{"allow":["GET"]}}],"collection":[{"href":"https:\/\/newsinfoco.com.br\/inicio\/wp-json\/wp\/v2\/posts"}],"about":[{"href":"https:\/\/newsinfoco.com.br\/inicio\/wp-json\/wp\/v2\/types\/post"}],"author":[{"embeddable":true,"href":"https:\/\/newsinfoco.com.br\/inicio\/wp-json\/wp\/v2\/users\/1"}],"replies":[{"embeddable":true,"href":"https:\/\/newsinfoco.com.br\/inicio\/wp-json\/wp\/v2\/comments?post=11081"}],"version-history":[{"count":0,"href":"https:\/\/newsinfoco.com.br\/inicio\/wp-json\/wp\/v2\/posts\/11081\/revisions"}],"wp:featuredmedia":[{"embeddable":true,"href":"https:\/\/newsinfoco.com.br\/inicio\/wp-json\/wp\/v2\/media\/11082"}],"wp:attachment":[{"href":"https:\/\/newsinfoco.com.br\/inicio\/wp-json\/wp\/v2\/media?parent=11081"}],"wp:term":[{"taxonomy":"category","embeddable":true,"href":"https:\/\/newsinfoco.com.br\/inicio\/wp-json\/wp\/v2\/categories?post=11081"},{"taxonomy":"post_tag","embeddable":true,"href":"https:\/\/newsinfoco.com.br\/inicio\/wp-json\/wp\/v2\/tags?post=11081"}],"curies":[{"name":"wp","href":"https:\/\/api.w.org\/{rel}","templated":true}]}}