{"id":11084,"date":"2018-11-07T10:46:23","date_gmt":"2018-11-07T12:46:23","guid":{"rendered":"http:\/\/newsinfoco.com.br\/?p=11084"},"modified":"2018-11-07T10:46:23","modified_gmt":"2018-11-07T12:46:23","slug":"saae-alagoinhas-lanca-programa-ao-vivo-pelo-facebook","status":"publish","type":"post","link":"https:\/\/newsinfoco.com.br\/inicio\/saae-alagoinhas-lanca-programa-ao-vivo-pelo-facebook\/","title":{"rendered":"SAAE Alagoinhas lan\u00e7a programa ao vivo pelo Facebook"},"content":{"rendered":"<p style=\"text-align: justify;\">O Servi\u00e7o Aut\u00f4nomo de \u00c1gua e Esgoto (SAAE) Alagoinhas inaugurou, nesta ter\u00e7a-feira (06), mais uma ferramenta de comunica\u00e7\u00e3o. A primeira edi\u00e7\u00e3o do \u201cMomento SAAE\u201d, programa transmitido ao vivo no Facebook da autarquia, contou com a presen\u00e7a da diretora geral Maria das Gra\u00e7as Reis, e teve como tema as obras de saneamento e a\u00e7\u00f5es de melhoria para o abastecimento.<\/p>\n<p style=\"text-align: justify;\">\u201cEssa iniciativa tem como objetivo aproximar ainda mais o usu\u00e1rio da gest\u00e3o do SAAE\u201d, explicou a diretora. \u201cSer\u00e1 um espa\u00e7o para que o usu\u00e1rio tenha ainda mais acesso \u00e0 informa\u00e7\u00e3o e sinta \u00e0 vontade para tirar d\u00favidas\u201d.<\/p><div class=\"newsi-conteudo_19\" id=\"newsi-2890209491\"><a href=\"https:\/\/www.instagram.com\/prefeituraalagoinhas?igsh=YzgzdDJ1bWR3aWI4\" aria-label=\"SAVE_20251006_221555\"><img loading=\"lazy\" decoding=\"async\" src=\"https:\/\/newsinfoco.com.br\/inicio\/wp-content\/uploads\/2025\/10\/SAVE_20251006_221555-rotated.jpg\" alt=\"\"  srcset=\"https:\/\/newsinfoco.com.br\/inicio\/wp-content\/uploads\/2025\/10\/SAVE_20251006_221555-rotated.jpg 1140w, https:\/\/newsinfoco.com.br\/inicio\/wp-content\/uploads\/2025\/10\/SAVE_20251006_221555-300x52.jpg 300w, https:\/\/newsinfoco.com.br\/inicio\/wp-content\/uploads\/2025\/10\/SAVE_20251006_221555-1024x177.jpg 1024w, https:\/\/newsinfoco.com.br\/inicio\/wp-content\/uploads\/2025\/10\/SAVE_20251006_221555-768x133.jpg 768w, https:\/\/newsinfoco.com.br\/inicio\/wp-content\/uploads\/2025\/10\/SAVE_20251006_221555-600x104.jpg 600w, https:\/\/newsinfoco.com.br\/inicio\/wp-content\/uploads\/2025\/10\/SAVE_20251006_221555-696x120.jpg 696w, https:\/\/newsinfoco.com.br\/inicio\/wp-content\/uploads\/2025\/10\/SAVE_20251006_221555-1068x185.jpg 1068w\" sizes=\"(max-width: 1140px) 100vw, 1140px\" width=\"1140\" height=\"197\"   \/><\/a><\/div>\n<p style=\"text-align: justify;\">Na ocasi\u00e3o, al\u00e9m de falar sobre o Saneamento Para Todos, sobre o Programa de Acelera\u00e7\u00e3o do Crescimento (PAC 1 e 2), que chegam \u00e0 fase final, a diretora comunicou a aprova\u00e7\u00e3o da autarquia para o Avan\u00e7ar Cidades, projeto que dar\u00e1 continuidade \u00e0s obras de saneamento no ano de 2019.<\/p>\n<p style=\"text-align: justify;\">A previs\u00e3o \u00e9 de que o \u201cMomento SAAE\u201d aconte\u00e7a uma vez por m\u00eas, sempre contando com a participa\u00e7\u00e3o de algum funcion\u00e1rio da autarquia, para tratar de temas que s\u00e3o de interesses da popula\u00e7\u00e3o, como canais de atendimento, como entender sua conta, investimentos futuros.<\/p>\n<p style=\"text-align: justify;\"><em>Al\u00e9m do atendimento presencial no Posto de Atendimento (Rua Moreira Rego,9977, Centro), h\u00e1 o WhatsApp e o Call Center. Pelo aplicativo, basta enviar uma mensagem (75) 981804500; o retorno sempre \u00e9 instant\u00e2neo. Pelo Call Center, \u00e9 s\u00f3 ligar gratuitamente para 0800 702 7065.<\/em><\/p>\n<h6 style=\"text-align: right;\"><span style=\"color: #999999;\">Secom Alagoinhas<\/span><\/h6>\n<div class='share-to-whatsapp-wrapper'><div class='share-on-whsp'>Share on: <\/div><a data-text='SAAE Alagoinhas lan\u00e7a programa ao vivo pelo Facebook' data-link='https:\/\/newsinfoco.com.br\/inicio\/saae-alagoinhas-lanca-programa-ao-vivo-pelo-facebook\/' class='whatsapp-button whatsapp-share'>WhatsApp<\/a><div class='clear '><\/div><\/div>","protected":false},"excerpt":{"rendered":"<p>O Servi\u00e7o Aut\u00f4nomo de \u00c1gua e Esgoto (SAAE) Alagoinhas inaugurou, nesta ter\u00e7a-feira (06), mais uma ferramenta de comunica\u00e7\u00e3o. A primeira edi\u00e7\u00e3o do \u201cMomento SAAE\u201d, programa transmitido ao vivo no Facebook da autarquia, contou com a presen\u00e7a da diretora geral Maria das Gra\u00e7as Reis, e teve como tema as obras de saneamento e a\u00e7\u00f5es de melhoria [&hellip;]<\/p>\n","protected":false},"author":1,"featured_media":11085,"comment_status":"open","ping_status":"open","sticky":false,"template":"","format":"standard","meta":{"om_disable_all_campaigns":false,"_exactmetrics_skip_tracking":false,"_exactmetrics_sitenote_active":false,"_exactmetrics_sitenote_note":"","_exactmetrics_sitenote_category":0,"footnotes":""},"categories":[38,30],"tags":[],"class_list":["post-11084","post","type-post","status-publish","format-standard","has-post-thumbnail","hentry","category-alagoinhas-e-regiao","category-destaque"],"aioseo_notices":[],"_links":{"self":[{"href":"https:\/\/newsinfoco.com.br\/inicio\/wp-json\/wp\/v2\/posts\/11084","targetHints":{"allow":["GET"]}}],"collection":[{"href":"https:\/\/newsinfoco.com.br\/inicio\/wp-json\/wp\/v2\/posts"}],"about":[{"href":"https:\/\/newsinfoco.com.br\/inicio\/wp-json\/wp\/v2\/types\/post"}],"author":[{"embeddable":true,"href":"https:\/\/newsinfoco.com.br\/inicio\/wp-json\/wp\/v2\/users\/1"}],"replies":[{"embeddable":true,"href":"https:\/\/newsinfoco.com.br\/inicio\/wp-json\/wp\/v2\/comments?post=11084"}],"version-history":[{"count":0,"href":"https:\/\/newsinfoco.com.br\/inicio\/wp-json\/wp\/v2\/posts\/11084\/revisions"}],"wp:featuredmedia":[{"embeddable":true,"href":"https:\/\/newsinfoco.com.br\/inicio\/wp-json\/wp\/v2\/media\/11085"}],"wp:attachment":[{"href":"https:\/\/newsinfoco.com.br\/inicio\/wp-json\/wp\/v2\/media?parent=11084"}],"wp:term":[{"taxonomy":"category","embeddable":true,"href":"https:\/\/newsinfoco.com.br\/inicio\/wp-json\/wp\/v2\/categories?post=11084"},{"taxonomy":"post_tag","embeddable":true,"href":"https:\/\/newsinfoco.com.br\/inicio\/wp-json\/wp\/v2\/tags?post=11084"}],"curies":[{"name":"wp","href":"https:\/\/api.w.org\/{rel}","templated":true}]}}