{"id":11087,"date":"2018-11-07T10:48:00","date_gmt":"2018-11-07T12:48:00","guid":{"rendered":"http:\/\/newsinfoco.com.br\/?p=11087"},"modified":"2018-11-07T10:48:00","modified_gmt":"2018-11-07T12:48:00","slug":"prefeitura-de-alagoinhas-participa-do-v-enau-o-maior-encontro-sobre-arboricultura-e-meio-ambiente-do-nordeste","status":"publish","type":"post","link":"https:\/\/newsinfoco.com.br\/inicio\/prefeitura-de-alagoinhas-participa-do-v-enau-o-maior-encontro-sobre-arboricultura-e-meio-ambiente-do-nordeste\/","title":{"rendered":"Prefeitura de Alagoinhas participa do V ENAU, o maior encontro sobre Arboricultura e Meio Ambiente do Nordeste"},"content":{"rendered":"<p style=\"text-align: justify;\">Representando a Prefeitura de Alagoinhas, o secret\u00e1rio municipal de desenvolvimento econ\u00f4mico e meio ambiente, Jos\u00e9 Ed\u00e9sio Cardoso, participa, esta semana, do V Encontro Nordestino de Arboriza\u00e7\u00e3o Urbana (V ENAU), realizado em Caruaru (PE).<\/p>\n<p style=\"text-align: justify;\">O evento, idealizado a partir de uma parceria entre Sociedade Brasileira de Arboriza\u00e7\u00e3o (SBAU), Prefeitura Municipal de Caruaru, Universidade Federal de Pernambuco (UFPE) e Universidade Estadual da Para\u00edba (UEPB), tem como foco debater os caminhos da sustentabilidade e discutir a implementa\u00e7\u00e3o de pol\u00edticas p\u00fablicas voltadas \u00e0 recupera\u00e7\u00e3o de \u00e1reas degradadas e \u00e0 arboricultura, al\u00e9m de conscientizar a popula\u00e7\u00e3o sobre a import\u00e2ncia da preserva\u00e7\u00e3o.<\/p><div class=\"newsi-conteudo_19\" id=\"newsi-1636793128\"><a href=\"https:\/\/www.instagram.com\/prefeituraalagoinhas?igsh=YzgzdDJ1bWR3aWI4\" aria-label=\"SAVE_20251006_221555\"><img loading=\"lazy\" decoding=\"async\" src=\"https:\/\/newsinfoco.com.br\/inicio\/wp-content\/uploads\/2025\/10\/SAVE_20251006_221555-rotated.jpg\" alt=\"\"  srcset=\"https:\/\/newsinfoco.com.br\/inicio\/wp-content\/uploads\/2025\/10\/SAVE_20251006_221555-rotated.jpg 1140w, https:\/\/newsinfoco.com.br\/inicio\/wp-content\/uploads\/2025\/10\/SAVE_20251006_221555-300x52.jpg 300w, https:\/\/newsinfoco.com.br\/inicio\/wp-content\/uploads\/2025\/10\/SAVE_20251006_221555-1024x177.jpg 1024w, https:\/\/newsinfoco.com.br\/inicio\/wp-content\/uploads\/2025\/10\/SAVE_20251006_221555-768x133.jpg 768w, https:\/\/newsinfoco.com.br\/inicio\/wp-content\/uploads\/2025\/10\/SAVE_20251006_221555-600x104.jpg 600w, https:\/\/newsinfoco.com.br\/inicio\/wp-content\/uploads\/2025\/10\/SAVE_20251006_221555-696x120.jpg 696w, https:\/\/newsinfoco.com.br\/inicio\/wp-content\/uploads\/2025\/10\/SAVE_20251006_221555-1068x185.jpg 1068w\" sizes=\"(max-width: 1140px) 100vw, 1140px\" width=\"1140\" height=\"197\"   \/><\/a><\/div>\n<p style=\"text-align: justify;\">\u201cNa segunda-feira, dia 5, tivemos a colabora\u00e7\u00e3o da pesquisadora Maria do Carmo Sanchotene, mestre em Ci\u00eancias Ambientais, e foram abordados os projetos efetivos relacionados \u00e0s quest\u00f5es ambientais no munic\u00edpio de Alagoinhas.<br \/>\nTivemos contato com pesquisadores de todo o Brasil e acompanhamos discuss\u00f5es muito interessantes sobre o potencial de esp\u00e9cies arb\u00f3reas, o cen\u00e1rio das cidades nordestinas nessa \u00e1rea e sobre a\u00e7\u00f5es voltadas ao paisagismo. Nosso munic\u00edpio tamb\u00e9m traz sua contribui\u00e7\u00e3o para o encontro, com a apresenta\u00e7\u00e3o do programa Alagoinhas 3+, e a inten\u00e7\u00e3o \u00e9 justamente compartilhar experi\u00eancias, buscar refer\u00eancias e debater a\u00e7\u00f5es que possam contribuir para o desenvolvimento sustent\u00e1vel e para a melhoria da qualidade de vida do cidad\u00e3o\u201d, destacou Jos\u00e9 Ed\u00e9sio.<\/p>\n<p style=\"text-align: justify;\">Nesta quarta-feira (7), o secret\u00e1rio participa de um painel com modelos exitosos da arboricultura urbana e apresenta o Programa \u201cAlagoinhas 3+: Meio Ambiente, Sa\u00fade e Educa\u00e7\u00e3o\u201d, a partir das 8h, no Centro de Conven\u00e7\u00f5es SENAC Caruaru, onde est\u00e1 sendo realizado o evento.<\/p>\n<p style=\"text-align: justify;\">A programa\u00e7\u00e3o, iniciada no \u00faltimo domingo, com um workshop de escalada em \u00e1rvores, termina nesta quinta-feira, com solenidade prevista para as 12h30.<\/p>\n<p style=\"text-align: justify;\">De acordo com representantes do segmento, V ENAU \u00e9 o maior encontro sobre arboricultura e meio ambiente do nordeste e re\u00fane especialistas do cen\u00e1rio nacional e internacional para levantar debates que gerem resultados efetivos de aplica\u00e7\u00e3o nos munic\u00edpios.<\/p>\n<p style=\"text-align: justify;\">Al\u00e9m de pain\u00e9is, palestras e workshops, o V ENAU conta tamb\u00e9m com minicursos e mesas redondas.<\/p>\n<p style=\"text-align: justify;\">A Secretaria de Desenvolvimento Econ\u00f4mico e Meio Ambiente de Alagoinhas informou que a participa\u00e7\u00e3o em encontros, semin\u00e1rios e atividades formativas n\u00e3o apenas agrega conhecimento como permite a cria\u00e7\u00e3o de novas conex\u00f5es e redes de compartilhamento que contribuem de maneira efetiva para o planejamento de novas iniciativas.<\/p>\n<h6 style=\"text-align: right;\"><span style=\"color: #999999;\">Secom Alagoinhas<\/span><\/h6>\n<div class='share-to-whatsapp-wrapper'><div class='share-on-whsp'>Share on: <\/div><a data-text='Prefeitura de Alagoinhas participa do V ENAU, o maior encontro sobre Arboricultura e Meio Ambiente do Nordeste' data-link='https:\/\/newsinfoco.com.br\/inicio\/prefeitura-de-alagoinhas-participa-do-v-enau-o-maior-encontro-sobre-arboricultura-e-meio-ambiente-do-nordeste\/' class='whatsapp-button whatsapp-share'>WhatsApp<\/a><div class='clear '><\/div><\/div>","protected":false},"excerpt":{"rendered":"<p>Representando a Prefeitura de Alagoinhas, o secret\u00e1rio municipal de desenvolvimento econ\u00f4mico e meio ambiente, Jos\u00e9 Ed\u00e9sio Cardoso, participa, esta semana, do V Encontro Nordestino de Arboriza\u00e7\u00e3o Urbana (V ENAU), realizado em Caruaru (PE). O evento, idealizado a partir de uma parceria entre Sociedade Brasileira de Arboriza\u00e7\u00e3o (SBAU), Prefeitura Municipal de Caruaru, Universidade Federal de Pernambuco [&hellip;]<\/p>\n","protected":false},"author":1,"featured_media":11088,"comment_status":"open","ping_status":"open","sticky":false,"template":"","format":"standard","meta":{"om_disable_all_campaigns":false,"_exactmetrics_skip_tracking":false,"_exactmetrics_sitenote_active":false,"_exactmetrics_sitenote_note":"","_exactmetrics_sitenote_category":0,"footnotes":""},"categories":[38,30],"tags":[],"class_list":["post-11087","post","type-post","status-publish","format-standard","has-post-thumbnail","hentry","category-alagoinhas-e-regiao","category-destaque"],"aioseo_notices":[],"_links":{"self":[{"href":"https:\/\/newsinfoco.com.br\/inicio\/wp-json\/wp\/v2\/posts\/11087","targetHints":{"allow":["GET"]}}],"collection":[{"href":"https:\/\/newsinfoco.com.br\/inicio\/wp-json\/wp\/v2\/posts"}],"about":[{"href":"https:\/\/newsinfoco.com.br\/inicio\/wp-json\/wp\/v2\/types\/post"}],"author":[{"embeddable":true,"href":"https:\/\/newsinfoco.com.br\/inicio\/wp-json\/wp\/v2\/users\/1"}],"replies":[{"embeddable":true,"href":"https:\/\/newsinfoco.com.br\/inicio\/wp-json\/wp\/v2\/comments?post=11087"}],"version-history":[{"count":0,"href":"https:\/\/newsinfoco.com.br\/inicio\/wp-json\/wp\/v2\/posts\/11087\/revisions"}],"wp:featuredmedia":[{"embeddable":true,"href":"https:\/\/newsinfoco.com.br\/inicio\/wp-json\/wp\/v2\/media\/11088"}],"wp:attachment":[{"href":"https:\/\/newsinfoco.com.br\/inicio\/wp-json\/wp\/v2\/media?parent=11087"}],"wp:term":[{"taxonomy":"category","embeddable":true,"href":"https:\/\/newsinfoco.com.br\/inicio\/wp-json\/wp\/v2\/categories?post=11087"},{"taxonomy":"post_tag","embeddable":true,"href":"https:\/\/newsinfoco.com.br\/inicio\/wp-json\/wp\/v2\/tags?post=11087"}],"curies":[{"name":"wp","href":"https:\/\/api.w.org\/{rel}","templated":true}]}}