{"id":1109,"date":"2018-03-13T17:03:55","date_gmt":"2018-03-13T20:03:55","guid":{"rendered":"http:\/\/newsinfoco.com.br\/?p=1109"},"modified":"2018-03-13T17:03:55","modified_gmt":"2018-03-13T20:03:55","slug":"internet-para-todos-prefeito-assina-termo-para-democratizar-o-acesso-a-internet-gratuita-em-alagoinhas","status":"publish","type":"post","link":"https:\/\/newsinfoco.com.br\/inicio\/internet-para-todos-prefeito-assina-termo-para-democratizar-o-acesso-a-internet-gratuita-em-alagoinhas\/","title":{"rendered":"Internet para Todos: Prefeito assina termo para democratizar o acesso \u00e0 internet gratuita em Alagoinhas"},"content":{"rendered":"<p style=\"text-align: justify;\"><span style=\"color: #000000;\">O prefeito Joaquim Neto assinou ontem (12), em Bras\u00edlia, com o Minist\u00e9rio da Ci\u00eancia, Tecnologia, Inova\u00e7\u00f5es e Comunica\u00e7\u00f5es (MCTIC), o termo que vai democratizar o acesso \u00e0 internet gratuita em diferentes pontos de Alagoinhas.<\/span><\/p>\n<p style=\"text-align: justify;\"><span style=\"color: #000000;\">O documento faz parte do programa\u00a0<em>Internet para Todos<\/em>, uma amplia\u00e7\u00e3o do GESAC (Programa Governo Eletr\u00f4nico \u2013 Servi\u00e7o de Atendimento ao Cidad\u00e3o), que tem como objetivo proporcionar conex\u00e3o de qualidade \u00e0s escolas, hospitais, postos de sa\u00fade, postos de fronteira, aldeias ind\u00edgenas e \u00e1reas remotas que n\u00e3o t\u00eam outro meio de serem inseridas no mundo das tecnologias da informa\u00e7\u00e3o e comunica\u00e7\u00e3o.<\/span><\/p><div class=\"newsi-conteudo_19\" id=\"newsi-709374584\"><a href=\"https:\/\/www.instagram.com\/prefeituraalagoinhas?igsh=YzgzdDJ1bWR3aWI4\" aria-label=\"SAVE_20251006_221555\"><img loading=\"lazy\" decoding=\"async\" src=\"https:\/\/newsinfoco.com.br\/inicio\/wp-content\/uploads\/2025\/10\/SAVE_20251006_221555-rotated.jpg\" alt=\"\"  srcset=\"https:\/\/newsinfoco.com.br\/inicio\/wp-content\/uploads\/2025\/10\/SAVE_20251006_221555-rotated.jpg 1140w, https:\/\/newsinfoco.com.br\/inicio\/wp-content\/uploads\/2025\/10\/SAVE_20251006_221555-300x52.jpg 300w, https:\/\/newsinfoco.com.br\/inicio\/wp-content\/uploads\/2025\/10\/SAVE_20251006_221555-1024x177.jpg 1024w, https:\/\/newsinfoco.com.br\/inicio\/wp-content\/uploads\/2025\/10\/SAVE_20251006_221555-768x133.jpg 768w, https:\/\/newsinfoco.com.br\/inicio\/wp-content\/uploads\/2025\/10\/SAVE_20251006_221555-600x104.jpg 600w, https:\/\/newsinfoco.com.br\/inicio\/wp-content\/uploads\/2025\/10\/SAVE_20251006_221555-696x120.jpg 696w, https:\/\/newsinfoco.com.br\/inicio\/wp-content\/uploads\/2025\/10\/SAVE_20251006_221555-1068x185.jpg 1068w\" sizes=\"(max-width: 1140px) 100vw, 1140px\" width=\"1140\" height=\"197\"   \/><\/a><\/div>\n<p style=\"text-align: justify;\"><span style=\"color: #000000;\">Para participar do programa, o prefeito Joaquim Neto precisou firmar um termo de ades\u00e3o com o MCTIC, garantindo a infraestrutura b\u00e1sica para instala\u00e7\u00e3o dos equipamentos de conex\u00e3o.<\/span><\/p>\n<p style=\"text-align: justify;\"><span style=\"color: #000000;\">\u201cEst\u00e1 assinado mais um conv\u00eanio para Alagoinhas. Dessa vez, \u00e9 o programa Internet para Todos, que vai resolver os problemas principalmente para quem mora longe da cidade. Foi um compromisso meu de campanha colocar internet gratuita nas escolas, nas pra\u00e7as dos povoados e nos postos de sa\u00fade. A conex\u00e3o vai ter o di\u00e2metro de 1,5km a partir da antena. Vai ficar muito bom e n\u00f3s vamos colocar inicialmente, at\u00e9 esse ano ainda, em 30 comunidades\u201d, garantiu o gestor.<\/span><\/p>\n<p style=\"text-align: justify;\"><span style=\"color: #000000;\">A banda larga do programa vir\u00e1 do Sat\u00e9lite Geoestacion\u00e1rio de Defesa e Comunica\u00e7\u00f5es Estrat\u00e9gicas (SGDC), que recebeu R$ 3 bilh\u00f5es em investimentos do governo federal. Em \u00f3rbita desde maio de 2017, o sat\u00e9lite possui uma banda Ka, que ser\u00e1 usada para ampliar o acesso \u00e0 internet por meio de conv\u00eanios com as prefeituras e os minist\u00e9rios da Sa\u00fade e da Educa\u00e7\u00e3o.<\/span><\/p>\n<p style=\"text-align: justify;\"><span style=\"color: #000000;\">Confira as localidades indicadas pelo munic\u00edpio:<\/span><br \/>\n<span style=\"color: #000000;\">BURI<\/span><br \/>\n<span style=\"color: #000000;\">CALU<\/span><br \/>\n<span style=\"color: #000000;\">CAMBOATA DE FORA<\/span><br \/>\n<span style=\"color: #000000;\">CANGULA<\/span><br \/>\n<span style=\"color: #000000;\">CONCEICAO DE BAIXO<\/span><br \/>\n<span style=\"color: #000000;\">CONCEI\u00c7\u00c3O DE CIMA<\/span><br \/>\n<span style=\"color: #000000;\">ENCANTADO<\/span><br \/>\n<span style=\"color: #000000;\">FAZENDA<\/span><br \/>\n<span style=\"color: #000000;\">GAMELEIRA<\/span><br \/>\n<span style=\"color: #000000;\">KM 18<\/span><br \/>\n<span style=\"color: #000000;\">KM 19<\/span><br \/>\n<span style=\"color: #000000;\">LIMOEIRO<\/span><br \/>\n<span style=\"color: #000000;\">MACAQUINHO<\/span><br \/>\n<span style=\"color: #000000;\">MANGUEIRAS<\/span><br \/>\n<span style=\"color: #000000;\">MILAGRES<\/span><br \/>\n<span style=\"color: #000000;\">OUTEIRO<\/span><br \/>\n<span style=\"color: #000000;\">PAPAGAIO<\/span><br \/>\n<span style=\"color: #000000;\">PEDRA DE BAIXO<\/span><br \/>\n<span style=\"color: #000000;\">PONTO DO BEIJU<\/span><br \/>\n<span style=\"color: #000000;\">QUINZAMBU<\/span><br \/>\n<span style=\"color: #000000;\">RIACHO DO MEL<\/span><br \/>\n<span style=\"color: #000000;\">RIO BRANCO<\/span><br \/>\n<span style=\"color: #000000;\">SAUIPE<\/span><br \/>\n<span style=\"color: #000000;\">SUCUPIRA I<\/span><br \/>\n<span style=\"color: #000000;\">SUCUPIRA II<\/span><br \/>\n<span style=\"color: #000000;\">TOMBADOR<\/span><br \/>\n<span style=\"color: #000000;\">TUCUM<\/span><br \/>\n<span style=\"color: #000000;\">BOA UNI\u00c3O<\/span><br \/>\n<span style=\"color: #000000;\">FAZENDA CALU<\/span><br \/>\n<span style=\"color: #000000;\">ESTEV\u00c3O<\/span><br \/>\n<span style=\"color: #000000;\">RIACHO DA GUIA<\/span><br \/>\n<span style=\"color: #000000;\">FAZENDA ESPUMA<\/span><br \/>\n<span style=\"color: #000000;\">NARANDIBA<\/span><br \/>\n<span style=\"color: #000000;\">FAZENDA PORT\u00d5ES<\/span><br \/>\n<span style=\"color: #000000;\">FAZENDA<\/span><br \/>\n<span style=\"color: #000000;\">JENIPAPO<\/span><br \/>\n<span style=\"color: #000000;\">FAZENDA<\/span><br \/>\n<span style=\"color: #000000;\">ENCANTADO<\/span><br \/>\n<span style=\"color: #000000;\">FAZENDA<\/span><br \/>\n<span style=\"color: #000000;\">CATUZINHO<\/span><\/p>\n<p>&nbsp;<\/p>\n<p>&nbsp;<\/p>\n<p><img decoding=\"async\" src=\"https:\/\/www.alagoinhas.ba.gov.br\/wp-content\/uploads\/2018\/03\/InternetparaTodos.jpeg\" \/><\/p>\n<h6 style=\"text-align: right;\"><span style=\"color: #999999;\">Fonte: SECOM MCTIC Prefeitura<\/span><\/h6>\n<div class='share-to-whatsapp-wrapper'><div class='share-on-whsp'>Share on: <\/div><a data-text='Internet para Todos: Prefeito assina termo para democratizar o acesso \u00e0 internet gratuita em Alagoinhas' data-link='https:\/\/newsinfoco.com.br\/inicio\/internet-para-todos-prefeito-assina-termo-para-democratizar-o-acesso-a-internet-gratuita-em-alagoinhas\/' class='whatsapp-button whatsapp-share'>WhatsApp<\/a><div class='clear '><\/div><\/div>","protected":false},"excerpt":{"rendered":"<p>O prefeito Joaquim Neto assinou ontem (12), em Bras\u00edlia, com o Minist\u00e9rio da Ci\u00eancia, Tecnologia, Inova\u00e7\u00f5es e Comunica\u00e7\u00f5es (MCTIC), o termo que vai democratizar o acesso \u00e0 internet gratuita em diferentes pontos de Alagoinhas. O documento faz parte do programa\u00a0Internet para Todos, uma amplia\u00e7\u00e3o do GESAC (Programa Governo Eletr\u00f4nico \u2013 Servi\u00e7o de Atendimento ao Cidad\u00e3o), [&hellip;]<\/p>\n","protected":false},"author":1,"featured_media":1110,"comment_status":"open","ping_status":"open","sticky":false,"template":"","format":"standard","meta":{"om_disable_all_campaigns":false,"_exactmetrics_skip_tracking":false,"_exactmetrics_sitenote_active":false,"_exactmetrics_sitenote_note":"","_exactmetrics_sitenote_category":0,"footnotes":""},"categories":[38,30],"tags":[53,72,54],"class_list":["post-1109","post","type-post","status-publish","format-standard","has-post-thumbnail","hentry","category-alagoinhas-e-regiao","category-destaque","tag-alagoinhas","tag-mctic","tag-prefeitura"],"aioseo_notices":[],"_links":{"self":[{"href":"https:\/\/newsinfoco.com.br\/inicio\/wp-json\/wp\/v2\/posts\/1109","targetHints":{"allow":["GET"]}}],"collection":[{"href":"https:\/\/newsinfoco.com.br\/inicio\/wp-json\/wp\/v2\/posts"}],"about":[{"href":"https:\/\/newsinfoco.com.br\/inicio\/wp-json\/wp\/v2\/types\/post"}],"author":[{"embeddable":true,"href":"https:\/\/newsinfoco.com.br\/inicio\/wp-json\/wp\/v2\/users\/1"}],"replies":[{"embeddable":true,"href":"https:\/\/newsinfoco.com.br\/inicio\/wp-json\/wp\/v2\/comments?post=1109"}],"version-history":[{"count":0,"href":"https:\/\/newsinfoco.com.br\/inicio\/wp-json\/wp\/v2\/posts\/1109\/revisions"}],"wp:featuredmedia":[{"embeddable":true,"href":"https:\/\/newsinfoco.com.br\/inicio\/wp-json\/wp\/v2\/media\/1110"}],"wp:attachment":[{"href":"https:\/\/newsinfoco.com.br\/inicio\/wp-json\/wp\/v2\/media?parent=1109"}],"wp:term":[{"taxonomy":"category","embeddable":true,"href":"https:\/\/newsinfoco.com.br\/inicio\/wp-json\/wp\/v2\/categories?post=1109"},{"taxonomy":"post_tag","embeddable":true,"href":"https:\/\/newsinfoco.com.br\/inicio\/wp-json\/wp\/v2\/tags?post=1109"}],"curies":[{"name":"wp","href":"https:\/\/api.w.org\/{rel}","templated":true}]}}