{"id":11090,"date":"2018-11-07T10:49:32","date_gmt":"2018-11-07T12:49:32","guid":{"rendered":"http:\/\/newsinfoco.com.br\/?p=11090"},"modified":"2018-11-07T10:49:32","modified_gmt":"2018-11-07T12:49:32","slug":"apos-sucessivos-golpes-de-terceirizadas-funcionarios-da-prefeitura-de-alagoinhas-tem-as-verbas-rescisorias-quitadas","status":"publish","type":"post","link":"https:\/\/newsinfoco.com.br\/inicio\/apos-sucessivos-golpes-de-terceirizadas-funcionarios-da-prefeitura-de-alagoinhas-tem-as-verbas-rescisorias-quitadas\/","title":{"rendered":"Ap\u00f3s sucessivos golpes de terceirizadas, funcion\u00e1rios da prefeitura de Alagoinhas t\u00eam as verbas rescis\u00f3rias quitadas"},"content":{"rendered":"<p style=\"text-align: justify;\">A Terceiriza\u00e7\u00e3o \u00e9 a t\u00e9cnica de contratar servi\u00e7os, que est\u00e1 presente nos segmentos tanto da esfera privada ou p\u00fablica, e consiste na possibilidade de contratar terceiros para a realiza\u00e7\u00e3o de atividades que n\u00e3o constituem o objeto principal da empresas a exemplo dos servi\u00e7os de limpeza e de vigil\u00e2ncia.<\/p>\n<p style=\"text-align: justify;\">Com esta modalidade de contrata\u00e7\u00e3o, a administra\u00e7\u00e3o p\u00fablica visa, tamb\u00e9m, a aplica\u00e7\u00e3o de forma racional dos recursos, de forma que os resultados coincidam com os interesse, no entanto, \u00e9 muito comum funcion\u00e1rios que trabalham em empresas terceirizadas n\u00e3o receberem seus direitos trabalhistas.<\/p><div class=\"newsi-conteudo_19\" id=\"newsi-88901374\"><a href=\"https:\/\/www.instagram.com\/prefeituraalagoinhas?igsh=YzgzdDJ1bWR3aWI4\" aria-label=\"SAVE_20251006_221555\"><img loading=\"lazy\" decoding=\"async\" src=\"https:\/\/newsinfoco.com.br\/inicio\/wp-content\/uploads\/2025\/10\/SAVE_20251006_221555-rotated.jpg\" alt=\"\"  srcset=\"https:\/\/newsinfoco.com.br\/inicio\/wp-content\/uploads\/2025\/10\/SAVE_20251006_221555-rotated.jpg 1140w, https:\/\/newsinfoco.com.br\/inicio\/wp-content\/uploads\/2025\/10\/SAVE_20251006_221555-300x52.jpg 300w, https:\/\/newsinfoco.com.br\/inicio\/wp-content\/uploads\/2025\/10\/SAVE_20251006_221555-1024x177.jpg 1024w, https:\/\/newsinfoco.com.br\/inicio\/wp-content\/uploads\/2025\/10\/SAVE_20251006_221555-768x133.jpg 768w, https:\/\/newsinfoco.com.br\/inicio\/wp-content\/uploads\/2025\/10\/SAVE_20251006_221555-600x104.jpg 600w, https:\/\/newsinfoco.com.br\/inicio\/wp-content\/uploads\/2025\/10\/SAVE_20251006_221555-696x120.jpg 696w, https:\/\/newsinfoco.com.br\/inicio\/wp-content\/uploads\/2025\/10\/SAVE_20251006_221555-1068x185.jpg 1068w\" sizes=\"(max-width: 1140px) 100vw, 1140px\" width=\"1140\" height=\"197\"   \/><\/a><\/div>\n<p style=\"text-align: justify;\">Em Alagoinhas, esses casos t\u00eam sido recorrentes ao longo dos anos, com o desrespeito sistem\u00e1tico aos direitos trabalhistas de milhares de colaboradores contratados por meio deste regime : atrasos de sal\u00e1rios, do 13\u00ba, das f\u00e9rias n\u00e3o pagamento das verbas rescis\u00f3rias do Fundo de Garantia do Tempo de Servi\u00e7o (FGTS). \u201cEssas empresas atrasam pagamentos dos direitos, n\u00e3o recolhem os encargos sociais como o previdenci\u00e1rio (INSS), FGTS, e perto do fim do contrato, simplesmente desaparecem sem honrar os contratos\u201d, comenta Edivaldo Rocha, coordenador do Sindicato dos Trabalhadores em Limpeza de Alagoinhas (Sindlimp-Agreste).\u201dTivemos esse tipo de problemas com diversas empresas a exemplo da Laserv, da F\u00e1cil, e da Qualiserv\u201d, acrescenta o coordenador.<\/p>\n<p style=\"text-align: justify;\">A boa not\u00edcia \u00e9 que no dia 20 de outubro deste ano, a Rod Transporte e Servi\u00e7os EIRELI rompeu o ciclo de \u201ccalotes\u201d, realizando o pagamento de todas as verbas rescis\u00f3rias aos seus 430 funcion\u00e1rios. A empresa, que foi contratada em car\u00e1ter emergencial, ser\u00e1 substitu\u00edda pela MAP Sistemas de Servi\u00e7os LTDA .De acordo com Edvaldo Rocha, as homologa\u00e7\u00f5es das rescis\u00f5es contratuais ser\u00e3o iniciadas j\u00e1 nesta quarta-feira (07).<\/p>\n<p style=\"text-align: justify;\">\u201cO munic\u00edpio tem o dever de fiscalizar e acompanhar o cumprimento dos compromissos com os funcion\u00e1rios destas empresas e em Alagoinhas, elas sempre foram um grande problema, gerando muito preju\u00edzos para a economia do munic\u00edpio. A quita\u00e7\u00e3o desses pagamentos, sem d\u00favida, \u00e9 uma grande vit\u00f3ria\u201d, destacou o prefeito Joaquim Neto.<\/p>\n<h6 style=\"text-align: right;\"><span style=\"color: #999999;\">Secom Alagoinhas<\/span><\/h6>\n<div class='share-to-whatsapp-wrapper'><div class='share-on-whsp'>Share on: <\/div><a data-text='Ap\u00f3s sucessivos golpes de terceirizadas, funcion\u00e1rios da prefeitura de Alagoinhas t\u00eam as verbas rescis\u00f3rias quitadas' data-link='https:\/\/newsinfoco.com.br\/inicio\/apos-sucessivos-golpes-de-terceirizadas-funcionarios-da-prefeitura-de-alagoinhas-tem-as-verbas-rescisorias-quitadas\/' class='whatsapp-button whatsapp-share'>WhatsApp<\/a><div class='clear '><\/div><\/div>","protected":false},"excerpt":{"rendered":"<p>A Terceiriza\u00e7\u00e3o \u00e9 a t\u00e9cnica de contratar servi\u00e7os, que est\u00e1 presente nos segmentos tanto da esfera privada ou p\u00fablica, e consiste na possibilidade de contratar terceiros para a realiza\u00e7\u00e3o de atividades que n\u00e3o constituem o objeto principal da empresas a exemplo dos servi\u00e7os de limpeza e de vigil\u00e2ncia. Com esta modalidade de contrata\u00e7\u00e3o, a administra\u00e7\u00e3o [&hellip;]<\/p>\n","protected":false},"author":1,"featured_media":10659,"comment_status":"open","ping_status":"open","sticky":false,"template":"","format":"standard","meta":{"om_disable_all_campaigns":false,"_exactmetrics_skip_tracking":false,"_exactmetrics_sitenote_active":false,"_exactmetrics_sitenote_note":"","_exactmetrics_sitenote_category":0,"footnotes":""},"categories":[38,30],"tags":[],"class_list":["post-11090","post","type-post","status-publish","format-standard","has-post-thumbnail","hentry","category-alagoinhas-e-regiao","category-destaque"],"aioseo_notices":[],"_links":{"self":[{"href":"https:\/\/newsinfoco.com.br\/inicio\/wp-json\/wp\/v2\/posts\/11090","targetHints":{"allow":["GET"]}}],"collection":[{"href":"https:\/\/newsinfoco.com.br\/inicio\/wp-json\/wp\/v2\/posts"}],"about":[{"href":"https:\/\/newsinfoco.com.br\/inicio\/wp-json\/wp\/v2\/types\/post"}],"author":[{"embeddable":true,"href":"https:\/\/newsinfoco.com.br\/inicio\/wp-json\/wp\/v2\/users\/1"}],"replies":[{"embeddable":true,"href":"https:\/\/newsinfoco.com.br\/inicio\/wp-json\/wp\/v2\/comments?post=11090"}],"version-history":[{"count":0,"href":"https:\/\/newsinfoco.com.br\/inicio\/wp-json\/wp\/v2\/posts\/11090\/revisions"}],"wp:featuredmedia":[{"embeddable":true,"href":"https:\/\/newsinfoco.com.br\/inicio\/wp-json\/wp\/v2\/media\/10659"}],"wp:attachment":[{"href":"https:\/\/newsinfoco.com.br\/inicio\/wp-json\/wp\/v2\/media?parent=11090"}],"wp:term":[{"taxonomy":"category","embeddable":true,"href":"https:\/\/newsinfoco.com.br\/inicio\/wp-json\/wp\/v2\/categories?post=11090"},{"taxonomy":"post_tag","embeddable":true,"href":"https:\/\/newsinfoco.com.br\/inicio\/wp-json\/wp\/v2\/tags?post=11090"}],"curies":[{"name":"wp","href":"https:\/\/api.w.org\/{rel}","templated":true}]}}