{"id":11092,"date":"2018-11-07T10:50:48","date_gmt":"2018-11-07T12:50:48","guid":{"rendered":"http:\/\/newsinfoco.com.br\/?p=11092"},"modified":"2018-11-07T10:50:48","modified_gmt":"2018-11-07T12:50:48","slug":"prefeitura-de-alagoinhas-avanca-na-gestao-de-residuos-solidos","status":"publish","type":"post","link":"https:\/\/newsinfoco.com.br\/inicio\/prefeitura-de-alagoinhas-avanca-na-gestao-de-residuos-solidos\/","title":{"rendered":"Prefeitura de Alagoinhas avan\u00e7a na gest\u00e3o de res\u00edduos s\u00f3lidos"},"content":{"rendered":"<p style=\"text-align: justify;\">Alagoinhas segue contabilizando melhorias na presta\u00e7\u00e3o dos servi\u00e7os p\u00fablicos municipais e dentre eles se destacam as medidas adotadas pela prefeitura na busca pela gest\u00e3o eficiente de res\u00edduos s\u00f3lidos. A cidade, que antes n\u00e3o contava com quaisquer pol\u00edticas de incentivo \u00e0 reciclagem, em menos de dois anos j\u00e1 encaminhou diversos processos que garantem \u00e0 popula\u00e7\u00e3o o acesso \u00e0 coleta seletiva e a destina\u00e7\u00e3o correta dos res\u00edduos s\u00f3lidos urbanos, atendendo ao que determina a Pol\u00edtica Nacional de Res\u00edduos S\u00f3lidos (PNRS) \u2013 Lei Federal 12.305\/2010.<\/p>\n<p style=\"text-align: justify;\">Para que a coleta seletiva no munic\u00edpio se torne uma realidade, por meio de uma a\u00e7\u00e3o conjunta envolvendo a Secretaria de Servi\u00e7os P\u00fablicos (SESEP), Secretaria de Desenvolvimento e Meio Ambiente (SEDEA), Secretaria de Administra\u00e7\u00e3o (SEMAD), Procuradoria Geral do Munic\u00edpio(PROJU), Secretaria de Assist\u00eancia Social (SEMAS) e Controladoria Geral do Munic\u00edpio(COGER), a prefeitura j\u00e1 tem adiantadas, dentre outras medidas, as tramita\u00e7\u00f5es burocr\u00e1ticas para a aquisi\u00e7\u00e3o de cestos de coleta seletiva, cont\u00eaineres de lixo e parcerias com cooperativas. Os cestos ser\u00e3o distribu\u00eddos nas escolas da rede municipal e em todos os \u00f3rg\u00e3os p\u00fablicos municipais e os cont\u00eaineres ser\u00e3o utilizados para promo\u00e7\u00e3o da coleta seletiva nos bairros.<\/p><div class=\"newsi-conteudo_19\" id=\"newsi-3249051584\"><a href=\"https:\/\/www.instagram.com\/prefeituraalagoinhas?igsh=YzgzdDJ1bWR3aWI4\" aria-label=\"SAVE_20251006_221555\"><img loading=\"lazy\" decoding=\"async\" src=\"https:\/\/newsinfoco.com.br\/inicio\/wp-content\/uploads\/2025\/10\/SAVE_20251006_221555-rotated.jpg\" alt=\"\"  srcset=\"https:\/\/newsinfoco.com.br\/inicio\/wp-content\/uploads\/2025\/10\/SAVE_20251006_221555-rotated.jpg 1140w, https:\/\/newsinfoco.com.br\/inicio\/wp-content\/uploads\/2025\/10\/SAVE_20251006_221555-300x52.jpg 300w, https:\/\/newsinfoco.com.br\/inicio\/wp-content\/uploads\/2025\/10\/SAVE_20251006_221555-1024x177.jpg 1024w, https:\/\/newsinfoco.com.br\/inicio\/wp-content\/uploads\/2025\/10\/SAVE_20251006_221555-768x133.jpg 768w, https:\/\/newsinfoco.com.br\/inicio\/wp-content\/uploads\/2025\/10\/SAVE_20251006_221555-600x104.jpg 600w, https:\/\/newsinfoco.com.br\/inicio\/wp-content\/uploads\/2025\/10\/SAVE_20251006_221555-696x120.jpg 696w, https:\/\/newsinfoco.com.br\/inicio\/wp-content\/uploads\/2025\/10\/SAVE_20251006_221555-1068x185.jpg 1068w\" sizes=\"(max-width: 1140px) 100vw, 1140px\" width=\"1140\" height=\"197\"   \/><\/a><\/div>\n<h6 style=\"text-align: right;\"><span style=\"color: #999999;\">Secom Alagoinhas<\/span><\/h6>\n<div class='share-to-whatsapp-wrapper'><div class='share-on-whsp'>Share on: <\/div><a data-text='Prefeitura de Alagoinhas avan\u00e7a na gest\u00e3o de res\u00edduos s\u00f3lidos' data-link='https:\/\/newsinfoco.com.br\/inicio\/prefeitura-de-alagoinhas-avanca-na-gestao-de-residuos-solidos\/' class='whatsapp-button whatsapp-share'>WhatsApp<\/a><div class='clear '><\/div><\/div>","protected":false},"excerpt":{"rendered":"<p>Alagoinhas segue contabilizando melhorias na presta\u00e7\u00e3o dos servi\u00e7os p\u00fablicos municipais e dentre eles se destacam as medidas adotadas pela prefeitura na busca pela gest\u00e3o eficiente de res\u00edduos s\u00f3lidos. A cidade, que antes n\u00e3o contava com quaisquer pol\u00edticas de incentivo \u00e0 reciclagem, em menos de dois anos j\u00e1 encaminhou diversos processos que garantem \u00e0 popula\u00e7\u00e3o o [&hellip;]<\/p>\n","protected":false},"author":1,"featured_media":11093,"comment_status":"open","ping_status":"open","sticky":false,"template":"","format":"standard","meta":{"om_disable_all_campaigns":false,"_exactmetrics_skip_tracking":false,"_exactmetrics_sitenote_active":false,"_exactmetrics_sitenote_note":"","_exactmetrics_sitenote_category":0,"footnotes":""},"categories":[38,30],"tags":[],"class_list":["post-11092","post","type-post","status-publish","format-standard","has-post-thumbnail","hentry","category-alagoinhas-e-regiao","category-destaque"],"aioseo_notices":[],"_links":{"self":[{"href":"https:\/\/newsinfoco.com.br\/inicio\/wp-json\/wp\/v2\/posts\/11092","targetHints":{"allow":["GET"]}}],"collection":[{"href":"https:\/\/newsinfoco.com.br\/inicio\/wp-json\/wp\/v2\/posts"}],"about":[{"href":"https:\/\/newsinfoco.com.br\/inicio\/wp-json\/wp\/v2\/types\/post"}],"author":[{"embeddable":true,"href":"https:\/\/newsinfoco.com.br\/inicio\/wp-json\/wp\/v2\/users\/1"}],"replies":[{"embeddable":true,"href":"https:\/\/newsinfoco.com.br\/inicio\/wp-json\/wp\/v2\/comments?post=11092"}],"version-history":[{"count":0,"href":"https:\/\/newsinfoco.com.br\/inicio\/wp-json\/wp\/v2\/posts\/11092\/revisions"}],"wp:featuredmedia":[{"embeddable":true,"href":"https:\/\/newsinfoco.com.br\/inicio\/wp-json\/wp\/v2\/media\/11093"}],"wp:attachment":[{"href":"https:\/\/newsinfoco.com.br\/inicio\/wp-json\/wp\/v2\/media?parent=11092"}],"wp:term":[{"taxonomy":"category","embeddable":true,"href":"https:\/\/newsinfoco.com.br\/inicio\/wp-json\/wp\/v2\/categories?post=11092"},{"taxonomy":"post_tag","embeddable":true,"href":"https:\/\/newsinfoco.com.br\/inicio\/wp-json\/wp\/v2\/tags?post=11092"}],"curies":[{"name":"wp","href":"https:\/\/api.w.org\/{rel}","templated":true}]}}