{"id":11095,"date":"2018-11-07T14:57:00","date_gmt":"2018-11-07T16:57:00","guid":{"rendered":"http:\/\/newsinfoco.com.br\/?p=11095"},"modified":"2018-11-07T14:57:00","modified_gmt":"2018-11-07T16:57:00","slug":"bolsonaro-diz-que-vai-incorporar-ministerio-do-trabalho-a-outra-pasta","status":"publish","type":"post","link":"https:\/\/newsinfoco.com.br\/inicio\/bolsonaro-diz-que-vai-incorporar-ministerio-do-trabalho-a-outra-pasta\/","title":{"rendered":"Bolsonaro diz que vai incorporar Minist\u00e9rio do Trabalho a outra pasta"},"content":{"rendered":"<p style=\"text-align: justify;\">O presidente eleito Jair Bolsonaro afirmou nesta quarta-feira, 7, que vai pretende tirar o status de minist\u00e9rio do Trabalho. A pasta ser\u00e1 incorporada a \u201coutro minist\u00e9rio\u201d, disse em coletiva de imprensa em Bras\u00edlia. Ele n\u00e3o deu detalhes sobre a mudan\u00e7a. \u201cO Minist\u00e9rio do Trabalho vai ser incorporado a algum minist\u00e9rio\u201d, afirmou.<\/p>\n<p style=\"text-align: justify;\">Bolsonaro deu a declara\u00e7\u00e3o ap\u00f3s cumprir agenda no Superior Tribunal de Justi\u00e7a (STJ) com o juiz S\u00e9rgio Moro, seu futuro ministro da Justi\u00e7a. Bolsonaro tamb\u00e9m falou o n\u00famero de minist\u00e9rios de seu governo. \u201cTalvez 17, \u00e9 um bom n\u00famero\u201d, afirmou o presidente eleito.<\/p><div class=\"newsi-conteudo_19\" id=\"newsi-3674150865\"><a href=\"https:\/\/www.instagram.com\/prefeituraalagoinhas?igsh=YzgzdDJ1bWR3aWI4\" aria-label=\"SAVE_20251006_221555\"><img loading=\"lazy\" decoding=\"async\" src=\"https:\/\/newsinfoco.com.br\/inicio\/wp-content\/uploads\/2025\/10\/SAVE_20251006_221555-rotated.jpg\" alt=\"\"  srcset=\"https:\/\/newsinfoco.com.br\/inicio\/wp-content\/uploads\/2025\/10\/SAVE_20251006_221555-rotated.jpg 1140w, https:\/\/newsinfoco.com.br\/inicio\/wp-content\/uploads\/2025\/10\/SAVE_20251006_221555-300x52.jpg 300w, https:\/\/newsinfoco.com.br\/inicio\/wp-content\/uploads\/2025\/10\/SAVE_20251006_221555-1024x177.jpg 1024w, https:\/\/newsinfoco.com.br\/inicio\/wp-content\/uploads\/2025\/10\/SAVE_20251006_221555-768x133.jpg 768w, https:\/\/newsinfoco.com.br\/inicio\/wp-content\/uploads\/2025\/10\/SAVE_20251006_221555-600x104.jpg 600w, https:\/\/newsinfoco.com.br\/inicio\/wp-content\/uploads\/2025\/10\/SAVE_20251006_221555-696x120.jpg 696w, https:\/\/newsinfoco.com.br\/inicio\/wp-content\/uploads\/2025\/10\/SAVE_20251006_221555-1068x185.jpg 1068w\" sizes=\"(max-width: 1140px) 100vw, 1140px\" width=\"1140\" height=\"197\"   \/><\/a><\/div>\n<h6 style=\"text-align: right;\"><span style=\"color: #999999;\">Estadao<\/span><\/h6>\n<div class='share-to-whatsapp-wrapper'><div class='share-on-whsp'>Share on: <\/div><a data-text='Bolsonaro diz que vai incorporar Minist\u00e9rio do Trabalho a outra pasta' data-link='https:\/\/newsinfoco.com.br\/inicio\/bolsonaro-diz-que-vai-incorporar-ministerio-do-trabalho-a-outra-pasta\/' class='whatsapp-button whatsapp-share'>WhatsApp<\/a><div class='clear '><\/div><\/div>","protected":false},"excerpt":{"rendered":"<p>O presidente eleito Jair Bolsonaro afirmou nesta quarta-feira, 7, que vai pretende tirar o status de minist\u00e9rio do Trabalho. A pasta ser\u00e1 incorporada a \u201coutro minist\u00e9rio\u201d, disse em coletiva de imprensa em Bras\u00edlia. Ele n\u00e3o deu detalhes sobre a mudan\u00e7a. \u201cO Minist\u00e9rio do Trabalho vai ser incorporado a algum minist\u00e9rio\u201d, afirmou. Bolsonaro deu a declara\u00e7\u00e3o [&hellip;]<\/p>\n","protected":false},"author":1,"featured_media":11096,"comment_status":"open","ping_status":"open","sticky":false,"template":"","format":"standard","meta":{"om_disable_all_campaigns":false,"_exactmetrics_skip_tracking":false,"_exactmetrics_sitenote_active":false,"_exactmetrics_sitenote_note":"","_exactmetrics_sitenote_category":0,"footnotes":""},"categories":[21],"tags":[],"class_list":["post-11095","post","type-post","status-publish","format-standard","has-post-thumbnail","hentry","category-brasil"],"aioseo_notices":[],"_links":{"self":[{"href":"https:\/\/newsinfoco.com.br\/inicio\/wp-json\/wp\/v2\/posts\/11095","targetHints":{"allow":["GET"]}}],"collection":[{"href":"https:\/\/newsinfoco.com.br\/inicio\/wp-json\/wp\/v2\/posts"}],"about":[{"href":"https:\/\/newsinfoco.com.br\/inicio\/wp-json\/wp\/v2\/types\/post"}],"author":[{"embeddable":true,"href":"https:\/\/newsinfoco.com.br\/inicio\/wp-json\/wp\/v2\/users\/1"}],"replies":[{"embeddable":true,"href":"https:\/\/newsinfoco.com.br\/inicio\/wp-json\/wp\/v2\/comments?post=11095"}],"version-history":[{"count":0,"href":"https:\/\/newsinfoco.com.br\/inicio\/wp-json\/wp\/v2\/posts\/11095\/revisions"}],"wp:featuredmedia":[{"embeddable":true,"href":"https:\/\/newsinfoco.com.br\/inicio\/wp-json\/wp\/v2\/media\/11096"}],"wp:attachment":[{"href":"https:\/\/newsinfoco.com.br\/inicio\/wp-json\/wp\/v2\/media?parent=11095"}],"wp:term":[{"taxonomy":"category","embeddable":true,"href":"https:\/\/newsinfoco.com.br\/inicio\/wp-json\/wp\/v2\/categories?post=11095"},{"taxonomy":"post_tag","embeddable":true,"href":"https:\/\/newsinfoco.com.br\/inicio\/wp-json\/wp\/v2\/tags?post=11095"}],"curies":[{"name":"wp","href":"https:\/\/api.w.org\/{rel}","templated":true}]}}