{"id":11098,"date":"2018-11-07T14:58:46","date_gmt":"2018-11-07T16:58:46","guid":{"rendered":"http:\/\/newsinfoco.com.br\/?p=11098"},"modified":"2018-11-07T14:58:46","modified_gmt":"2018-11-07T16:58:46","slug":"alckmin-ja-define-com-tucanos-rumos-do-psdb-diz-coluna","status":"publish","type":"post","link":"https:\/\/newsinfoco.com.br\/inicio\/alckmin-ja-define-com-tucanos-rumos-do-psdb-diz-coluna\/","title":{"rendered":"Alckmin j\u00e1 define com tucanos rumos do PSDB, diz coluna"},"content":{"rendered":"<p style=\"text-align: justify;\">Em Bras\u00edlia, o presidente do PSDB, Geraldo Alckmin, come\u00e7ou a conversar com tucanos de raiz para discutir n\u00e3o s\u00f3 o que fazer com o PSDB, mas em especial com o governador eleito por S\u00e3o Paulo, Jo\u00e3o Doria.<\/p>\n<p style=\"text-align: justify;\">De acordo com a Coluna do Estad\u00e3o, o ex-presidenci\u00e1vel convocou uma reuni\u00e3o da Executiva do partido para 22 de novembro, quando a sigla decidir\u00e1 se vai apoiar ou n\u00e3o o governo de Jair Bolsonaro.<\/p><div class=\"newsi-conteudo_19\" id=\"newsi-1321690881\"><a href=\"https:\/\/www.instagram.com\/prefeituraalagoinhas?igsh=YzgzdDJ1bWR3aWI4\" aria-label=\"SAVE_20251006_221555\"><img loading=\"lazy\" decoding=\"async\" src=\"https:\/\/newsinfoco.com.br\/inicio\/wp-content\/uploads\/2025\/10\/SAVE_20251006_221555-rotated.jpg\" alt=\"\"  srcset=\"https:\/\/newsinfoco.com.br\/inicio\/wp-content\/uploads\/2025\/10\/SAVE_20251006_221555-rotated.jpg 1140w, https:\/\/newsinfoco.com.br\/inicio\/wp-content\/uploads\/2025\/10\/SAVE_20251006_221555-300x52.jpg 300w, https:\/\/newsinfoco.com.br\/inicio\/wp-content\/uploads\/2025\/10\/SAVE_20251006_221555-1024x177.jpg 1024w, https:\/\/newsinfoco.com.br\/inicio\/wp-content\/uploads\/2025\/10\/SAVE_20251006_221555-768x133.jpg 768w, https:\/\/newsinfoco.com.br\/inicio\/wp-content\/uploads\/2025\/10\/SAVE_20251006_221555-600x104.jpg 600w, https:\/\/newsinfoco.com.br\/inicio\/wp-content\/uploads\/2025\/10\/SAVE_20251006_221555-696x120.jpg 696w, https:\/\/newsinfoco.com.br\/inicio\/wp-content\/uploads\/2025\/10\/SAVE_20251006_221555-1068x185.jpg 1068w\" sizes=\"(max-width: 1140px) 100vw, 1140px\" width=\"1140\" height=\"197\"   \/><\/a><\/div>\n<p style=\"text-align: justify;\">Aliados do tucano defendem postura de oposi\u00e7\u00e3o, mas com apoio \u00e0s reformas importantes ao Pa\u00eds. Por outro lado, Doria, que se movimenta para assumir o PSDB, quer caminhar com o novo governo.<\/p>\n<p style=\"text-align: justify;\">Um dia antes da reuni\u00e3o da Executiva do PSDB, o senador Tasso Jereissati deve ser anunciado como poss\u00edvel candidato ao comando do Senado pelo bloco Rede, PDT, PSB, PPS. Esse grupo tem 14 senadores. Com os oito do PSDB, soma 25% dos votos.<\/p>\n<h6 style=\"text-align: right;\"><span style=\"color: #999999;\">Estad\u00e3o<\/span><\/h6>\n<div class='share-to-whatsapp-wrapper'><div class='share-on-whsp'>Share on: <\/div><a data-text='Alckmin j\u00e1 define com tucanos rumos do PSDB, diz coluna' data-link='https:\/\/newsinfoco.com.br\/inicio\/alckmin-ja-define-com-tucanos-rumos-do-psdb-diz-coluna\/' class='whatsapp-button whatsapp-share'>WhatsApp<\/a><div class='clear '><\/div><\/div>","protected":false},"excerpt":{"rendered":"<p>Em Bras\u00edlia, o presidente do PSDB, Geraldo Alckmin, come\u00e7ou a conversar com tucanos de raiz para discutir n\u00e3o s\u00f3 o que fazer com o PSDB, mas em especial com o governador eleito por S\u00e3o Paulo, Jo\u00e3o Doria. De acordo com a Coluna do Estad\u00e3o, o ex-presidenci\u00e1vel convocou uma reuni\u00e3o da Executiva do partido para 22 [&hellip;]<\/p>\n","protected":false},"author":1,"featured_media":9523,"comment_status":"open","ping_status":"open","sticky":false,"template":"","format":"standard","meta":{"om_disable_all_campaigns":false,"_exactmetrics_skip_tracking":false,"_exactmetrics_sitenote_active":false,"_exactmetrics_sitenote_note":"","_exactmetrics_sitenote_category":0,"footnotes":""},"categories":[21],"tags":[],"class_list":["post-11098","post","type-post","status-publish","format-standard","has-post-thumbnail","hentry","category-brasil"],"aioseo_notices":[],"_links":{"self":[{"href":"https:\/\/newsinfoco.com.br\/inicio\/wp-json\/wp\/v2\/posts\/11098","targetHints":{"allow":["GET"]}}],"collection":[{"href":"https:\/\/newsinfoco.com.br\/inicio\/wp-json\/wp\/v2\/posts"}],"about":[{"href":"https:\/\/newsinfoco.com.br\/inicio\/wp-json\/wp\/v2\/types\/post"}],"author":[{"embeddable":true,"href":"https:\/\/newsinfoco.com.br\/inicio\/wp-json\/wp\/v2\/users\/1"}],"replies":[{"embeddable":true,"href":"https:\/\/newsinfoco.com.br\/inicio\/wp-json\/wp\/v2\/comments?post=11098"}],"version-history":[{"count":0,"href":"https:\/\/newsinfoco.com.br\/inicio\/wp-json\/wp\/v2\/posts\/11098\/revisions"}],"wp:featuredmedia":[{"embeddable":true,"href":"https:\/\/newsinfoco.com.br\/inicio\/wp-json\/wp\/v2\/media\/9523"}],"wp:attachment":[{"href":"https:\/\/newsinfoco.com.br\/inicio\/wp-json\/wp\/v2\/media?parent=11098"}],"wp:term":[{"taxonomy":"category","embeddable":true,"href":"https:\/\/newsinfoco.com.br\/inicio\/wp-json\/wp\/v2\/categories?post=11098"},{"taxonomy":"post_tag","embeddable":true,"href":"https:\/\/newsinfoco.com.br\/inicio\/wp-json\/wp\/v2\/tags?post=11098"}],"curies":[{"name":"wp","href":"https:\/\/api.w.org\/{rel}","templated":true}]}}