{"id":11100,"date":"2018-11-07T15:01:13","date_gmt":"2018-11-07T17:01:13","guid":{"rendered":"http:\/\/newsinfoco.com.br\/?p=11100"},"modified":"2018-11-07T15:01:13","modified_gmt":"2018-11-07T17:01:13","slug":"nao-vou-subir-em-palanque-garantiu-moro-o-superministro-de-bolsonaro","status":"publish","type":"post","link":"https:\/\/newsinfoco.com.br\/inicio\/nao-vou-subir-em-palanque-garantiu-moro-o-superministro-de-bolsonaro\/","title":{"rendered":"\u2018N\u00e3o vou subir em palanque\u2019, garantiu Moro, o \u2018superministro\u2019 de Bolsonaro"},"content":{"rendered":"<p style=\"text-align: justify;\">Sem a toga de juiz federal que o cobriu nos \u00faltimos 22 anos de vida, S\u00e9rgio Moro falou ontem pela primeira vez como futuro ministro da Justi\u00e7a e da Seguran\u00e7a P\u00fablica. Em uma hora e trinta minutos meia de entrevista, explicou as raz\u00f5es profissionais e pessoais que o levaram a aceitar o convite para integrar o governo do presidente eleito Jair Bolsonaro (PSL) e homenageou a imprensa livre.<\/p>\n<p style=\"text-align: justify;\">Na primeira e \u00faltima entrevista coletiva dada \u00e0 imprensa, nos cinco anos em que esteve \u00e0 frente dos processos da Opera\u00e7\u00e3o Lava Jato, Moro n\u00e3o deixou pergunta sem resposta: rebateu acusa\u00e7\u00f5es de uso pol\u00edtico das investiga\u00e7\u00f5es e de persegui\u00e7\u00e3o ao ex-presidente Luiz In\u00e1cio Lula da Silva, pontuou como foi o convite para assumir o minist\u00e9rio, defendeu Bolsonaro das cr\u00edticas de extremista, falou em \u201cconverg\u00eancias\u201d e \u201cdiverg\u00eancias\u201d de ideias e delineou suas prioridades para a Pasta, o combate \u00e0 corrup\u00e7\u00e3o e ao crime organizado, em especial as fac\u00e7\u00f5es criminosas.<\/p><div class=\"newsi-conteudo_19\" id=\"newsi-553613878\"><a href=\"https:\/\/www.instagram.com\/prefeituraalagoinhas?igsh=YzgzdDJ1bWR3aWI4\" aria-label=\"SAVE_20251006_221555\"><img loading=\"lazy\" decoding=\"async\" src=\"https:\/\/newsinfoco.com.br\/inicio\/wp-content\/uploads\/2025\/10\/SAVE_20251006_221555-rotated.jpg\" alt=\"\"  srcset=\"https:\/\/newsinfoco.com.br\/inicio\/wp-content\/uploads\/2025\/10\/SAVE_20251006_221555-rotated.jpg 1140w, https:\/\/newsinfoco.com.br\/inicio\/wp-content\/uploads\/2025\/10\/SAVE_20251006_221555-300x52.jpg 300w, https:\/\/newsinfoco.com.br\/inicio\/wp-content\/uploads\/2025\/10\/SAVE_20251006_221555-1024x177.jpg 1024w, https:\/\/newsinfoco.com.br\/inicio\/wp-content\/uploads\/2025\/10\/SAVE_20251006_221555-768x133.jpg 768w, https:\/\/newsinfoco.com.br\/inicio\/wp-content\/uploads\/2025\/10\/SAVE_20251006_221555-600x104.jpg 600w, https:\/\/newsinfoco.com.br\/inicio\/wp-content\/uploads\/2025\/10\/SAVE_20251006_221555-696x120.jpg 696w, https:\/\/newsinfoco.com.br\/inicio\/wp-content\/uploads\/2025\/10\/SAVE_20251006_221555-1068x185.jpg 1068w\" sizes=\"(max-width: 1140px) 100vw, 1140px\" width=\"1140\" height=\"197\"   \/><\/a><\/div>\n<p style=\"text-align: justify;\">\u201cN\u00e3o tenho nenhuma pretens\u00e3o a concorrer a cargos eleitorais a subir em palanque\u201d, garantiu Moro, ao tentar por fim \u00e0 pol\u00eamica de que ele teria mudado de opini\u00e3o. Em 2016, o juiz afirmou em entrevista ao Estado \u2013 a primeira \u00e0 frente da Lava Jato \u2013 que \u201cjamais entraria para a pol\u00edtica\u201d.<\/p>\n<p style=\"text-align: justify;\">\u201cN\u00e3o contrariei afirma\u00e7\u00e3o que fiz h\u00e1 a anos ao Estado de S. Paulo, de que jamais entraria para a pol\u00edtica. Na minha perspectiva, na minha vis\u00e3o, eu sigo para fazer um trabalho eminentemente t\u00e9cnico. Um trabalho t\u00e9cnico de um juiz a cargo desse minist\u00e9rio espec\u00edfico.\u201d<\/p>\n<p style=\"text-align: justify;\">A in\u00e9dita entrevista come\u00e7ou na v\u00e9spera: a Justi\u00e7a Federal abriu credenciamento para a imprensa e informou que as perguntas seriam limitadas a uma pergunta por rep\u00f3rter de cada \u00f3rg\u00e3o de imprensa presente, e com n\u00famero limitado, por ordem de chegada. Antes mesmo das 13h, profissionais de mais de 30 ve\u00edculos de comunica\u00e7\u00e3o (TVs, r\u00e1dios, jornais e sites) chegaram ao audit\u00f3rio da Justi\u00e7a Federal, em Curitiba, com a perspectiva de falas curtas e respostas evasivas.<\/p>\n<p style=\"text-align: justify;\">Exatamente \u00e0s 16 horas, o hor\u00e1rio marcado para in\u00edcio da entrevista, Moro iniciou sua fala com \u201cesclarecimentos que gostaria de fazer\u201d, um deles, voltado aos profissionais de imprensa presentes. \u201cDesde que aceitei esse honrado convite para compor o Minist\u00e9rio da Justi\u00e7a e da Seguran\u00e7a P\u00fablica, para mim tem sido uma despedida da magistratura e da Opera\u00e7\u00e3o Lava Jato a cada dia\u201d, afirmou Moro.<\/p>\n<p style=\"text-align: justify;\">\u201cTenho recebido diversos pedidos de entrevistas de jornalistas alguns que j\u00e1 conheci durante a Opera\u00e7\u00e3o Lava Jato e realizar essa coletiva foi a forma que eu reputei apropriada para atender todas essas solicita\u00e7\u00f5es individuais.\u201d Principal art\u00edfice da maior opera\u00e7\u00e3o de combate \u00e0 corrup\u00e7\u00e3o do Brasil, Moro destacou o papel da imprensa. \u201cProcurei fazer (a entrevista coletiva) n\u00e3o s\u00f3 pelo esclarecimento necess\u00e1rio para responder as quest\u00f5es, mas tamb\u00e9m, de certa forma, em homenagem ao trabalho que imprensa realizou durante toda a Opera\u00e7\u00e3o Lava Jato.\u201d<\/p>\n<p style=\"text-align: justify;\">Para ele, a imprensa foi \u201cpontualmente cr\u00edtica\u201d ao seu trabalho e \u00e0 Lava Jato. \u201cN\u00e3o vou reconhecer o acerto de todas essas cr\u00edticas, acho que parte delas n\u00e3o foram t\u00e3o corretas, algumas talvez tenham sido injustas, mas \u00e9 o papel da imprensa realizar essas cr\u00edticas, n\u00e3o vejo problema. Faz parte de um ambiente de debate, de di\u00e1logo e de toler\u00e2ncia.\u201d<\/p>\n<p style=\"text-align: justify;\">Moro defendeu que a \u201cliberdade de imprensa foi fundamental na Opera\u00e7\u00e3o Lava Jato porque informou a popula\u00e7\u00e3o desses crimes que foram descobertos, investigados e punidos\u201d. \u201cEnt\u00e3o essa entrevista tem tamb\u00e9m esse papel de render uma homenagem ao papel da imprensa.\u201d<\/p>\n<h6 style=\"text-align: right;\"><span style=\"color: #999999;\">Estad\u00e3o<\/span><\/h6>\n<div class='share-to-whatsapp-wrapper'><div class='share-on-whsp'>Share on: <\/div><a data-text='\u2018N\u00e3o vou subir em palanque\u2019, garantiu Moro, o \u2018superministro\u2019 de Bolsonaro' data-link='https:\/\/newsinfoco.com.br\/inicio\/nao-vou-subir-em-palanque-garantiu-moro-o-superministro-de-bolsonaro\/' class='whatsapp-button whatsapp-share'>WhatsApp<\/a><div class='clear '><\/div><\/div>","protected":false},"excerpt":{"rendered":"<p>Sem a toga de juiz federal que o cobriu nos \u00faltimos 22 anos de vida, S\u00e9rgio Moro falou ontem pela primeira vez como futuro ministro da Justi\u00e7a e da Seguran\u00e7a P\u00fablica. Em uma hora e trinta minutos meia de entrevista, explicou as raz\u00f5es profissionais e pessoais que o levaram a aceitar o convite para integrar [&hellip;]<\/p>\n","protected":false},"author":1,"featured_media":11101,"comment_status":"open","ping_status":"open","sticky":false,"template":"","format":"standard","meta":{"om_disable_all_campaigns":false,"_exactmetrics_skip_tracking":false,"_exactmetrics_sitenote_active":false,"_exactmetrics_sitenote_note":"","_exactmetrics_sitenote_category":0,"footnotes":""},"categories":[21],"tags":[],"class_list":["post-11100","post","type-post","status-publish","format-standard","has-post-thumbnail","hentry","category-brasil"],"aioseo_notices":[],"_links":{"self":[{"href":"https:\/\/newsinfoco.com.br\/inicio\/wp-json\/wp\/v2\/posts\/11100","targetHints":{"allow":["GET"]}}],"collection":[{"href":"https:\/\/newsinfoco.com.br\/inicio\/wp-json\/wp\/v2\/posts"}],"about":[{"href":"https:\/\/newsinfoco.com.br\/inicio\/wp-json\/wp\/v2\/types\/post"}],"author":[{"embeddable":true,"href":"https:\/\/newsinfoco.com.br\/inicio\/wp-json\/wp\/v2\/users\/1"}],"replies":[{"embeddable":true,"href":"https:\/\/newsinfoco.com.br\/inicio\/wp-json\/wp\/v2\/comments?post=11100"}],"version-history":[{"count":0,"href":"https:\/\/newsinfoco.com.br\/inicio\/wp-json\/wp\/v2\/posts\/11100\/revisions"}],"wp:featuredmedia":[{"embeddable":true,"href":"https:\/\/newsinfoco.com.br\/inicio\/wp-json\/wp\/v2\/media\/11101"}],"wp:attachment":[{"href":"https:\/\/newsinfoco.com.br\/inicio\/wp-json\/wp\/v2\/media?parent=11100"}],"wp:term":[{"taxonomy":"category","embeddable":true,"href":"https:\/\/newsinfoco.com.br\/inicio\/wp-json\/wp\/v2\/categories?post=11100"},{"taxonomy":"post_tag","embeddable":true,"href":"https:\/\/newsinfoco.com.br\/inicio\/wp-json\/wp\/v2\/tags?post=11100"}],"curies":[{"name":"wp","href":"https:\/\/api.w.org\/{rel}","templated":true}]}}