{"id":11103,"date":"2018-11-07T15:04:20","date_gmt":"2018-11-07T17:04:20","guid":{"rendered":"http:\/\/newsinfoco.com.br\/?p=11103"},"modified":"2018-11-07T15:04:20","modified_gmt":"2018-11-07T17:04:20","slug":"esquerda-perde-representacao-no-pais","status":"publish","type":"post","link":"https:\/\/newsinfoco.com.br\/inicio\/esquerda-perde-representacao-no-pais\/","title":{"rendered":"Esquerda perde representa\u00e7\u00e3o no Pa\u00eds"},"content":{"rendered":"<p style=\"text-align: justify;\">Num pleito marcado pelo crescimento de candidaturas de direita, os cinco principais partidos de esquerda no Pa\u00eds \u2013 PT, PCdoB, PSOL, PDT e PSB \u2013 elegeram 25% menos representantes em rela\u00e7\u00e3o a 2010, auge dessas siglas nas urnas. Um levantamento feito pelo Estado mostra que, em 2018, a esquerda levou 393 nomes para governos estaduais, C\u00e2mara, Senado e Assembleias Legislativas nos estados.<\/p>\n<p style=\"text-align: justify;\">Em 2010 (\u00faltimo ano do governo Lula), esse n\u00famero havia batido em 527. O PT foi o partido com mais redu\u00e7\u00e3o no per\u00edodo: neste ano, elegeu 149 nomes para cargos no Executivo e Legislativo, 41% menos comparado a 2010, quando fez 255. Os resultados das urnas mostram que a elei\u00e7\u00e3o neste ano foi marcada por forte sentimento antipetista dos eleitores. J\u00e1 o PSB caiu de 118 para 101; o PDT, de 107 para 84, e o PCdoB, de 34 para 31. Entre os partidos de esquerda no Pa\u00eds, s\u00f3 o PSOL cresceu em n\u00famero de representantes. Passou de dez eleitos, em 2010, para 28 neste ano.<\/p><div class=\"newsi-conteudo_19\" id=\"newsi-3182434239\"><a href=\"https:\/\/www.instagram.com\/prefeituraalagoinhas?igsh=YzgzdDJ1bWR3aWI4\" aria-label=\"SAVE_20251006_221555\"><img loading=\"lazy\" decoding=\"async\" src=\"https:\/\/newsinfoco.com.br\/inicio\/wp-content\/uploads\/2025\/10\/SAVE_20251006_221555-rotated.jpg\" alt=\"\"  srcset=\"https:\/\/newsinfoco.com.br\/inicio\/wp-content\/uploads\/2025\/10\/SAVE_20251006_221555-rotated.jpg 1140w, https:\/\/newsinfoco.com.br\/inicio\/wp-content\/uploads\/2025\/10\/SAVE_20251006_221555-300x52.jpg 300w, https:\/\/newsinfoco.com.br\/inicio\/wp-content\/uploads\/2025\/10\/SAVE_20251006_221555-1024x177.jpg 1024w, https:\/\/newsinfoco.com.br\/inicio\/wp-content\/uploads\/2025\/10\/SAVE_20251006_221555-768x133.jpg 768w, https:\/\/newsinfoco.com.br\/inicio\/wp-content\/uploads\/2025\/10\/SAVE_20251006_221555-600x104.jpg 600w, https:\/\/newsinfoco.com.br\/inicio\/wp-content\/uploads\/2025\/10\/SAVE_20251006_221555-696x120.jpg 696w, https:\/\/newsinfoco.com.br\/inicio\/wp-content\/uploads\/2025\/10\/SAVE_20251006_221555-1068x185.jpg 1068w\" sizes=\"(max-width: 1140px) 100vw, 1140px\" width=\"1140\" height=\"197\"   \/><\/a><\/div>\n<p style=\"text-align: justify;\">Para a cientista pol\u00edtica Vera Chaia, da PUC-SP, o resultado nas urnas est\u00e1 ligado ao crescimento da oposi\u00e7\u00e3o ao PT e ao surgimento de uma \u201conda conservadora\u201d que come\u00e7ou a tomar forma depois das manifesta\u00e7\u00f5es de rua de 2013.<\/p>\n<p style=\"text-align: justify;\">\u201cEla j\u00e1 existia antes, mas \u00e9 a partir de 2013 que surge a possibilidade de ela se manifestar. A pauta dessa nova direita, conservadora nos costumes, faz com que o eleitorado se identifique com ela\u201d, afirmou Chaia.<\/p>\n<p style=\"text-align: justify;\">No Congresso, com n\u00famero de cadeiras insuficiente para barrar, por exemplo, emendas \u00e0 Constitui\u00e7\u00e3o \u2013 que exigem aprova\u00e7\u00e3o de tr\u00eas a cada cinco dos parlamentares \u2013, o desafio da esquerda na oposi\u00e7\u00e3o ser\u00e1 tentar colar a imagem de impopular no pr\u00f3ximo governo.<\/p>\n<p style=\"text-align: justify;\">Na avalia\u00e7\u00e3o de analistas, mesmo com a maior bancada, o PT ter\u00e1 dificuldades para influenciar decis\u00f5es no Legislativo, caso o presidente eleito, Jair Bolsonaro, tenha sucesso em organizar sua base. \u201cO que a esquerda vai fazer \u00e9 chamar aten\u00e7\u00e3o para a agenda do novo governo, tentando demonstrar que ela est\u00e1 mais sintonizada com interesses dos mais ricos, do mercado, e menos com o da popula\u00e7\u00e3o\u201d, diz o analista pol\u00edtico do Departamento Intersindical de Assessoria Parlamentar (Diap), Ant\u00f4nio Augusto de Queiroz.<\/p>\n<p style=\"text-align: justify;\">Por outro lado, o \u00f4nus de qualquer derrota no Congresso ficar\u00e1 com o Planalto, o que pode beneficiar a esquerda. \u201cA oposi\u00e7\u00e3o n\u00e3o poderia ser responsabilizada por eventual fracasso do governo porque \u00e9 ele que tem a maioria.\u201d Queiroz v\u00ea um cen\u00e1rio mais favor\u00e1vel \u00e0 oposi\u00e7\u00e3o no Senado, onde a fragmenta\u00e7\u00e3o partid\u00e1ria e o maior n\u00famero de parlamentares de centro pode facilitar a disputa por votos. \u201c(A oposi\u00e7\u00e3o) vai buscar se compor com o centro no Senado para derrotar o governo ou, pelo menos, para amenizar os efeitos mais duros das propostas, torn\u00e1-la mais palat\u00e1vel para os eleitores.\u201d<\/p>\n<h6 style=\"text-align: right;\"><span style=\"color: #999999;\">Estad\u00e3o<\/span><\/h6>\n<div class='share-to-whatsapp-wrapper'><div class='share-on-whsp'>Share on: <\/div><a data-text='Esquerda perde representa\u00e7\u00e3o no Pa\u00eds' data-link='https:\/\/newsinfoco.com.br\/inicio\/esquerda-perde-representacao-no-pais\/' class='whatsapp-button whatsapp-share'>WhatsApp<\/a><div class='clear '><\/div><\/div>","protected":false},"excerpt":{"rendered":"<p>Num pleito marcado pelo crescimento de candidaturas de direita, os cinco principais partidos de esquerda no Pa\u00eds \u2013 PT, PCdoB, PSOL, PDT e PSB \u2013 elegeram 25% menos representantes em rela\u00e7\u00e3o a 2010, auge dessas siglas nas urnas. Um levantamento feito pelo Estado mostra que, em 2018, a esquerda levou 393 nomes para governos estaduais, [&hellip;]<\/p>\n","protected":false},"author":1,"featured_media":11104,"comment_status":"open","ping_status":"open","sticky":false,"template":"","format":"standard","meta":{"om_disable_all_campaigns":false,"_exactmetrics_skip_tracking":false,"_exactmetrics_sitenote_active":false,"_exactmetrics_sitenote_note":"","_exactmetrics_sitenote_category":0,"footnotes":""},"categories":[21],"tags":[],"class_list":["post-11103","post","type-post","status-publish","format-standard","has-post-thumbnail","hentry","category-brasil"],"aioseo_notices":[],"_links":{"self":[{"href":"https:\/\/newsinfoco.com.br\/inicio\/wp-json\/wp\/v2\/posts\/11103","targetHints":{"allow":["GET"]}}],"collection":[{"href":"https:\/\/newsinfoco.com.br\/inicio\/wp-json\/wp\/v2\/posts"}],"about":[{"href":"https:\/\/newsinfoco.com.br\/inicio\/wp-json\/wp\/v2\/types\/post"}],"author":[{"embeddable":true,"href":"https:\/\/newsinfoco.com.br\/inicio\/wp-json\/wp\/v2\/users\/1"}],"replies":[{"embeddable":true,"href":"https:\/\/newsinfoco.com.br\/inicio\/wp-json\/wp\/v2\/comments?post=11103"}],"version-history":[{"count":0,"href":"https:\/\/newsinfoco.com.br\/inicio\/wp-json\/wp\/v2\/posts\/11103\/revisions"}],"wp:featuredmedia":[{"embeddable":true,"href":"https:\/\/newsinfoco.com.br\/inicio\/wp-json\/wp\/v2\/media\/11104"}],"wp:attachment":[{"href":"https:\/\/newsinfoco.com.br\/inicio\/wp-json\/wp\/v2\/media?parent=11103"}],"wp:term":[{"taxonomy":"category","embeddable":true,"href":"https:\/\/newsinfoco.com.br\/inicio\/wp-json\/wp\/v2\/categories?post=11103"},{"taxonomy":"post_tag","embeddable":true,"href":"https:\/\/newsinfoco.com.br\/inicio\/wp-json\/wp\/v2\/tags?post=11103"}],"curies":[{"name":"wp","href":"https:\/\/api.w.org\/{rel}","templated":true}]}}