{"id":11106,"date":"2018-11-07T15:13:31","date_gmt":"2018-11-07T17:13:31","guid":{"rendered":"http:\/\/newsinfoco.com.br\/?p=11106"},"modified":"2018-11-07T15:13:31","modified_gmt":"2018-11-07T17:13:31","slug":"luiz-viana-e-aposta-da-advocacia-baiana-para-diretoria-nacional-da-oab","status":"publish","type":"post","link":"https:\/\/newsinfoco.com.br\/inicio\/luiz-viana-e-aposta-da-advocacia-baiana-para-diretoria-nacional-da-oab\/","title":{"rendered":"Luiz Viana \u00e9 aposta da advocacia baiana para diretoria nacional da OAB"},"content":{"rendered":"<p style=\"text-align: justify;\">A advocacia baiana poder\u00e1 contar com um representante na diretoria da OAB pela primeira vez na hist\u00f3ria. Atual presidente da OAB-BA, Luiz Viana \u00e9 a aposta da categoria para ser vice-presidente da entidade no Brasil. Ele \u00e9 candidato a conselheiro federal na chapa Avan\u00e7a 86, liderada por Fabr\u00edcio Castro, cuja vit\u00f3ria o credenciar\u00e1 a participar da disputa nacional, em janeiro de 2019.<\/p>\n<p style=\"text-align: justify;\">\u201cCom uma gest\u00e3o democr\u00e1tica e inclusiva, Luiz Viana conseguiu realizar importantes transforma\u00e7\u00f5es na institui\u00e7\u00e3o, tornando a OAB-BA uma refer\u00eancia para todo o pa\u00eds. Dessa forma, transformou-se em um l\u00edder admirado e respeitado Brasil afora\u201d, afirmou Fabr\u00edcio Castro.<\/p><div class=\"newsi-conteudo_19\" id=\"newsi-157389941\"><a href=\"https:\/\/www.instagram.com\/prefeituraalagoinhas?igsh=YzgzdDJ1bWR3aWI4\" aria-label=\"SAVE_20251006_221555\"><img loading=\"lazy\" decoding=\"async\" src=\"https:\/\/newsinfoco.com.br\/inicio\/wp-content\/uploads\/2025\/10\/SAVE_20251006_221555-rotated.jpg\" alt=\"\"  srcset=\"https:\/\/newsinfoco.com.br\/inicio\/wp-content\/uploads\/2025\/10\/SAVE_20251006_221555-rotated.jpg 1140w, https:\/\/newsinfoco.com.br\/inicio\/wp-content\/uploads\/2025\/10\/SAVE_20251006_221555-300x52.jpg 300w, https:\/\/newsinfoco.com.br\/inicio\/wp-content\/uploads\/2025\/10\/SAVE_20251006_221555-1024x177.jpg 1024w, https:\/\/newsinfoco.com.br\/inicio\/wp-content\/uploads\/2025\/10\/SAVE_20251006_221555-768x133.jpg 768w, https:\/\/newsinfoco.com.br\/inicio\/wp-content\/uploads\/2025\/10\/SAVE_20251006_221555-600x104.jpg 600w, https:\/\/newsinfoco.com.br\/inicio\/wp-content\/uploads\/2025\/10\/SAVE_20251006_221555-696x120.jpg 696w, https:\/\/newsinfoco.com.br\/inicio\/wp-content\/uploads\/2025\/10\/SAVE_20251006_221555-1068x185.jpg 1068w\" sizes=\"(max-width: 1140px) 100vw, 1140px\" width=\"1140\" height=\"197\"   \/><\/a><\/div>\n<p style=\"text-align: justify;\">De acordo com ele, Viana \u00e9 um nome forte para compor a chapa nacional com Felipe Santa Cruz, apoiado pelo presidente da OAB, Cl\u00e1udio Lamachia.<\/p>\n<p style=\"text-align: justify;\">Da Bahia, apenas o jurista e professor Josaphat Marinho disputou a elei\u00e7\u00e3o nacional, perdendo para o tamb\u00e9m jurista, al\u00e9m de escritor, soci\u00f3logo e historiador, Raymundo Faoro, no per\u00edodo da ditadura militar. \u201cCom Luiz Viana na diretoria da OAB, ampliaremos a representatividade da advocacia baiana no Brasil e fortaleceremos a luta pela defesa das prerrogativas e por um Judici\u00e1rio mais eficiente\u201d, asseverou Fabr\u00edcio.<\/p>\n<div class='share-to-whatsapp-wrapper'><div class='share-on-whsp'>Share on: <\/div><a data-text='Luiz Viana \u00e9 aposta da advocacia baiana para diretoria nacional da OAB' data-link='https:\/\/newsinfoco.com.br\/inicio\/luiz-viana-e-aposta-da-advocacia-baiana-para-diretoria-nacional-da-oab\/' class='whatsapp-button whatsapp-share'>WhatsApp<\/a><div class='clear '><\/div><\/div>","protected":false},"excerpt":{"rendered":"<p>A advocacia baiana poder\u00e1 contar com um representante na diretoria da OAB pela primeira vez na hist\u00f3ria. Atual presidente da OAB-BA, Luiz Viana \u00e9 a aposta da categoria para ser vice-presidente da entidade no Brasil. Ele \u00e9 candidato a conselheiro federal na chapa Avan\u00e7a 86, liderada por Fabr\u00edcio Castro, cuja vit\u00f3ria o credenciar\u00e1 a participar [&hellip;]<\/p>\n","protected":false},"author":1,"featured_media":11107,"comment_status":"open","ping_status":"open","sticky":false,"template":"","format":"standard","meta":{"om_disable_all_campaigns":false,"_exactmetrics_skip_tracking":false,"_exactmetrics_sitenote_active":false,"_exactmetrics_sitenote_note":"","_exactmetrics_sitenote_category":0,"footnotes":""},"categories":[19],"tags":[],"class_list":["post-11106","post","type-post","status-publish","format-standard","has-post-thumbnail","hentry","category-bahia"],"aioseo_notices":[],"_links":{"self":[{"href":"https:\/\/newsinfoco.com.br\/inicio\/wp-json\/wp\/v2\/posts\/11106","targetHints":{"allow":["GET"]}}],"collection":[{"href":"https:\/\/newsinfoco.com.br\/inicio\/wp-json\/wp\/v2\/posts"}],"about":[{"href":"https:\/\/newsinfoco.com.br\/inicio\/wp-json\/wp\/v2\/types\/post"}],"author":[{"embeddable":true,"href":"https:\/\/newsinfoco.com.br\/inicio\/wp-json\/wp\/v2\/users\/1"}],"replies":[{"embeddable":true,"href":"https:\/\/newsinfoco.com.br\/inicio\/wp-json\/wp\/v2\/comments?post=11106"}],"version-history":[{"count":0,"href":"https:\/\/newsinfoco.com.br\/inicio\/wp-json\/wp\/v2\/posts\/11106\/revisions"}],"wp:featuredmedia":[{"embeddable":true,"href":"https:\/\/newsinfoco.com.br\/inicio\/wp-json\/wp\/v2\/media\/11107"}],"wp:attachment":[{"href":"https:\/\/newsinfoco.com.br\/inicio\/wp-json\/wp\/v2\/media?parent=11106"}],"wp:term":[{"taxonomy":"category","embeddable":true,"href":"https:\/\/newsinfoco.com.br\/inicio\/wp-json\/wp\/v2\/categories?post=11106"},{"taxonomy":"post_tag","embeddable":true,"href":"https:\/\/newsinfoco.com.br\/inicio\/wp-json\/wp\/v2\/tags?post=11106"}],"curies":[{"name":"wp","href":"https:\/\/api.w.org\/{rel}","templated":true}]}}