{"id":11112,"date":"2018-11-07T15:19:11","date_gmt":"2018-11-07T17:19:11","guid":{"rendered":"http:\/\/newsinfoco.com.br\/?p=11112"},"modified":"2018-11-07T15:19:49","modified_gmt":"2018-11-07T17:19:49","slug":"deputados-temem-cortes-nas-proprias-verbas-por-causa-de-problemas-financeiros-da-al-ba","status":"publish","type":"post","link":"https:\/\/newsinfoco.com.br\/inicio\/deputados-temem-cortes-nas-proprias-verbas-por-causa-de-problemas-financeiros-da-al-ba\/","title":{"rendered":"Deputados temem cortes nas pr\u00f3prias verbas por causa de problemas financeiros da AL-BA"},"content":{"rendered":"<p style=\"text-align: justify;\">Os cortes de gastos feitos pela Assembleia Legislativa da Bahia (AL-BA) t\u00eam deixado os deputados estaduais preocupados. Nos bastidores, alguns exibem receio de que a verba indenizat\u00f3ria, recurso que eles recebem como ressarcimento por gastos com o mandato, como locomo\u00e7\u00e3o, hospedagem e aluguel de im\u00f3veis, tamb\u00e9m passe\u00a0pela tesoura.<\/p>\n<p style=\"text-align: justify;\">O Bahia Not\u00edcias ouviu parlamentares, sob condi\u00e7\u00e3o de anonimato, sobre o assunto. Um deles revelou ao site que o corte j\u00e1 come\u00e7ou. \u201cVerba indenizat\u00f3ria s\u00f3 paga a metade. A cota de combust\u00edvel, por exemplo, eu s\u00f3 recebi a metade\u201d, contou.<\/p><div class=\"newsi-conteudo_19\" id=\"newsi-2587549062\"><a href=\"https:\/\/www.instagram.com\/prefeituraalagoinhas?igsh=YzgzdDJ1bWR3aWI4\" aria-label=\"SAVE_20251006_221555\"><img loading=\"lazy\" decoding=\"async\" src=\"https:\/\/newsinfoco.com.br\/inicio\/wp-content\/uploads\/2025\/10\/SAVE_20251006_221555-rotated.jpg\" alt=\"\"  srcset=\"https:\/\/newsinfoco.com.br\/inicio\/wp-content\/uploads\/2025\/10\/SAVE_20251006_221555-rotated.jpg 1140w, https:\/\/newsinfoco.com.br\/inicio\/wp-content\/uploads\/2025\/10\/SAVE_20251006_221555-300x52.jpg 300w, https:\/\/newsinfoco.com.br\/inicio\/wp-content\/uploads\/2025\/10\/SAVE_20251006_221555-1024x177.jpg 1024w, https:\/\/newsinfoco.com.br\/inicio\/wp-content\/uploads\/2025\/10\/SAVE_20251006_221555-768x133.jpg 768w, https:\/\/newsinfoco.com.br\/inicio\/wp-content\/uploads\/2025\/10\/SAVE_20251006_221555-600x104.jpg 600w, https:\/\/newsinfoco.com.br\/inicio\/wp-content\/uploads\/2025\/10\/SAVE_20251006_221555-696x120.jpg 696w, https:\/\/newsinfoco.com.br\/inicio\/wp-content\/uploads\/2025\/10\/SAVE_20251006_221555-1068x185.jpg 1068w\" sizes=\"(max-width: 1140px) 100vw, 1140px\" width=\"1140\" height=\"197\"   \/><\/a><\/div>\n<p style=\"text-align: justify;\">J\u00e1 outros dois nomes disseram \u00e0 reportagem que ainda n\u00e3o tiveram redu\u00e7\u00e3o na verba indenizat\u00f3ria. Entretanto, um desses parlamentares admitiu que a possibilidade tem sido ventilada na Casa. Muitos deputados podem n\u00e3o ter sentido a tesourada porque ainda n\u00e3o fizeram pedidos de reembolso neste m\u00eas, por exemplo. \u201cA efetiva\u00e7\u00e3o do corte \u00e9 individual. S\u00f3 vou saber se houve corte quando apresentar as notas fiscais pedindo o ressarcimento. Em outubro, n\u00e3o tive problema. Mas, em novembro, ainda n\u00e3o apresentei nada\u201d, explicou um deputado.<\/p>\n<p style=\"text-align: justify;\">A AL-BA est\u00e1 com dificuldade para fechar as contas deste ano. Com d\u00e9ficit no or\u00e7amento, ou seja, mais gastos do que dinheiro para pagar os d\u00e9bitos, a Casa tem feito cortes, como o fim do contrato da empresa que fornece almo\u00e7o para os servidores e a antecipa\u00e7\u00e3o do turn\u00e3o, per\u00edodo em que o hor\u00e1rio de funcionamento \u00e9 reduzido para 13h \u00e0s 19h.<\/p>\n<p style=\"text-align: justify;\">Com isso, o presidente Angelo Coronel (PSD) pretende fazer economia de R$ 1,8 milh\u00e3o nos pr\u00f3ximos tr\u00eas meses. Entretanto, a avalia\u00e7\u00e3o \u00e9 de que ser\u00e1 preciso mais austeridade para permitir que a AL-BA chegue ao fim de 2018 honrando seus compromissos. A situa\u00e7\u00e3o financeira foi agravada por causa da aprova\u00e7\u00e3o do plano de cargos e sal\u00e1rios dos servidores, que n\u00e3o estava prevista no or\u00e7amento deste ano, al\u00e9m do inc\u00eandio ocorrido em julho deste ano, que demandou outras despesas n\u00e3o previstas &#8211; apesar do incidente estar coberto por um seguro, o que minimizou os problemas.<\/p>\n<p style=\"text-align: justify;\">No entanto, algo que tem gerado ainda mais\u00a0instabilidade na Casa \u00e9 a viagem de Coronel, que deve passar cerca de 20 dias no exterior. Um parlamentar ouvido pelo BN avaliou que, em um momento como este, seria importante ter o presidente no comando da Assembleia. Os deputados tamb\u00e9m comentam n\u00e3o saber qual a real situa\u00e7\u00e3o financeira da AL-BA, que ainda n\u00e3o foi levada a eles pela Mesa Diretora.<\/p>\n<p style=\"text-align: justify;\">A incerteza\u00a0sobre a sa\u00fade financeira da Assembleia atinge at\u00e9 mesmo o pr\u00f3prio presidente em exerc\u00edcio da Casa, Luiz Augusto (PP). De acordo com ele, h\u00e1 um rombo que ainda n\u00e3o se pode estimar de quanto porque &#8220;todo mundo est\u00e1 \u00e0s voltas&#8221; para saber como fechar o caixa. Em entrevista ao Bahia Not\u00edcias, ele revelou que ser\u00e3o necess\u00e1rios novos cortes para resolver o problema financeiro.<\/p>\n<p style=\"text-align: justify;\">\u201cAlgumas coisas que puder cortar n\u00f3s vamos cortar. Estamos tentando identificar o que ser\u00e1 nossa prioridade em rela\u00e7\u00e3o aos cortes\u201d, declarou. Ele sugeriu que, nessa lista, podem entrar pagamentos como o da reforma de um dos pr\u00e9dios da AL-BA.<\/p>\n<p style=\"text-align: justify;\">Augusto explicou, ainda,\u00a0que as pr\u00f3prias verbas indenizat\u00f3rias de novembro dos deputados n\u00e3o come\u00e7aram a ser pagas por causa dessa necessidade de novos c\u00e1lculos. \u201cOs deputados est\u00e3o meio apreensivos porque n\u00e3o abriu o sistema para gastar a verba de novembro. N\u00f3s abrimos hoje. Vamos come\u00e7ar a lan\u00e7ar esses dados agora. Est\u00e1vamos fazendo as contas para ter previs\u00e3o para pagar\u201d, detalhou. Segundo\u00a0ele, no entanto, os reembolsos dos parlamentares n\u00e3o ser\u00e3o\u00a0comprometidos porque s\u00e3o pagamentos \u201cconstitucionais\u201d.<\/p>\n<p style=\"text-align: justify;\">Para fechar as contas, Coronel vai pedir suplementa\u00e7\u00e3o or\u00e7ament\u00e1ria ao governador Rui Costa, que se comprometeu no ano passado, ainda na \u00e9poca da aprova\u00e7\u00e3o do plano de cargos e sal\u00e1rios, a fazer o refor\u00e7o no caixa, caso fosse necess\u00e1rio. Na \u00e9poca, o pr\u00f3prio presidente da Casa estimou que o d\u00e9ficit ficaria em cerca de R$ 60 milh\u00f5es. No entanto, sem saber a dimens\u00e3o atual do problema, a Casa n\u00e3o sabe ainda quanto pedir\u00e1.<\/p>\n<p style=\"text-align: justify;\">\u201cEm fim de mandato, a suplementa\u00e7\u00e3o fica mais dif\u00edcil, o governo tamb\u00e9m tem que zerar suas contas. Por aqui, a gente est\u00e1 achando caminhos para fechar as contas. A gente est\u00e1 economizando tudo o que pode, arrumando uma maneira de passar o ano legalmente\u201d, destacou Augusto.<\/p>\n<h6 style=\"text-align: right;\"><span style=\"color: #999999;\">Bahianoticias<\/span><\/h6>\n<div class='share-to-whatsapp-wrapper'><div class='share-on-whsp'>Share on: <\/div><a data-text='Deputados temem cortes nas pr\u00f3prias verbas por causa de problemas financeiros da AL-BA' data-link='https:\/\/newsinfoco.com.br\/inicio\/deputados-temem-cortes-nas-proprias-verbas-por-causa-de-problemas-financeiros-da-al-ba\/' class='whatsapp-button whatsapp-share'>WhatsApp<\/a><div class='clear '><\/div><\/div>","protected":false},"excerpt":{"rendered":"<p>Os cortes de gastos feitos pela Assembleia Legislativa da Bahia (AL-BA) t\u00eam deixado os deputados estaduais preocupados. Nos bastidores, alguns exibem receio de que a verba indenizat\u00f3ria, recurso que eles recebem como ressarcimento por gastos com o mandato, como locomo\u00e7\u00e3o, hospedagem e aluguel de im\u00f3veis, tamb\u00e9m passe\u00a0pela tesoura. O Bahia Not\u00edcias ouviu parlamentares, sob condi\u00e7\u00e3o [&hellip;]<\/p>\n","protected":false},"author":1,"featured_media":11001,"comment_status":"open","ping_status":"open","sticky":false,"template":"","format":"standard","meta":{"om_disable_all_campaigns":false,"_exactmetrics_skip_tracking":false,"_exactmetrics_sitenote_active":false,"_exactmetrics_sitenote_note":"","_exactmetrics_sitenote_category":0,"footnotes":""},"categories":[19],"tags":[],"class_list":["post-11112","post","type-post","status-publish","format-standard","has-post-thumbnail","hentry","category-bahia"],"aioseo_notices":[],"_links":{"self":[{"href":"https:\/\/newsinfoco.com.br\/inicio\/wp-json\/wp\/v2\/posts\/11112","targetHints":{"allow":["GET"]}}],"collection":[{"href":"https:\/\/newsinfoco.com.br\/inicio\/wp-json\/wp\/v2\/posts"}],"about":[{"href":"https:\/\/newsinfoco.com.br\/inicio\/wp-json\/wp\/v2\/types\/post"}],"author":[{"embeddable":true,"href":"https:\/\/newsinfoco.com.br\/inicio\/wp-json\/wp\/v2\/users\/1"}],"replies":[{"embeddable":true,"href":"https:\/\/newsinfoco.com.br\/inicio\/wp-json\/wp\/v2\/comments?post=11112"}],"version-history":[{"count":0,"href":"https:\/\/newsinfoco.com.br\/inicio\/wp-json\/wp\/v2\/posts\/11112\/revisions"}],"wp:featuredmedia":[{"embeddable":true,"href":"https:\/\/newsinfoco.com.br\/inicio\/wp-json\/wp\/v2\/media\/11001"}],"wp:attachment":[{"href":"https:\/\/newsinfoco.com.br\/inicio\/wp-json\/wp\/v2\/media?parent=11112"}],"wp:term":[{"taxonomy":"category","embeddable":true,"href":"https:\/\/newsinfoco.com.br\/inicio\/wp-json\/wp\/v2\/categories?post=11112"},{"taxonomy":"post_tag","embeddable":true,"href":"https:\/\/newsinfoco.com.br\/inicio\/wp-json\/wp\/v2\/tags?post=11112"}],"curies":[{"name":"wp","href":"https:\/\/api.w.org\/{rel}","templated":true}]}}