{"id":11115,"date":"2018-11-07T15:23:55","date_gmt":"2018-11-07T17:23:55","guid":{"rendered":"http:\/\/newsinfoco.com.br\/?p=11115"},"modified":"2018-11-07T15:23:55","modified_gmt":"2018-11-07T17:23:55","slug":"imbassahy-defende-apoio-integral-ao-novo-governo-e-minimiza-racha-entre-doria-e-alckmin","status":"publish","type":"post","link":"https:\/\/newsinfoco.com.br\/inicio\/imbassahy-defende-apoio-integral-ao-novo-governo-e-minimiza-racha-entre-doria-e-alckmin\/","title":{"rendered":"Imbassahy defende \u2018apoio integral\u2019 ao novo governo e minimiza racha entre Doria e Alckmin"},"content":{"rendered":"<p style=\"text-align: justify;\">O deputado federal Antonio Imbassahy (PSDB) afirmou nesta quarta-feira (7) pertencer \u00e0 ala\u00a0tucana que defende apoio integral ao governo do presidente eleito Jair Bolsonaro (PSL).<\/p>\n<p style=\"text-align: justify;\">\u201cMinha posi\u00e7\u00e3o \u00e9 apoiar integralmente o presidente eleito. Ali\u00e1s, isso eu declarei no dia seguinte ap\u00f3s o primeiro turno [das elei\u00e7\u00f5es]. No dia seguinte, eu fiz essa declara\u00e7\u00e3o e mantenho a mesma posi\u00e7\u00e3o, especialmente nas iniciativas que ser\u00e3o tomadas para a gera\u00e7\u00e3o de emprego e combate \u00e0 criminalidade\u201d, disse o ex-ministro de Michel Temer (MDB)<strong>.<\/strong><\/p><div class=\"newsi-conteudo_19\" id=\"newsi-2361933489\"><a href=\"https:\/\/www.instagram.com\/prefeituraalagoinhas?igsh=YzgzdDJ1bWR3aWI4\" aria-label=\"SAVE_20251006_221555\"><img loading=\"lazy\" decoding=\"async\" src=\"https:\/\/newsinfoco.com.br\/inicio\/wp-content\/uploads\/2025\/10\/SAVE_20251006_221555-rotated.jpg\" alt=\"\"  srcset=\"https:\/\/newsinfoco.com.br\/inicio\/wp-content\/uploads\/2025\/10\/SAVE_20251006_221555-rotated.jpg 1140w, https:\/\/newsinfoco.com.br\/inicio\/wp-content\/uploads\/2025\/10\/SAVE_20251006_221555-300x52.jpg 300w, https:\/\/newsinfoco.com.br\/inicio\/wp-content\/uploads\/2025\/10\/SAVE_20251006_221555-1024x177.jpg 1024w, https:\/\/newsinfoco.com.br\/inicio\/wp-content\/uploads\/2025\/10\/SAVE_20251006_221555-768x133.jpg 768w, https:\/\/newsinfoco.com.br\/inicio\/wp-content\/uploads\/2025\/10\/SAVE_20251006_221555-600x104.jpg 600w, https:\/\/newsinfoco.com.br\/inicio\/wp-content\/uploads\/2025\/10\/SAVE_20251006_221555-696x120.jpg 696w, https:\/\/newsinfoco.com.br\/inicio\/wp-content\/uploads\/2025\/10\/SAVE_20251006_221555-1068x185.jpg 1068w\" sizes=\"(max-width: 1140px) 100vw, 1140px\" width=\"1140\" height=\"197\"   \/><\/a><\/div>\n<p style=\"text-align: justify;\">\u201cMinha posi\u00e7\u00e3o \u00e9 essa, de apoio integral\u201d, enfatizou Imbassahy, que n\u00e3o conseguiu se reeleger para o que seria o seu terceiro mandato na C\u00e2mara.<\/p>\n<p style=\"text-align: justify;\">As declara\u00e7\u00f5es encontram eco no discurso do governador eleito de S\u00e3o Paulo, Joao Doria \u2014que decidiu marchar com o capit\u00e3o da reserva desde o 2\u00ba turno da corrida ao Planalto\u2014\u00a0 e destoa da posi\u00e7\u00e3o de Geraldo Alckmin, favor\u00e1vel a uma postura de oposi\u00e7\u00e3o.<\/p>\n<p style=\"text-align: justify;\">Indagado sobre o embate, Imbassahy nega que os correligion\u00e1rios estejam num \u201cracha\u201d.<\/p>\n<p style=\"text-align: justify;\">\u201cUm partido da dimens\u00e3o do PSDB sempre tem uma pluralidade de opini\u00f5es e de ideias. \u00c9 natural que haja sempre um debate interno em um partido da dimens\u00e3o do PSDB\u201d, minimizou.<\/p>\n<p style=\"text-align: justify;\">Segundo informa\u00e7\u00f5es da Coluna do Estad\u00e3o, Alckmin tem mantido conversas com aliados\u00a0para discutir o futuro da sigla e, em especial, o que fazer com Doria, seu prov\u00e1vel sucessor na presid\u00eancia da\u00a0legenda.<\/p>\n<p style=\"text-align: right;\"><span style=\"color: #999999;\">Por Alexandre Santos para o Bahia.ba<\/span><\/p>\n<div class='share-to-whatsapp-wrapper'><div class='share-on-whsp'>Share on: <\/div><a data-text='Imbassahy defende \u2018apoio integral\u2019 ao novo governo e minimiza racha entre Doria e Alckmin' data-link='https:\/\/newsinfoco.com.br\/inicio\/imbassahy-defende-apoio-integral-ao-novo-governo-e-minimiza-racha-entre-doria-e-alckmin\/' class='whatsapp-button whatsapp-share'>WhatsApp<\/a><div class='clear '><\/div><\/div>","protected":false},"excerpt":{"rendered":"<p>O deputado federal Antonio Imbassahy (PSDB) afirmou nesta quarta-feira (7) pertencer \u00e0 ala\u00a0tucana que defende apoio integral ao governo do presidente eleito Jair Bolsonaro (PSL). \u201cMinha posi\u00e7\u00e3o \u00e9 apoiar integralmente o presidente eleito. Ali\u00e1s, isso eu declarei no dia seguinte ap\u00f3s o primeiro turno [das elei\u00e7\u00f5es]. No dia seguinte, eu fiz essa declara\u00e7\u00e3o e mantenho [&hellip;]<\/p>\n","protected":false},"author":1,"featured_media":11116,"comment_status":"open","ping_status":"open","sticky":false,"template":"","format":"standard","meta":{"om_disable_all_campaigns":false,"_exactmetrics_skip_tracking":false,"_exactmetrics_sitenote_active":false,"_exactmetrics_sitenote_note":"","_exactmetrics_sitenote_category":0,"footnotes":""},"categories":[19],"tags":[],"class_list":["post-11115","post","type-post","status-publish","format-standard","has-post-thumbnail","hentry","category-bahia"],"aioseo_notices":[],"_links":{"self":[{"href":"https:\/\/newsinfoco.com.br\/inicio\/wp-json\/wp\/v2\/posts\/11115","targetHints":{"allow":["GET"]}}],"collection":[{"href":"https:\/\/newsinfoco.com.br\/inicio\/wp-json\/wp\/v2\/posts"}],"about":[{"href":"https:\/\/newsinfoco.com.br\/inicio\/wp-json\/wp\/v2\/types\/post"}],"author":[{"embeddable":true,"href":"https:\/\/newsinfoco.com.br\/inicio\/wp-json\/wp\/v2\/users\/1"}],"replies":[{"embeddable":true,"href":"https:\/\/newsinfoco.com.br\/inicio\/wp-json\/wp\/v2\/comments?post=11115"}],"version-history":[{"count":0,"href":"https:\/\/newsinfoco.com.br\/inicio\/wp-json\/wp\/v2\/posts\/11115\/revisions"}],"wp:featuredmedia":[{"embeddable":true,"href":"https:\/\/newsinfoco.com.br\/inicio\/wp-json\/wp\/v2\/media\/11116"}],"wp:attachment":[{"href":"https:\/\/newsinfoco.com.br\/inicio\/wp-json\/wp\/v2\/media?parent=11115"}],"wp:term":[{"taxonomy":"category","embeddable":true,"href":"https:\/\/newsinfoco.com.br\/inicio\/wp-json\/wp\/v2\/categories?post=11115"},{"taxonomy":"post_tag","embeddable":true,"href":"https:\/\/newsinfoco.com.br\/inicio\/wp-json\/wp\/v2\/tags?post=11115"}],"curies":[{"name":"wp","href":"https:\/\/api.w.org\/{rel}","templated":true}]}}