{"id":11121,"date":"2018-11-07T19:52:37","date_gmt":"2018-11-07T21:52:37","guid":{"rendered":"http:\/\/newsinfoco.com.br\/?p=11121"},"modified":"2018-11-07T19:52:37","modified_gmt":"2018-11-07T21:52:37","slug":"saae-alagoinhas-convida-moradores-do-novo-horizonte-para-lancamento-de-pacote-de-acoes-sociais","status":"publish","type":"post","link":"https:\/\/newsinfoco.com.br\/inicio\/saae-alagoinhas-convida-moradores-do-novo-horizonte-para-lancamento-de-pacote-de-acoes-sociais\/","title":{"rendered":"SAAE Alagoinhas convida moradores do Novo Horizonte para lan\u00e7amento de pacote de a\u00e7\u00f5es sociais"},"content":{"rendered":"<p style=\"text-align: justify;\">O Servi\u00e7o Aut\u00f4nomo de \u00c1gua e Esgoto (SAAE) Alagoinhas convida a todos os moradores do Novo Horizonte para participar, na quinta-feira (08), do lan\u00e7amento do Projeto T\u00e9cnico Social referente ao Programa de Acelera\u00e7\u00e3o do Crescimento (PAC 1).<\/p>\n<p style=\"text-align: justify;\">A reuni\u00e3o acontecer\u00e1 \u00e0s 19h, na sede da associa\u00e7\u00e3o de moradores do bairro.<\/p><div class=\"newsi-conteudo_19\" id=\"newsi-3411324062\"><a href=\"https:\/\/www.instagram.com\/prefeituraalagoinhas?igsh=YzgzdDJ1bWR3aWI4\" aria-label=\"SAVE_20251006_221555\"><img loading=\"lazy\" decoding=\"async\" src=\"https:\/\/newsinfoco.com.br\/inicio\/wp-content\/uploads\/2025\/10\/SAVE_20251006_221555-rotated.jpg\" alt=\"\"  srcset=\"https:\/\/newsinfoco.com.br\/inicio\/wp-content\/uploads\/2025\/10\/SAVE_20251006_221555-rotated.jpg 1140w, https:\/\/newsinfoco.com.br\/inicio\/wp-content\/uploads\/2025\/10\/SAVE_20251006_221555-300x52.jpg 300w, https:\/\/newsinfoco.com.br\/inicio\/wp-content\/uploads\/2025\/10\/SAVE_20251006_221555-1024x177.jpg 1024w, https:\/\/newsinfoco.com.br\/inicio\/wp-content\/uploads\/2025\/10\/SAVE_20251006_221555-768x133.jpg 768w, https:\/\/newsinfoco.com.br\/inicio\/wp-content\/uploads\/2025\/10\/SAVE_20251006_221555-600x104.jpg 600w, https:\/\/newsinfoco.com.br\/inicio\/wp-content\/uploads\/2025\/10\/SAVE_20251006_221555-696x120.jpg 696w, https:\/\/newsinfoco.com.br\/inicio\/wp-content\/uploads\/2025\/10\/SAVE_20251006_221555-1068x185.jpg 1068w\" sizes=\"(max-width: 1140px) 100vw, 1140px\" width=\"1140\" height=\"197\"   \/><\/a><\/div>\n<p style=\"text-align: justify;\">A autarquia conta com a presen\u00e7a de todos.<\/p>\n<p style=\"text-align: justify;\"><strong>A\u00c7\u00d5ES A SEREM REALIZADAS NO NOVO HORIZONTE<\/strong><\/p>\n<p style=\"text-align: justify;\">\u2013 Capacita\u00e7\u00e3o de s\u00edndicos;<br \/>\n\u2013 Feira de Saneamento;<br \/>\n\u2013 Promover a socializa\u00e7\u00e3o de idosos por meio da pr\u00e1tica esportiva \u2013 Oficina de alongamento;<br \/>\n\u2013 Mulher Mais (A\u00e7\u00e3o de fortalecimento feminino);<br \/>\n\u2013 Curso oficina de capoeira;<br \/>\n\u2013 Desenvolver curso com a tem\u00e1tica ambiental (Monitores Ambientais) para jovens, no contra turno escolar e para adultos no turno noturno.<br \/>\n\u2013 Curso oficina de forma\u00e7\u00e3o de cooperativas;<br \/>\n\u2013 Oficina de velas artesanais;<\/p>\n<p style=\"text-align: justify;\"><em>Al\u00e9m do atendimento presencial no Posto de Atendimento (Rua Moreira Rego,9977, Centro), h\u00e1 o WhatsApp e o Call Center. Pelo aplicativo, basta enviar uma mensagem (75) 981804500; o retorno sempre \u00e9 instant\u00e2neo. Pelo Call Center, \u00e9 s\u00f3 ligar gratuitamente para 0800 702 7065.<\/em><\/p>\n<h6 style=\"text-align: right;\"><span style=\"color: #999999;\">Ascom SAAE<\/span><\/h6>\n<div class='share-to-whatsapp-wrapper'><div class='share-on-whsp'>Share on: <\/div><a data-text='SAAE Alagoinhas convida moradores do Novo Horizonte para lan\u00e7amento de pacote de a\u00e7\u00f5es sociais' data-link='https:\/\/newsinfoco.com.br\/inicio\/saae-alagoinhas-convida-moradores-do-novo-horizonte-para-lancamento-de-pacote-de-acoes-sociais\/' class='whatsapp-button whatsapp-share'>WhatsApp<\/a><div class='clear '><\/div><\/div>","protected":false},"excerpt":{"rendered":"<p>O Servi\u00e7o Aut\u00f4nomo de \u00c1gua e Esgoto (SAAE) Alagoinhas convida a todos os moradores do Novo Horizonte para participar, na quinta-feira (08), do lan\u00e7amento do Projeto T\u00e9cnico Social referente ao Programa de Acelera\u00e7\u00e3o do Crescimento (PAC 1). A reuni\u00e3o acontecer\u00e1 \u00e0s 19h, na sede da associa\u00e7\u00e3o de moradores do bairro. A autarquia conta com a [&hellip;]<\/p>\n","protected":false},"author":1,"featured_media":11122,"comment_status":"open","ping_status":"open","sticky":false,"template":"","format":"standard","meta":{"om_disable_all_campaigns":false,"_exactmetrics_skip_tracking":false,"_exactmetrics_sitenote_active":false,"_exactmetrics_sitenote_note":"","_exactmetrics_sitenote_category":0,"footnotes":""},"categories":[38,30],"tags":[],"class_list":["post-11121","post","type-post","status-publish","format-standard","has-post-thumbnail","hentry","category-alagoinhas-e-regiao","category-destaque"],"aioseo_notices":[],"_links":{"self":[{"href":"https:\/\/newsinfoco.com.br\/inicio\/wp-json\/wp\/v2\/posts\/11121","targetHints":{"allow":["GET"]}}],"collection":[{"href":"https:\/\/newsinfoco.com.br\/inicio\/wp-json\/wp\/v2\/posts"}],"about":[{"href":"https:\/\/newsinfoco.com.br\/inicio\/wp-json\/wp\/v2\/types\/post"}],"author":[{"embeddable":true,"href":"https:\/\/newsinfoco.com.br\/inicio\/wp-json\/wp\/v2\/users\/1"}],"replies":[{"embeddable":true,"href":"https:\/\/newsinfoco.com.br\/inicio\/wp-json\/wp\/v2\/comments?post=11121"}],"version-history":[{"count":0,"href":"https:\/\/newsinfoco.com.br\/inicio\/wp-json\/wp\/v2\/posts\/11121\/revisions"}],"wp:featuredmedia":[{"embeddable":true,"href":"https:\/\/newsinfoco.com.br\/inicio\/wp-json\/wp\/v2\/media\/11122"}],"wp:attachment":[{"href":"https:\/\/newsinfoco.com.br\/inicio\/wp-json\/wp\/v2\/media?parent=11121"}],"wp:term":[{"taxonomy":"category","embeddable":true,"href":"https:\/\/newsinfoco.com.br\/inicio\/wp-json\/wp\/v2\/categories?post=11121"},{"taxonomy":"post_tag","embeddable":true,"href":"https:\/\/newsinfoco.com.br\/inicio\/wp-json\/wp\/v2\/tags?post=11121"}],"curies":[{"name":"wp","href":"https:\/\/api.w.org\/{rel}","templated":true}]}}