{"id":11127,"date":"2018-11-07T19:57:05","date_gmt":"2018-11-07T21:57:05","guid":{"rendered":"http:\/\/newsinfoco.com.br\/?p=11127"},"modified":"2018-11-07T19:57:05","modified_gmt":"2018-11-07T21:57:05","slug":"saae-alagoinhas-e-contemplado-com-programa-federal-avancar-cidades","status":"publish","type":"post","link":"https:\/\/newsinfoco.com.br\/inicio\/saae-alagoinhas-e-contemplado-com-programa-federal-avancar-cidades\/","title":{"rendered":"SAAE Alagoinhas \u00e9 contemplado com programa federal Avan\u00e7ar Cidades"},"content":{"rendered":"<p style=\"text-align: justify;\">As obras do Programa de Acelera\u00e7\u00e3o do Crescimento (PAC I e II) e Saneamento para todos, que elevar\u00e3o a capacidade de atendimento sanit\u00e1rio de Alagoinhas de 14% para 35%, chegam \u00e0 fase final.<\/p>\n<p style=\"text-align: justify;\">Embora o salto percentual seja hist\u00f3rico, o Servi\u00e7o Aut\u00f4nomo de \u00c1gua e Esgoto (SAAE) Alagoinhas j\u00e1 pensa al\u00e9m. A continuidade das interven\u00e7\u00f5es de infraestrutura que visam melhorar a sa\u00fade e o bem-estar da popula\u00e7\u00e3o j\u00e1 est\u00e1 elaborada e assegurada, agora com a obten\u00e7\u00e3o de R$12.889.008,88 em verbas federais, atrav\u00e9s do programa federal Avan\u00e7ar Cidades.<\/p><div class=\"newsi-conteudo_19\" id=\"newsi-1931426765\"><a href=\"https:\/\/www.instagram.com\/prefeituraalagoinhas?igsh=YzgzdDJ1bWR3aWI4\" aria-label=\"SAVE_20251006_221555\"><img loading=\"lazy\" decoding=\"async\" src=\"https:\/\/newsinfoco.com.br\/inicio\/wp-content\/uploads\/2025\/10\/SAVE_20251006_221555-rotated.jpg\" alt=\"\"  srcset=\"https:\/\/newsinfoco.com.br\/inicio\/wp-content\/uploads\/2025\/10\/SAVE_20251006_221555-rotated.jpg 1140w, https:\/\/newsinfoco.com.br\/inicio\/wp-content\/uploads\/2025\/10\/SAVE_20251006_221555-300x52.jpg 300w, https:\/\/newsinfoco.com.br\/inicio\/wp-content\/uploads\/2025\/10\/SAVE_20251006_221555-1024x177.jpg 1024w, https:\/\/newsinfoco.com.br\/inicio\/wp-content\/uploads\/2025\/10\/SAVE_20251006_221555-768x133.jpg 768w, https:\/\/newsinfoco.com.br\/inicio\/wp-content\/uploads\/2025\/10\/SAVE_20251006_221555-600x104.jpg 600w, https:\/\/newsinfoco.com.br\/inicio\/wp-content\/uploads\/2025\/10\/SAVE_20251006_221555-696x120.jpg 696w, https:\/\/newsinfoco.com.br\/inicio\/wp-content\/uploads\/2025\/10\/SAVE_20251006_221555-1068x185.jpg 1068w\" sizes=\"(max-width: 1140px) 100vw, 1140px\" width=\"1140\" height=\"197\"   \/><\/a><\/div>\n<p style=\"text-align: justify;\">O projeto, aprovado pelo Minist\u00e9rio das Cidades, contempla a amplia\u00e7\u00e3o do sistema de esgotamento sanit\u00e1rio que atender\u00e1 Nova Rep\u00fablica e parte de Santa Terezinha, com quatro esta\u00e7\u00f5es elevat\u00f3rias, cerca de 29.485 metros de rede coletora, 1.980 liga\u00e7\u00f5es intradomiciliares e 10.308 metros de interceptor para Esta\u00e7\u00e3o de Tratamento da Bacia da Fonte dos Padres, em Narandiba.<\/p>\n<p style=\"text-align: justify;\">\u201cO sistema beneficiar\u00e1 diretamente mais de sete mil pessoas com a coleta e o tratamento adequado dos esgotos\u201d, explica a diretora geral Maria das Gra\u00e7as Reis. \u201cHaver\u00e1, ainda, a diminui\u00e7\u00e3o\u00a0das doen\u00e7as de veicula\u00e7\u00e3o h\u00eddrica e\u00a0da contamina\u00e7\u00e3o do rio Catu perto dos bairros atendidos, bem como a redu\u00e7\u00e3o de esgotos a c\u00e9u aberto\u201d, completa.<\/p>\n<p style=\"text-align: justify;\">T\u00eam-se, por fim, tamb\u00e9m a expectativa da gera\u00e7\u00e3o de empregos diretos e indiretos.<\/p>\n<p style=\"text-align: justify;\"><em>Al\u00e9m do atendimento presencial no Posto de Atendimento (Rua Moreira Rego,9977, Centro), h\u00e1 o WhatsApp e o Call Center. Pelo aplicativo, basta enviar uma mensagem (75) 981804500; o retorno sempre \u00e9 instant\u00e2neo. Pelo Call Center, \u00e9 s\u00f3 ligar gratuitamente para 0800 702 7065.<\/em><\/p>\n<h6 style=\"text-align: right;\"><span style=\"color: #999999;\">Ascom SAAE<\/span><\/h6>\n<div class='share-to-whatsapp-wrapper'><div class='share-on-whsp'>Share on: <\/div><a data-text='SAAE Alagoinhas \u00e9 contemplado com programa federal Avan\u00e7ar Cidades' data-link='https:\/\/newsinfoco.com.br\/inicio\/saae-alagoinhas-e-contemplado-com-programa-federal-avancar-cidades\/' class='whatsapp-button whatsapp-share'>WhatsApp<\/a><div class='clear '><\/div><\/div>","protected":false},"excerpt":{"rendered":"<p>As obras do Programa de Acelera\u00e7\u00e3o do Crescimento (PAC I e II) e Saneamento para todos, que elevar\u00e3o a capacidade de atendimento sanit\u00e1rio de Alagoinhas de 14% para 35%, chegam \u00e0 fase final. Embora o salto percentual seja hist\u00f3rico, o Servi\u00e7o Aut\u00f4nomo de \u00c1gua e Esgoto (SAAE) Alagoinhas j\u00e1 pensa al\u00e9m. A continuidade das interven\u00e7\u00f5es [&hellip;]<\/p>\n","protected":false},"author":1,"featured_media":11128,"comment_status":"open","ping_status":"open","sticky":false,"template":"","format":"standard","meta":{"om_disable_all_campaigns":false,"_exactmetrics_skip_tracking":false,"_exactmetrics_sitenote_active":false,"_exactmetrics_sitenote_note":"","_exactmetrics_sitenote_category":0,"footnotes":""},"categories":[38,30],"tags":[],"class_list":["post-11127","post","type-post","status-publish","format-standard","has-post-thumbnail","hentry","category-alagoinhas-e-regiao","category-destaque"],"aioseo_notices":[],"_links":{"self":[{"href":"https:\/\/newsinfoco.com.br\/inicio\/wp-json\/wp\/v2\/posts\/11127","targetHints":{"allow":["GET"]}}],"collection":[{"href":"https:\/\/newsinfoco.com.br\/inicio\/wp-json\/wp\/v2\/posts"}],"about":[{"href":"https:\/\/newsinfoco.com.br\/inicio\/wp-json\/wp\/v2\/types\/post"}],"author":[{"embeddable":true,"href":"https:\/\/newsinfoco.com.br\/inicio\/wp-json\/wp\/v2\/users\/1"}],"replies":[{"embeddable":true,"href":"https:\/\/newsinfoco.com.br\/inicio\/wp-json\/wp\/v2\/comments?post=11127"}],"version-history":[{"count":0,"href":"https:\/\/newsinfoco.com.br\/inicio\/wp-json\/wp\/v2\/posts\/11127\/revisions"}],"wp:featuredmedia":[{"embeddable":true,"href":"https:\/\/newsinfoco.com.br\/inicio\/wp-json\/wp\/v2\/media\/11128"}],"wp:attachment":[{"href":"https:\/\/newsinfoco.com.br\/inicio\/wp-json\/wp\/v2\/media?parent=11127"}],"wp:term":[{"taxonomy":"category","embeddable":true,"href":"https:\/\/newsinfoco.com.br\/inicio\/wp-json\/wp\/v2\/categories?post=11127"},{"taxonomy":"post_tag","embeddable":true,"href":"https:\/\/newsinfoco.com.br\/inicio\/wp-json\/wp\/v2\/tags?post=11127"}],"curies":[{"name":"wp","href":"https:\/\/api.w.org\/{rel}","templated":true}]}}