{"id":11130,"date":"2018-11-07T19:59:57","date_gmt":"2018-11-07T21:59:57","guid":{"rendered":"http:\/\/newsinfoco.com.br\/?p=11130"},"modified":"2018-11-07T19:59:57","modified_gmt":"2018-11-07T21:59:57","slug":"esplanada-fica-sem-agua-e-deputado-cobra-providencias-da-embasa","status":"publish","type":"post","link":"https:\/\/newsinfoco.com.br\/inicio\/esplanada-fica-sem-agua-e-deputado-cobra-providencias-da-embasa\/","title":{"rendered":"Esplanada fica sem \u00e1gua e deputado cobra provid\u00eancias da Embasa"},"content":{"rendered":"<p class=\"gmail-western\" style=\"text-align: justify;\" align=\"JUSTIFY\"><span style=\"color: #000000;\"><span style=\"font-family: Arial, sans-serif;\"><span style=\"font-size: medium;\">Ap\u00f3s diversas reclama\u00e7\u00f5es de moradores, o deputado estadual Alex Lima (PSB) pediu provid\u00eancias da Empresa Baiana de \u00c1guas e Saneamento (Embasa) sobre o desabastecimento de \u00e1gua na Regi\u00e3o de Lim\u00f5es, munic\u00edpio de Esplanada. H\u00e1 cerca de dois meses a popula\u00e7\u00e3o sofre com a falta d&#8217;\u00e1gua nas torneiras o que tem gerado caos na cidade. &#8220;Tenho recebido muitas queixas referente a m\u00e1 distribui\u00e7\u00e3o de \u00e1gua na cidade e me comprometo a solicitar uma audi\u00eancia com o presidente Rog\u00e9rio Cedraz para que ele nos d\u00ea uma posi\u00e7\u00e3o sobre isso. N\u00e3o \u00e9 justo que a popula\u00e7\u00e3o pague por um servi\u00e7o que n\u00e3o utiliza&#8221;, disse o deputado.<\/span><\/span><\/span><\/p>\n<p class=\"gmail-western\" style=\"text-align: justify;\" align=\"JUSTIFY\"><span style=\"color: #000000;\"><span style=\"font-family: Arial, sans-serif;\"><span style=\"font-size: medium;\">Esta \u00e9 a segunda vez que o parlamentar cobra da Embasa a\u00e7\u00f5es para regularizar o abastecimento de \u00e1gua na cidade. &#8220;H\u00e1 muito tempo Esplanada, sobretudo a regi\u00e3o do S\u00e3o Jos\u00e9, sofre com a desregula\u00e7\u00e3o do fornecimento de \u00e1gua. Em mar\u00e7o deste ano, apresentei a demanda dos esplanadenses ao presidente da Embasa e agora estamos novamente com os mesmos problemas. As torneiras permanecem vazias, mas as contas chegam normalmente. Isso n\u00e3o \u00e9 justo com a popula\u00e7\u00e3o. Vou marcar audi\u00eancia com o presidente e tenho certeza que ele ir\u00e1 se sensibilizar e nos ajudar a reverter este quadro&#8221;, afirmou.<\/span><\/span><\/span><\/p><div class=\"newsi-conteudo_19\" id=\"newsi-1623831965\"><a href=\"https:\/\/www.instagram.com\/prefeituraalagoinhas?igsh=YzgzdDJ1bWR3aWI4\" aria-label=\"SAVE_20251006_221555\"><img loading=\"lazy\" decoding=\"async\" src=\"https:\/\/newsinfoco.com.br\/inicio\/wp-content\/uploads\/2025\/10\/SAVE_20251006_221555-rotated.jpg\" alt=\"\"  srcset=\"https:\/\/newsinfoco.com.br\/inicio\/wp-content\/uploads\/2025\/10\/SAVE_20251006_221555-rotated.jpg 1140w, https:\/\/newsinfoco.com.br\/inicio\/wp-content\/uploads\/2025\/10\/SAVE_20251006_221555-300x52.jpg 300w, https:\/\/newsinfoco.com.br\/inicio\/wp-content\/uploads\/2025\/10\/SAVE_20251006_221555-1024x177.jpg 1024w, https:\/\/newsinfoco.com.br\/inicio\/wp-content\/uploads\/2025\/10\/SAVE_20251006_221555-768x133.jpg 768w, https:\/\/newsinfoco.com.br\/inicio\/wp-content\/uploads\/2025\/10\/SAVE_20251006_221555-600x104.jpg 600w, https:\/\/newsinfoco.com.br\/inicio\/wp-content\/uploads\/2025\/10\/SAVE_20251006_221555-696x120.jpg 696w, https:\/\/newsinfoco.com.br\/inicio\/wp-content\/uploads\/2025\/10\/SAVE_20251006_221555-1068x185.jpg 1068w\" sizes=\"(max-width: 1140px) 100vw, 1140px\" width=\"1140\" height=\"197\"   \/><\/a><\/div>\n<h6 style=\"text-align: right;\" align=\"JUSTIFY\"><span style=\"color: #999999;\">Ascom dep. Alex Lima<\/span><\/h6>\n<div class='share-to-whatsapp-wrapper'><div class='share-on-whsp'>Share on: <\/div><a data-text='Esplanada fica sem \u00e1gua e deputado cobra provid\u00eancias da Embasa' data-link='https:\/\/newsinfoco.com.br\/inicio\/esplanada-fica-sem-agua-e-deputado-cobra-providencias-da-embasa\/' class='whatsapp-button whatsapp-share'>WhatsApp<\/a><div class='clear '><\/div><\/div>","protected":false},"excerpt":{"rendered":"<p>Ap\u00f3s diversas reclama\u00e7\u00f5es de moradores, o deputado estadual Alex Lima (PSB) pediu provid\u00eancias da Empresa Baiana de \u00c1guas e Saneamento (Embasa) sobre o desabastecimento de \u00e1gua na Regi\u00e3o de Lim\u00f5es, munic\u00edpio de Esplanada. H\u00e1 cerca de dois meses a popula\u00e7\u00e3o sofre com a falta d&#8217;\u00e1gua nas torneiras o que tem gerado caos na cidade. &#8220;Tenho [&hellip;]<\/p>\n","protected":false},"author":1,"featured_media":10284,"comment_status":"open","ping_status":"open","sticky":false,"template":"","format":"standard","meta":{"om_disable_all_campaigns":false,"_exactmetrics_skip_tracking":false,"_exactmetrics_sitenote_active":false,"_exactmetrics_sitenote_note":"","_exactmetrics_sitenote_category":0,"footnotes":""},"categories":[38,30],"tags":[],"class_list":["post-11130","post","type-post","status-publish","format-standard","has-post-thumbnail","hentry","category-alagoinhas-e-regiao","category-destaque"],"aioseo_notices":[],"_links":{"self":[{"href":"https:\/\/newsinfoco.com.br\/inicio\/wp-json\/wp\/v2\/posts\/11130","targetHints":{"allow":["GET"]}}],"collection":[{"href":"https:\/\/newsinfoco.com.br\/inicio\/wp-json\/wp\/v2\/posts"}],"about":[{"href":"https:\/\/newsinfoco.com.br\/inicio\/wp-json\/wp\/v2\/types\/post"}],"author":[{"embeddable":true,"href":"https:\/\/newsinfoco.com.br\/inicio\/wp-json\/wp\/v2\/users\/1"}],"replies":[{"embeddable":true,"href":"https:\/\/newsinfoco.com.br\/inicio\/wp-json\/wp\/v2\/comments?post=11130"}],"version-history":[{"count":0,"href":"https:\/\/newsinfoco.com.br\/inicio\/wp-json\/wp\/v2\/posts\/11130\/revisions"}],"wp:featuredmedia":[{"embeddable":true,"href":"https:\/\/newsinfoco.com.br\/inicio\/wp-json\/wp\/v2\/media\/10284"}],"wp:attachment":[{"href":"https:\/\/newsinfoco.com.br\/inicio\/wp-json\/wp\/v2\/media?parent=11130"}],"wp:term":[{"taxonomy":"category","embeddable":true,"href":"https:\/\/newsinfoco.com.br\/inicio\/wp-json\/wp\/v2\/categories?post=11130"},{"taxonomy":"post_tag","embeddable":true,"href":"https:\/\/newsinfoco.com.br\/inicio\/wp-json\/wp\/v2\/tags?post=11130"}],"curies":[{"name":"wp","href":"https:\/\/api.w.org\/{rel}","templated":true}]}}