{"id":11132,"date":"2018-11-07T20:04:04","date_gmt":"2018-11-07T22:04:04","guid":{"rendered":"http:\/\/newsinfoco.com.br\/?p=11132"},"modified":"2018-11-07T20:04:04","modified_gmt":"2018-11-07T22:04:04","slug":"alagoinhas-recebe-espetaculo-sertao-nos-dias-07-e-08-de-novembro","status":"publish","type":"post","link":"https:\/\/newsinfoco.com.br\/inicio\/alagoinhas-recebe-espetaculo-sertao-nos-dias-07-e-08-de-novembro\/","title":{"rendered":"Alagoinhas recebe espet\u00e1culo Sert\u00e3o nos dias 07 e 08 de novembro"},"content":{"rendered":"<p style=\"text-align: justify;\">A Outra Companhia de Teatro inicia o segundo ano do projeto <strong>ENXERGUE! <em>sonhos, mem\u00f3rias e declara\u00e7\u00f5es d&#8217;A Outra Companhia<\/em><\/strong>, aprovado pelo Edital de Apoio a Grupos e Coletivos Culturais do Fundo de Cultura do Estado da Bahia de 2016, com uma circula\u00e7\u00e3o pelo interior baiano para apresentar <strong><em>Sert\u00e3o<\/em><\/strong>, mais novo espet\u00e1culo do grupo.<\/p>\n<p style=\"text-align: justify;\">Dentre as cidades baianas escolhidas est\u00e1 Alagoinhas, munic\u00edpio de origem de dois integrantes do grupo, Luiz Ant\u00f4nio Sena Jr. e Anderson Danttas. A cidade\u00a0ir\u00e1 receber o grupo de 07 a 09 de novembro. Sendo que, <strong><em>Sert\u00e3o <\/em><\/strong>ser\u00e1 apresentado nos dias 07 e 08.<\/p><div class=\"newsi-conteudo_19\" id=\"newsi-2994585126\"><a href=\"https:\/\/www.instagram.com\/prefeituraalagoinhas?igsh=YzgzdDJ1bWR3aWI4\" aria-label=\"SAVE_20251006_221555\"><img loading=\"lazy\" decoding=\"async\" src=\"https:\/\/newsinfoco.com.br\/inicio\/wp-content\/uploads\/2025\/10\/SAVE_20251006_221555-rotated.jpg\" alt=\"\"  srcset=\"https:\/\/newsinfoco.com.br\/inicio\/wp-content\/uploads\/2025\/10\/SAVE_20251006_221555-rotated.jpg 1140w, https:\/\/newsinfoco.com.br\/inicio\/wp-content\/uploads\/2025\/10\/SAVE_20251006_221555-300x52.jpg 300w, https:\/\/newsinfoco.com.br\/inicio\/wp-content\/uploads\/2025\/10\/SAVE_20251006_221555-1024x177.jpg 1024w, https:\/\/newsinfoco.com.br\/inicio\/wp-content\/uploads\/2025\/10\/SAVE_20251006_221555-768x133.jpg 768w, https:\/\/newsinfoco.com.br\/inicio\/wp-content\/uploads\/2025\/10\/SAVE_20251006_221555-600x104.jpg 600w, https:\/\/newsinfoco.com.br\/inicio\/wp-content\/uploads\/2025\/10\/SAVE_20251006_221555-696x120.jpg 696w, https:\/\/newsinfoco.com.br\/inicio\/wp-content\/uploads\/2025\/10\/SAVE_20251006_221555-1068x185.jpg 1068w\" sizes=\"(max-width: 1140px) 100vw, 1140px\" width=\"1140\" height=\"197\"   \/><\/a><\/div>\n<p style=\"text-align: justify;\">Al\u00e9m de <strong><em>Sert\u00e3o<\/em><\/strong>, o grupo vai oferecer gratuitamente a oficina <strong>Teatro Document\u00e1rio: nem tudo \u00e9 fic\u00e7\u00e3o<\/strong>, ministrada pelo ator e diretor art\u00edstico d&#8217;A Outra, Luiz Ant\u00f4nio Sena Jr, nos dias 08 e 09 de novembro.\u00a0O objetivo desta circula\u00e7\u00e3o \u00e9 fazer um interc\u00e2mbio com os artistas e grupos de teatro destas cidades.<\/p>\n<p style=\"text-align: justify;\">A primeira parada em Alagoinhas integra a programa\u00e7\u00e3o da terceira edi\u00e7\u00e3o do Festival de Teatro de Alagoinhas (FESTA). A Outra Companhia de Teatro participa pelo segundo ano consecutivo do festival. Em 2017, levaram o espet\u00e1culo <strong><em>O que de voc\u00ea ficou em mim<\/em><\/strong>.<\/p>\n<p style=\"text-align: justify;\">O espet\u00e1culo <strong><em>Sert\u00e3o<\/em><\/strong> ocorre na Casa do Boi Encantado (anexo do Centro de Cultura), nos dias 07 e 08 de novembro, \u00e0s 20h, com ingressos a pre\u00e7os populares (R$20 inteira e R$10 meia). J\u00e1 a oficina ser\u00e1 realizada na sala Auristela S\u00e1, do Centro de Cultura, nos dias 08 e 09 de novembro, das 14 \u00e0s 18, gratuitamente.<\/p>\n<p style=\"text-align: justify;\">A escolha do munic\u00edpio para in\u00edcio da circula\u00e7\u00e3o \u00e9 a exist\u00eancia de um dos grupos mais antigos da Bahia, o N\u00facleo Afrobrasileiro de Teatro de Alagoinhas (NATA), que acaba de comemorar 20 anos. A Outra Companhia mant\u00e9m com este grupo uma boa rela\u00e7\u00e3o e j\u00e1 realizou algumas parcerias art\u00edsticas.<\/p>\n<p style=\"text-align: justify;\"><strong>Sert\u00e3o<\/strong><\/p>\n<p style=\"text-align: justify;\">Com uma primeira temporada com sess\u00f5es lotadas, o espet\u00e1culo <strong><em>Sert\u00e3o<\/em><\/strong> nasceu como uma voz a refletir\/cantar\/contar\/sonhar sobre o m\u00edtico e o real desta faixa de terra majoritariamente nordestina. O ontem e o hoje se confundem e se distanciam em um sert\u00e3o contempor\u00e2neo &#8220;contaminado&#8221; de refer\u00eancias metropolitanas e globalizadas, ressignificadas, mas sertanejas.<\/p>\n<p style=\"text-align: justify;\">A fragmentada hist\u00f3ria vai se construindo num ambiente de quintal de casa, de terreiro de v\u00f3, de festa junina, assim como campo de guerra, zona atravessada pelo tr\u00e1fico, terra de sangue ferrado e viol\u00eancia institu\u00edda, com suas alegrias e tens\u00f5es que fazem do sertanejo, antes de tudo um forte, parafraseando Euclides da Cunha.<\/p>\n<p style=\"text-align: justify;\">O dramaturgo Luiz Ant\u00f4nio Sena Jr. apresenta o imagin\u00e1rio coletivo, as manifesta\u00e7\u00f5es populares, o misticismo e a musicalidade que constroem esse espa\u00e7o. As m\u00fasicas do espet\u00e1culo, que tem como diretor musical o integrante d&#8217;A Outra Roquildes J\u00fanior s\u00e3o composi\u00e7\u00f5es que pertencem ao cancioneiro popular sertanejo e a literatura que evoca a regi\u00e3o.<\/p>\n<p style=\"text-align: justify;\">&#8220;Partimos do imagin\u00e1rio coletivo e sertanejo para escolher as can\u00e7\u00f5es que permeiam a pe\u00e7a. Algumas composi\u00e7\u00f5es autorais surgiram no processo, escritas por mim em parceria com os atores, mas totalmente ligadas ao que ocorre nas cenas, seguindo uma linha brechtiana&#8221;, explica Roquildes J\u00fanior, que al\u00e9m de diretor musical est\u00e1 como ator no espet\u00e1culo.<\/p>\n<p style=\"text-align: justify;\">Al\u00e9m de int\u00e9rprete, o ator e bailarino Anderson Danttas assume a dire\u00e7\u00e3o de corpo e movimento do espet\u00e1culo, inspirando-se nas viv\u00eancias do corpo calejado do povo sertanejo, buscando o peda\u00e7o de sert\u00e3o que est\u00e1 nos poros, dobras e pulsos de cada ator\/atriz. A energia da montagem \u00e9 de uma boa festa de boiadeiro\/caboclo\/cavaleiro e suas microhist\u00f3rias atravessadas pelo sincretismo religioso dando direcionamento aos corpos na cena.<\/p>\n<p style=\"text-align: justify;\">Em <strong><em>Sert\u00e3o<\/em><\/strong>, al\u00e9m dos integrantes d&#8217;A Outra Companhia \u2013 Roquildes J\u00fanior, Luiz Ant\u00f4nio Sena Jr, Anderson Danttas, Eddy Ver\u00edssimo, Luiz Buranga e Israel Barreto -, o grupo convida tr\u00eas int\u00e9rpretes: Roberto C\u00e2ndido, Ta\u00eds Grecco e Elis\u00e2ngela Caj\u00e9. Todos se revezam em personagens, tocam, dan\u00e7am e cantam, al\u00e9m de mover a estrutura cenogr\u00e1fica e executar fun\u00e7\u00f5es de opera\u00e7\u00e3o de som e luz &#8211; ressaltando a multiplicidade caracter\u00edstica dos trabalhos coletivos e recentes do grupo.<\/p>\n<p style=\"text-align: justify;\"><strong>Document\u00e1rio<\/strong><\/p>\n<p style=\"text-align: justify;\">A oficina <strong>Teatro Document\u00e1rio &#8211; nem tudo \u00e9 fic\u00e7\u00e3o<\/strong>, que j\u00e1 foi ministrada em v\u00e1rias cidades brasileiras, como S\u00e3o Paulo, Rio de Janeiro, Porto Alegre e algumas baianas, como Barreiras, Jequi\u00e9, Santo Ant\u00f4nio de Jesus e Salvador, tem como base os princ\u00edpios de viewpoints, t\u00e9cnicas de improvisa\u00e7\u00e3o e intera\u00e7\u00e3o com o p\u00fablico.<\/p>\n<p style=\"text-align: justify;\">&#8220;Vamos trabalhar com o teatro document\u00e1rio, nossa po\u00e9tica de cria\u00e7\u00e3o, em que o universo do real e da fic\u00e7\u00e3o acabam sendo tensionados, borrando seus limites&#8221;, explica Luiz Ant\u00f4nio Sena Jr., diretor art\u00edstico d&#8217;A Outra Companhia e respons\u00e1vel por ministrar a oficinas.<\/p>\n<p style=\"text-align: justify;\">Para al\u00e9m de mostrar a po\u00e9tica do grupo, a oficina servir\u00e1 como pesquisa para a dramaturgia do novo espet\u00e1culo d&#8217;A Outra Companhia de Teatro, que estrear\u00e1 em 2019, como resultado final do projeto <strong>ENXERGUE! <\/strong><strong>! <em>sonhos, mem\u00f3rias e declara\u00e7\u00f5es d&#8217;A Outra Companhia<\/em><\/strong>.<\/p>\n<p style=\"text-align: justify;\">De acordo com Luiz Ant\u00f4nio, a inten\u00e7\u00e3o \u00e9 aproveitar a estrutura documental da atividade, que \u00e9 baseada na parte de biografias, para levantar todas as quest\u00f5es relativas a din\u00e2mica de grupo. &#8220;A oficina vai servir como interc\u00e2mbio com os artistas locais, para que possamos mapear a cena local. Queremos saber como eles se mant\u00eam, como as rela\u00e7\u00f5es s\u00e3o constru\u00eddas, como surgem as obras, etc.&#8221;, pontua o artista.<\/p>\n<p style=\"text-align: justify;\">&#8220;\u00c9 um trabalho de enxergar, de reconhecimento como eles est\u00e3o resistindo, para que isso possa servir de material para gente. Entendendo, \u00e9 claro, as disparidades que existem no interior do estado. Queremos explorar as ideias de coletividade, resist\u00eancia, criatividade, afetividade e a busca desses artistas por um profissionalismo, mesmo sem ter tantas ferramentas e possibilidades&#8221;, finaliza Luiz Ant\u00f4nio.<\/p>\n<p style=\"text-align: justify;\">Ficha T\u00e9cnica<\/p>\n<p style=\"text-align: justify;\">Dire\u00e7\u00e3o geral e art\u00edstica: Luiz Ant\u00f4nio Sena Jr.<\/p>\n<p style=\"text-align: justify;\">Produ\u00e7\u00e3o executiva: Anderson Dantas e Roquildes J\u00fanior<\/p>\n<p style=\"text-align: justify;\">Assist\u00eancia de Produ\u00e7\u00e3o: Eddy Ver\u00edssimo<\/p>\n<p style=\"text-align: justify;\">Produ\u00e7\u00e3o Local: Nando Z\u00e2mbia (Alagoinhas) e Romildo Alves (Paulo Afonso)<\/p>\n<p style=\"text-align: justify;\">Coordena\u00e7\u00e3o t\u00e9cnica: Luiz Buranga<\/p>\n<p style=\"text-align: justify;\">Assist\u00eancia T\u00e9cnica: Israel Barretto<\/p>\n<p style=\"text-align: justify;\">Assessoria de Imprensa: Theatre Comunica\u00e7\u00e3o<\/p>\n<p style=\"text-align: justify;\">Design Gr\u00e1fico: Diego Moreno<\/p>\n<p style=\"text-align: justify;\">Registro Audiovisual: Rog\u00e9rio Vilaronga<\/p>\n<p style=\"text-align: justify;\">Registro Fotogr\u00e1fico: Ton Sch\u00fcbber<\/p>\n<p style=\"text-align: justify;\"><strong>Servi\u00e7o<\/strong><\/p>\n<p style=\"text-align: justify;\">O qu\u00ea: Sert\u00e3o &#8211; espet\u00e1culo d&#8217;A Outra Companhia de Teatro<\/p>\n<p style=\"text-align: justify;\">Quando: 07 e 08 de novembro, \u00e0s 20h<\/p>\n<p style=\"text-align: justify;\">Onde:\u00a0Casa do Boi Encantado &#8211; anexo do Centro de Cultura<\/p>\n<p style=\"text-align: justify;\">Ingresso:\u00a0R$20 inteira e R$10 meia<\/p>\n<div class='share-to-whatsapp-wrapper'><div class='share-on-whsp'>Share on: <\/div><a data-text='Alagoinhas recebe espet\u00e1culo Sert\u00e3o nos dias 07 e 08 de novembro' data-link='https:\/\/newsinfoco.com.br\/inicio\/alagoinhas-recebe-espetaculo-sertao-nos-dias-07-e-08-de-novembro\/' class='whatsapp-button whatsapp-share'>WhatsApp<\/a><div class='clear '><\/div><\/div>","protected":false},"excerpt":{"rendered":"<p>A Outra Companhia de Teatro inicia o segundo ano do projeto ENXERGUE! sonhos, mem\u00f3rias e declara\u00e7\u00f5es d&#8217;A Outra Companhia, aprovado pelo Edital de Apoio a Grupos e Coletivos Culturais do Fundo de Cultura do Estado da Bahia de 2016, com uma circula\u00e7\u00e3o pelo interior baiano para apresentar Sert\u00e3o, mais novo espet\u00e1culo do grupo. Dentre as [&hellip;]<\/p>\n","protected":false},"author":1,"featured_media":11133,"comment_status":"open","ping_status":"open","sticky":false,"template":"","format":"standard","meta":{"om_disable_all_campaigns":false,"_exactmetrics_skip_tracking":false,"_exactmetrics_sitenote_active":false,"_exactmetrics_sitenote_note":"","_exactmetrics_sitenote_category":0,"footnotes":""},"categories":[38,30],"tags":[],"class_list":["post-11132","post","type-post","status-publish","format-standard","has-post-thumbnail","hentry","category-alagoinhas-e-regiao","category-destaque"],"aioseo_notices":[],"_links":{"self":[{"href":"https:\/\/newsinfoco.com.br\/inicio\/wp-json\/wp\/v2\/posts\/11132","targetHints":{"allow":["GET"]}}],"collection":[{"href":"https:\/\/newsinfoco.com.br\/inicio\/wp-json\/wp\/v2\/posts"}],"about":[{"href":"https:\/\/newsinfoco.com.br\/inicio\/wp-json\/wp\/v2\/types\/post"}],"author":[{"embeddable":true,"href":"https:\/\/newsinfoco.com.br\/inicio\/wp-json\/wp\/v2\/users\/1"}],"replies":[{"embeddable":true,"href":"https:\/\/newsinfoco.com.br\/inicio\/wp-json\/wp\/v2\/comments?post=11132"}],"version-history":[{"count":0,"href":"https:\/\/newsinfoco.com.br\/inicio\/wp-json\/wp\/v2\/posts\/11132\/revisions"}],"wp:featuredmedia":[{"embeddable":true,"href":"https:\/\/newsinfoco.com.br\/inicio\/wp-json\/wp\/v2\/media\/11133"}],"wp:attachment":[{"href":"https:\/\/newsinfoco.com.br\/inicio\/wp-json\/wp\/v2\/media?parent=11132"}],"wp:term":[{"taxonomy":"category","embeddable":true,"href":"https:\/\/newsinfoco.com.br\/inicio\/wp-json\/wp\/v2\/categories?post=11132"},{"taxonomy":"post_tag","embeddable":true,"href":"https:\/\/newsinfoco.com.br\/inicio\/wp-json\/wp\/v2\/tags?post=11132"}],"curies":[{"name":"wp","href":"https:\/\/api.w.org\/{rel}","templated":true}]}}