{"id":11135,"date":"2018-11-07T20:33:30","date_gmt":"2018-11-07T22:33:30","guid":{"rendered":"http:\/\/newsinfoco.com.br\/?p=11135"},"modified":"2018-11-07T20:33:30","modified_gmt":"2018-11-07T22:33:30","slug":"associacao-do-conjunto-residencial-linha-verde-abre-inscricoes-em-diversos-cursos-para-moradores-da-localidade","status":"publish","type":"post","link":"https:\/\/newsinfoco.com.br\/inicio\/associacao-do-conjunto-residencial-linha-verde-abre-inscricoes-em-diversos-cursos-para-moradores-da-localidade\/","title":{"rendered":"Associa\u00e7\u00e3o do Conjunto Residencial Linha Verde abre inscri\u00e7\u00f5es em diversos cursos para moradores da localidade"},"content":{"rendered":"<p dir=\"auto\" style=\"text-align: justify;\">A Diretoria da Associa\u00e7\u00e3o do Conjunto Residencial Linha Verde abre inscri\u00e7\u00f5es para os moradores e vizinhan\u00e7a do conjunto residencial linha Verde para participa\u00e7\u00e3o em oficinas e cursos promovidos pela pr\u00f3pria institui\u00e7\u00e3o.<\/p>\n<p dir=\"auto\" style=\"text-align: justify;\">Est\u00e3o sendo ofertadas seis modalidades: karat\u00ea, capoeira, boxe, dan\u00e7a e Zumba, artesanato, arranjos em flores e culin\u00e1ria africana. Al\u00e9m desses, tamb\u00e9m est\u00e1 sendo disponibilizado o curso profissionalizante ( atendente de farm\u00e1cia, t\u00e9cnica em vendas, auxiliar administrativo, marketing pessoal e empreendedorismo).<\/p><div class=\"newsi-conteudo_19\" id=\"newsi-4118826780\"><a href=\"https:\/\/www.instagram.com\/prefeituraalagoinhas?igsh=YzgzdDJ1bWR3aWI4\" aria-label=\"SAVE_20251006_221555\"><img loading=\"lazy\" decoding=\"async\" src=\"https:\/\/newsinfoco.com.br\/inicio\/wp-content\/uploads\/2025\/10\/SAVE_20251006_221555-rotated.jpg\" alt=\"\"  srcset=\"https:\/\/newsinfoco.com.br\/inicio\/wp-content\/uploads\/2025\/10\/SAVE_20251006_221555-rotated.jpg 1140w, https:\/\/newsinfoco.com.br\/inicio\/wp-content\/uploads\/2025\/10\/SAVE_20251006_221555-300x52.jpg 300w, https:\/\/newsinfoco.com.br\/inicio\/wp-content\/uploads\/2025\/10\/SAVE_20251006_221555-1024x177.jpg 1024w, https:\/\/newsinfoco.com.br\/inicio\/wp-content\/uploads\/2025\/10\/SAVE_20251006_221555-768x133.jpg 768w, https:\/\/newsinfoco.com.br\/inicio\/wp-content\/uploads\/2025\/10\/SAVE_20251006_221555-600x104.jpg 600w, https:\/\/newsinfoco.com.br\/inicio\/wp-content\/uploads\/2025\/10\/SAVE_20251006_221555-696x120.jpg 696w, https:\/\/newsinfoco.com.br\/inicio\/wp-content\/uploads\/2025\/10\/SAVE_20251006_221555-1068x185.jpg 1068w\" sizes=\"(max-width: 1140px) 100vw, 1140px\" width=\"1140\" height=\"197\"   \/><\/a><\/div>\n<p dir=\"auto\" style=\"text-align: justify;\">O presidente da associa\u00e7\u00e3o Jadson Torres ressalta que esse \u00e9 um trabalho de inclus\u00e3o social levando para as diversas fam\u00edlias mais oportunidades e que \u00e9 totalmente gratuito.<\/p>\n<p dir=\"auto\" style=\"text-align: justify;\"><strong>Servi\u00e7o:<\/strong><\/p>\n<p dir=\"auto\" style=\"text-align: justify;\">Local de inscri\u00e7\u00e3o: sede da associa\u00e7\u00e3o<\/p>\n<p dir=\"auto\" style=\"text-align: justify;\">Hor\u00e1rio: das 08:00 \u00e0s 12h toda ter\u00e7a-feira<\/p>\n<p dir=\"auto\" style=\"text-align: justify;\">Documentos necess\u00e1rios: RG, comprovante de resid\u00eancia e telefone para contato.<\/p>\n<h6 dir=\"auto\" style=\"text-align: right;\"><span style=\"color: #999999;\">Por Caio Pimenta para o News Infoco<\/span><\/h6>\n<p dir=\"auto\" style=\"text-align: right;\">\n<p dir=\"auto\" style=\"text-align: justify;\">\n<div class='share-to-whatsapp-wrapper'><div class='share-on-whsp'>Share on: <\/div><a data-text='Associa\u00e7\u00e3o do Conjunto Residencial Linha Verde abre inscri\u00e7\u00f5es em diversos cursos para moradores da localidade' data-link='https:\/\/newsinfoco.com.br\/inicio\/associacao-do-conjunto-residencial-linha-verde-abre-inscricoes-em-diversos-cursos-para-moradores-da-localidade\/' class='whatsapp-button whatsapp-share'>WhatsApp<\/a><div class='clear '><\/div><\/div>","protected":false},"excerpt":{"rendered":"<p>A Diretoria da Associa\u00e7\u00e3o do Conjunto Residencial Linha Verde abre inscri\u00e7\u00f5es para os moradores e vizinhan\u00e7a do conjunto residencial linha Verde para participa\u00e7\u00e3o em oficinas e cursos promovidos pela pr\u00f3pria institui\u00e7\u00e3o. Est\u00e3o sendo ofertadas seis modalidades: karat\u00ea, capoeira, boxe, dan\u00e7a e Zumba, artesanato, arranjos em flores e culin\u00e1ria africana. Al\u00e9m desses, tamb\u00e9m est\u00e1 sendo disponibilizado [&hellip;]<\/p>\n","protected":false},"author":1,"featured_media":11136,"comment_status":"open","ping_status":"open","sticky":false,"template":"","format":"standard","meta":{"om_disable_all_campaigns":false,"_exactmetrics_skip_tracking":false,"_exactmetrics_sitenote_active":false,"_exactmetrics_sitenote_note":"","_exactmetrics_sitenote_category":0,"footnotes":""},"categories":[38,30],"tags":[],"class_list":["post-11135","post","type-post","status-publish","format-standard","has-post-thumbnail","hentry","category-alagoinhas-e-regiao","category-destaque"],"aioseo_notices":[],"_links":{"self":[{"href":"https:\/\/newsinfoco.com.br\/inicio\/wp-json\/wp\/v2\/posts\/11135","targetHints":{"allow":["GET"]}}],"collection":[{"href":"https:\/\/newsinfoco.com.br\/inicio\/wp-json\/wp\/v2\/posts"}],"about":[{"href":"https:\/\/newsinfoco.com.br\/inicio\/wp-json\/wp\/v2\/types\/post"}],"author":[{"embeddable":true,"href":"https:\/\/newsinfoco.com.br\/inicio\/wp-json\/wp\/v2\/users\/1"}],"replies":[{"embeddable":true,"href":"https:\/\/newsinfoco.com.br\/inicio\/wp-json\/wp\/v2\/comments?post=11135"}],"version-history":[{"count":0,"href":"https:\/\/newsinfoco.com.br\/inicio\/wp-json\/wp\/v2\/posts\/11135\/revisions"}],"wp:featuredmedia":[{"embeddable":true,"href":"https:\/\/newsinfoco.com.br\/inicio\/wp-json\/wp\/v2\/media\/11136"}],"wp:attachment":[{"href":"https:\/\/newsinfoco.com.br\/inicio\/wp-json\/wp\/v2\/media?parent=11135"}],"wp:term":[{"taxonomy":"category","embeddable":true,"href":"https:\/\/newsinfoco.com.br\/inicio\/wp-json\/wp\/v2\/categories?post=11135"},{"taxonomy":"post_tag","embeddable":true,"href":"https:\/\/newsinfoco.com.br\/inicio\/wp-json\/wp\/v2\/tags?post=11135"}],"curies":[{"name":"wp","href":"https:\/\/api.w.org\/{rel}","templated":true}]}}