{"id":11141,"date":"2018-11-08T21:41:46","date_gmt":"2018-11-08T23:41:46","guid":{"rendered":"http:\/\/newsinfoco.com.br\/?p=11141"},"modified":"2018-11-08T21:41:46","modified_gmt":"2018-11-08T23:41:46","slug":"otto-e-pinheiro-votam-a-favor-e-lidice-contra-aumento-de-ministros","status":"publish","type":"post","link":"https:\/\/newsinfoco.com.br\/inicio\/otto-e-pinheiro-votam-a-favor-e-lidice-contra-aumento-de-ministros\/","title":{"rendered":"Otto e Pinheiro votam a favor e Lidice contra aumento de ministros"},"content":{"rendered":"<p style=\"text-align: justify;\">Os senadores baianos Otto Alencar (PSD) e Walter Pinheiro (sem partido) votaram a favor do aumento do sal\u00e1rio dos ministros do Supremo Tribunal Federal. L\u00eddice da Mata (PSB), que se elegeu deputada federal, votou contra. Senadores de partidos que j\u00e1 anunciaram oposi\u00e7\u00e3o ao futuro governo de Jair Bolsonaro (PSL) se dividiram na vota\u00e7\u00e3o, aprovado na quarta-feira, 7, por 41 votos favor\u00e1veis, 16 contr\u00e1rios e uma absten\u00e7\u00e3o. Entre parlamentares do PT, PCdoB, PSB, PDT e Rede, foram sete votos contra o reajuste de 16,38% e cinco a favor. Com o ajuste, os ministros do STF podem passar a ter uma remunera\u00e7\u00e3o de R$ 39,2 mil mensais, a depender da san\u00e7\u00e3o presidencial de Michel Temer (MDB). Por vota\u00e7\u00e3o simb\u00f3lica, os senadores aprovaram tamb\u00e9m o reajuste dos membros da Procuradoria-Geral da Rep\u00fablica. O DEM, que tem se aproximado de Bolsonaro, tamb\u00e9m votou dividido: foram tr\u00eas votos contr\u00e1rios ao projeto de lei que j\u00e1 havia passado na C\u00e2mara e dois favor\u00e1veis. Apesar da neutralidade no 2\u00ba turno das elei\u00e7\u00f5es, o DEM tem dois ministros anunciados no pr\u00f3ximo governo: Tereza Cristina, na Agricultura, e Onyx Lorenzoni, na Casa Civil. Maior bancada do Senado, o MDB votou majoritariamente a favor do reajuste. Foram oito votos \u201csim\u201d, dois contr\u00e1rios e uma absten\u00e7\u00e3o. Dos 11 senadores do PSDB presentes na vota\u00e7\u00e3o, s\u00f3 um foi contra o reajuste. Senadores do PRB, PR, Podemos e PSD, que n\u00e3o oficializaram apoio a nenhum candidato na corrida presidencial, votaram todos a favor do reajuste. Tamb\u00e9m disseram \u201csim\u201d ao projeto de lei senadores do PTB, que apoiou Bolsonaro contra Fernando Haddad (PT) e do PROS, que estava coligado com o petista. No PT, tr\u00eas senadores foram contr\u00e1rios \u00e0 medida, enquanto outros dois apoiaram o projeto. No PSB, dois senadores votaram contra e um apoiou a medida. Os \u00fanicos integrantes da Rede e do PCdoB foram contra a medida, enquanto dois pedetistas apoiaram o reajuste. O reajuste no sal\u00e1rio dos ministros do STF tamb\u00e9m determina o teto salarial do funcionalismo p\u00fablico, que passa de R$ 33,7 mil para R$ 39,2 mil por m\u00eas. As consultorias de Or\u00e7amento da C\u00e2mara e do Senado estimam que o \u201cefeito cascata\u201d da mudan\u00e7a pode chegar a R$ 4,1 bilh\u00f5es nas contas da Uni\u00e3o e dos Estados.<\/p>\n<p style=\"text-align: justify;\">Veja como cada senador presente votou:<\/p><div class=\"newsi-conteudo_19\" id=\"newsi-1792562965\"><a href=\"https:\/\/www.instagram.com\/prefeituraalagoinhas?igsh=YzgzdDJ1bWR3aWI4\" aria-label=\"SAVE_20251006_221555\"><img loading=\"lazy\" decoding=\"async\" src=\"https:\/\/newsinfoco.com.br\/inicio\/wp-content\/uploads\/2025\/10\/SAVE_20251006_221555-rotated.jpg\" alt=\"\"  srcset=\"https:\/\/newsinfoco.com.br\/inicio\/wp-content\/uploads\/2025\/10\/SAVE_20251006_221555-rotated.jpg 1140w, https:\/\/newsinfoco.com.br\/inicio\/wp-content\/uploads\/2025\/10\/SAVE_20251006_221555-300x52.jpg 300w, https:\/\/newsinfoco.com.br\/inicio\/wp-content\/uploads\/2025\/10\/SAVE_20251006_221555-1024x177.jpg 1024w, https:\/\/newsinfoco.com.br\/inicio\/wp-content\/uploads\/2025\/10\/SAVE_20251006_221555-768x133.jpg 768w, https:\/\/newsinfoco.com.br\/inicio\/wp-content\/uploads\/2025\/10\/SAVE_20251006_221555-600x104.jpg 600w, https:\/\/newsinfoco.com.br\/inicio\/wp-content\/uploads\/2025\/10\/SAVE_20251006_221555-696x120.jpg 696w, https:\/\/newsinfoco.com.br\/inicio\/wp-content\/uploads\/2025\/10\/SAVE_20251006_221555-1068x185.jpg 1068w\" sizes=\"(max-width: 1140px) 100vw, 1140px\" width=\"1140\" height=\"197\"   \/><\/a><\/div>\n<p style=\"text-align: justify;\">Acir Gurgacz (PDT-RO): SIM<\/p>\n<p style=\"text-align: justify;\">A\u00e9cio Neves (PSDB-MG): SIM<\/p>\n<p style=\"text-align: justify;\">Airton Sandoval (MDB-SP): N\u00c3O<\/p>\n<p style=\"text-align: justify;\">\u00c2ngela Portela (PDT-RR): SIM<\/p>\n<p style=\"text-align: justify;\">Antonio Anastasia (PSDB-MG): SIM<\/p>\n<p style=\"text-align: justify;\">Antonio Valadares (PSB-SE): SIM<\/p>\n<p style=\"text-align: justify;\">Armando Monteiro (PTB-PE): SIM<\/p>\n<p style=\"text-align: justify;\">Ataides (PSDB-TO): SIM<\/p>\n<p style=\"text-align: justify;\">C\u00e1ssio Cunha Lima: (PSDB-PB): SIM<\/p>\n<p style=\"text-align: justify;\">Cidinho Santos (PR-MT): SIM<\/p>\n<p style=\"text-align: justify;\">Ciro Nogueira (PP-PI): SIM<\/p>\n<p style=\"text-align: justify;\">Cristovam Buarque (PPS-DF): N\u00c3O<\/p>\n<p style=\"text-align: justify;\">Dal\u00edrio Beber (PSDB-SC): SIM<\/p>\n<p style=\"text-align: justify;\">Davi Alcolumbre (DEM-AP): SIM<\/p>\n<p style=\"text-align: justify;\">Edison Lob\u00e3o (MDB-MA): SIM<\/p>\n<p style=\"text-align: justify;\">Eduardo Amorim (PSDB-SE): SIM<\/p>\n<p style=\"text-align: justify;\">Eduardo Braga (MDB-AM): SIM<\/p>\n<p style=\"text-align: justify;\">Eduardo Lopes (PRB-RJ): SIM<\/p>\n<p style=\"text-align: justify;\">F\u00e1tima Bezerra (PT-RN): N\u00c3O<\/p>\n<p style=\"text-align: justify;\">Fernando Coelho (MDB-PE): SIM<\/p>\n<p style=\"text-align: justify;\">Garibaldi Alves Filho (MDB-RN): SIM<\/p>\n<p style=\"text-align: justify;\">Givago Ten\u00f3rio (PP-AL): N\u00c3O<\/p>\n<p style=\"text-align: justify;\">H\u00e9lio Jos\u00e9 (PROS-DF): SIM<\/p>\n<p style=\"text-align: justify;\">Ivo Cassol (PP-RO): SIM<\/p>\n<p style=\"text-align: justify;\">Jorge Viana (PT-AC): SIM<\/p>\n<p style=\"text-align: justify;\">Jos\u00e9 Agripino (DEM-RN): SIM<\/p>\n<p style=\"text-align: justify;\">Jos\u00e9 Amauri (PODE-PI): SIM<\/p>\n<p style=\"text-align: justify;\">Jos\u00e9 Maranh\u00e3o (MDB-PB): ABST<\/p>\n<p style=\"text-align: justify;\">Jos\u00e9 Medeiros (PODE-MT): SIM<\/p>\n<p style=\"text-align: justify;\">Jos\u00e9 Pimentel (PT-CE): N\u00c3O<\/p>\n<p style=\"text-align: justify;\">Jos\u00e9 Serra (PSDB-SP): SIM<\/p>\n<p style=\"text-align: justify;\">Lidice da Mata (PSB-BA): N\u00c3O<\/p>\n<p style=\"text-align: justify;\">Lucia Vania (PSB-GO): N\u00c3O<\/p>\n<p style=\"text-align: justify;\">Maria do Carmo (DEM-SE): N\u00c3O<\/p>\n<p style=\"text-align: justify;\">Otto Alencar (PSD-BA): SIM<\/p>\n<p style=\"text-align: justify;\">Paulo Bauer (PSDB-SC): SIM<\/p>\n<p style=\"text-align: justify;\">Paulo Rocha (PT-PA): SIM<\/p>\n<p style=\"text-align: justify;\">Raimundo Lira (PSD-PB): SIM<\/p>\n<p style=\"text-align: justify;\">Randolfe Rodrigues (REDE-AP): N\u00c3O<\/p>\n<p style=\"text-align: justify;\">Regina Sousa (PT-PI): N\u00c3O<\/p>\n<p style=\"text-align: justify;\">Reguffe (Sem partido-DF): N\u00c3O<\/p>\n<p style=\"text-align: justify;\">Renan Calheiros (MDB-AL): SIM<\/p>\n<p style=\"text-align: justify;\">RIcardo Ferra\u00e7o (PSDB-ES): N\u00c3O<\/p>\n<p style=\"text-align: justify;\">Roberto Requi\u00e3o (MDB-PR): N\u00c3O<\/p>\n<p style=\"text-align: justify;\">Roberto Rocha (PSDB-MA): SIM<\/p>\n<p style=\"text-align: justify;\">Romero Juc\u00e1 (MDB-RR): SIM<\/p>\n<p style=\"text-align: justify;\">Ronaldo Caiado (DEM-GO): N\u00c3O<\/p>\n<p style=\"text-align: justify;\">Rose de Freitas (PODE-ES): SIM<\/p>\n<p style=\"text-align: justify;\">S\u00e9rgio Petec\u00e3o (PSD-AC): SIM<\/p>\n<p style=\"text-align: justify;\">Tasso Jereissati (PSDB-CE): SIM<\/p>\n<p style=\"text-align: justify;\">Telm\u00e1rio Mota (PTB-RR): SIM<\/p>\n<p style=\"text-align: justify;\">Valdir Raupp (MDB-RO): SIM<\/p>\n<p style=\"text-align: justify;\">Vanessa Graziottin (PCdoB-AM): N\u00c3O<\/p>\n<p style=\"text-align: justify;\">Vicentinho Alves (PR-TO): SIM<\/p>\n<p style=\"text-align: justify;\">Walter Pinheiro (Sem partido-BA): SIM<\/p>\n<p style=\"text-align: justify;\">Wellington Fagundes (PR-MT): SIM<\/p>\n<p style=\"text-align: justify;\">Wilder Morais (DEM-GO): N\u00c3O<\/p>\n<p style=\"text-align: justify;\">Zez\u00e9 Perrella (MDB-MG): SIM<\/p>\n<h6 style=\"text-align: right;\"><span style=\"color: #999999;\">Estad\u00e3o<\/span><\/h6>\n<div class='share-to-whatsapp-wrapper'><div class='share-on-whsp'>Share on: <\/div><a data-text='Otto e Pinheiro votam a favor e Lidice contra aumento de ministros' data-link='https:\/\/newsinfoco.com.br\/inicio\/otto-e-pinheiro-votam-a-favor-e-lidice-contra-aumento-de-ministros\/' class='whatsapp-button whatsapp-share'>WhatsApp<\/a><div class='clear '><\/div><\/div>","protected":false},"excerpt":{"rendered":"<p>Os senadores baianos Otto Alencar (PSD) e Walter Pinheiro (sem partido) votaram a favor do aumento do sal\u00e1rio dos ministros do Supremo Tribunal Federal. L\u00eddice da Mata (PSB), que se elegeu deputada federal, votou contra. Senadores de partidos que j\u00e1 anunciaram oposi\u00e7\u00e3o ao futuro governo de Jair Bolsonaro (PSL) se dividiram na vota\u00e7\u00e3o, aprovado na [&hellip;]<\/p>\n","protected":false},"author":1,"featured_media":11142,"comment_status":"open","ping_status":"open","sticky":false,"template":"","format":"standard","meta":{"om_disable_all_campaigns":false,"_exactmetrics_skip_tracking":false,"_exactmetrics_sitenote_active":false,"_exactmetrics_sitenote_note":"","_exactmetrics_sitenote_category":0,"footnotes":""},"categories":[19],"tags":[],"class_list":["post-11141","post","type-post","status-publish","format-standard","has-post-thumbnail","hentry","category-bahia"],"aioseo_notices":[],"_links":{"self":[{"href":"https:\/\/newsinfoco.com.br\/inicio\/wp-json\/wp\/v2\/posts\/11141","targetHints":{"allow":["GET"]}}],"collection":[{"href":"https:\/\/newsinfoco.com.br\/inicio\/wp-json\/wp\/v2\/posts"}],"about":[{"href":"https:\/\/newsinfoco.com.br\/inicio\/wp-json\/wp\/v2\/types\/post"}],"author":[{"embeddable":true,"href":"https:\/\/newsinfoco.com.br\/inicio\/wp-json\/wp\/v2\/users\/1"}],"replies":[{"embeddable":true,"href":"https:\/\/newsinfoco.com.br\/inicio\/wp-json\/wp\/v2\/comments?post=11141"}],"version-history":[{"count":0,"href":"https:\/\/newsinfoco.com.br\/inicio\/wp-json\/wp\/v2\/posts\/11141\/revisions"}],"wp:featuredmedia":[{"embeddable":true,"href":"https:\/\/newsinfoco.com.br\/inicio\/wp-json\/wp\/v2\/media\/11142"}],"wp:attachment":[{"href":"https:\/\/newsinfoco.com.br\/inicio\/wp-json\/wp\/v2\/media?parent=11141"}],"wp:term":[{"taxonomy":"category","embeddable":true,"href":"https:\/\/newsinfoco.com.br\/inicio\/wp-json\/wp\/v2\/categories?post=11141"},{"taxonomy":"post_tag","embeddable":true,"href":"https:\/\/newsinfoco.com.br\/inicio\/wp-json\/wp\/v2\/tags?post=11141"}],"curies":[{"name":"wp","href":"https:\/\/api.w.org\/{rel}","templated":true}]}}