{"id":11144,"date":"2018-11-08T21:42:58","date_gmt":"2018-11-08T23:42:58","guid":{"rendered":"http:\/\/newsinfoco.com.br\/?p=11144"},"modified":"2018-11-08T21:42:58","modified_gmt":"2018-11-08T23:42:58","slug":"advocacia-de-barreiras-reafirma-apoio-a-chapa-avanca-oab-86","status":"publish","type":"post","link":"https:\/\/newsinfoco.com.br\/inicio\/advocacia-de-barreiras-reafirma-apoio-a-chapa-avanca-oab-86\/","title":{"rendered":"Advocacia de Barreiras reafirma apoio \u00e0 chapa Avan\u00e7a OAB 86"},"content":{"rendered":"<p style=\"text-align: justify;\">Depois do manifesto de ades\u00e3o assinado por 33 presidentes de subse\u00e7\u00e3o da OAB, o candidato a presidente Fabr\u00edcio Castro recebeu o apoio de diversos advogados e advogadas que participaram do evento \u201cQuarta do Avan\u00e7a\u201d, ontem (7), em Barreiras. De forma descontra\u00edda, os participantes discutiram os rumos da profiss\u00e3o no estado. No encontro, Fabr\u00edcio se comprometeu a dar continuidade \u00e0 interioriza\u00e7\u00e3o da OAB-BA e intensificar a luta pela melhoria do Judici\u00e1rio e pela defesa das prerrogativas da advocacia. \u201cVamos avan\u00e7ar ainda mais, com uma gest\u00e3o aberta, democr\u00e1tica, transparente e inclusiva\u201d, afirmou. O candidato a presidente pela chapa Avan\u00e7a 86 ainda lembrou que a entidade, na gest\u00e3o de Luiz Viana, fez o maior programa da hist\u00f3ria da OAB de reforma, aquisi\u00e7\u00e3o e constru\u00e7\u00e3o de sedes e salas de subse\u00e7\u00f5es, fortalecendo a advocacia dentro e fora da capital, sobretudo com a interioriza\u00e7\u00e3o dos cursos da Escola Superior de Advocacia (ESA). O evento contou com a presen\u00e7a dos candidatos ao Conselho Federal, Luiz Viana, \u00e0 presid\u00eancia da CAAB, Luiz Coutinho, e \u00e0 presid\u00eancia da subse\u00e7\u00e3o de Barreiras, Alessandro Brand\u00e3o de Campos Lima, al\u00e9m de v\u00e1rios profissionais da regi\u00e3o Oeste.<\/p>\n<div class='share-to-whatsapp-wrapper'><div class='share-on-whsp'>Share on: <\/div><a data-text='Advocacia de Barreiras reafirma apoio \u00e0 chapa Avan\u00e7a OAB 86' data-link='https:\/\/newsinfoco.com.br\/inicio\/advocacia-de-barreiras-reafirma-apoio-a-chapa-avanca-oab-86\/' class='whatsapp-button whatsapp-share'>WhatsApp<\/a><div class='clear '><\/div><\/div>","protected":false},"excerpt":{"rendered":"<p>Depois do manifesto de ades\u00e3o assinado por 33 presidentes de subse\u00e7\u00e3o da OAB, o candidato a presidente Fabr\u00edcio Castro recebeu o apoio de diversos advogados e advogadas que participaram do evento \u201cQuarta do Avan\u00e7a\u201d, ontem (7), em Barreiras. De forma descontra\u00edda, os participantes discutiram os rumos da profiss\u00e3o no estado. No encontro, Fabr\u00edcio se comprometeu [&hellip;]<\/p>\n","protected":false},"author":1,"featured_media":11145,"comment_status":"open","ping_status":"open","sticky":false,"template":"","format":"standard","meta":{"om_disable_all_campaigns":false,"_exactmetrics_skip_tracking":false,"_exactmetrics_sitenote_active":false,"_exactmetrics_sitenote_note":"","_exactmetrics_sitenote_category":0,"footnotes":""},"categories":[19],"tags":[],"class_list":["post-11144","post","type-post","status-publish","format-standard","has-post-thumbnail","hentry","category-bahia"],"aioseo_notices":[],"_links":{"self":[{"href":"https:\/\/newsinfoco.com.br\/inicio\/wp-json\/wp\/v2\/posts\/11144","targetHints":{"allow":["GET"]}}],"collection":[{"href":"https:\/\/newsinfoco.com.br\/inicio\/wp-json\/wp\/v2\/posts"}],"about":[{"href":"https:\/\/newsinfoco.com.br\/inicio\/wp-json\/wp\/v2\/types\/post"}],"author":[{"embeddable":true,"href":"https:\/\/newsinfoco.com.br\/inicio\/wp-json\/wp\/v2\/users\/1"}],"replies":[{"embeddable":true,"href":"https:\/\/newsinfoco.com.br\/inicio\/wp-json\/wp\/v2\/comments?post=11144"}],"version-history":[{"count":0,"href":"https:\/\/newsinfoco.com.br\/inicio\/wp-json\/wp\/v2\/posts\/11144\/revisions"}],"wp:featuredmedia":[{"embeddable":true,"href":"https:\/\/newsinfoco.com.br\/inicio\/wp-json\/wp\/v2\/media\/11145"}],"wp:attachment":[{"href":"https:\/\/newsinfoco.com.br\/inicio\/wp-json\/wp\/v2\/media?parent=11144"}],"wp:term":[{"taxonomy":"category","embeddable":true,"href":"https:\/\/newsinfoco.com.br\/inicio\/wp-json\/wp\/v2\/categories?post=11144"},{"taxonomy":"post_tag","embeddable":true,"href":"https:\/\/newsinfoco.com.br\/inicio\/wp-json\/wp\/v2\/tags?post=11144"}],"curies":[{"name":"wp","href":"https:\/\/api.w.org\/{rel}","templated":true}]}}