{"id":11147,"date":"2018-11-08T21:44:28","date_gmt":"2018-11-08T23:44:28","guid":{"rendered":"http:\/\/newsinfoco.com.br\/?p=11147"},"modified":"2018-11-08T21:44:28","modified_gmt":"2018-11-08T23:44:28","slug":"em-almoco-alckmin-e-doria-discutem-futuro-do-psdb","status":"publish","type":"post","link":"https:\/\/newsinfoco.com.br\/inicio\/em-almoco-alckmin-e-doria-discutem-futuro-do-psdb\/","title":{"rendered":"Em almo\u00e7o, Alckmin e Doria discutem futuro do PSDB"},"content":{"rendered":"<p style=\"text-align: justify;\">O presidente nacional do PSDB, Geraldo Alckmin, e o governador eleito de S\u00e3o Paulo, Jo\u00e3o Doria, almo\u00e7am nesta quinta-feira, 8, no restaurante Piselli, tradicional cantina dos Jardins, para discutir o futuro do partido. Alckmin e Doria defendem posi\u00e7\u00f5es opostas sobre a participa\u00e7\u00e3o e apoio do partido ao governo do presidente eleito Jair Bolsonaro, do PSL. A rela\u00e7\u00e3o entre Doria e Alckmin estava estremecida desde a campanha eleitoral no primeiro turno. Na \u00faltima reuni\u00e3o da Executiva Nacional do PSDB em Bras\u00edlia, ap\u00f3s a elei\u00e7\u00e3o, Alckmin chamou Doria de \u201ctemerista\u201d e insinuou que ele seria um \u201ctraidor\u201d. Na manh\u00e3 de hoje, Doria realizou uma entrevista coletiva ao lado dos outros dois governadores eleitos tucanos, Eduardo Leite, do Rio Grande do Sul, e Reinaldo Azambuja, do Mato Grosso do Sul. Ambos defenderam o apoio da legenda ao governo Bolsonaro. Os tr\u00eas tamb\u00e9m uniram for\u00e7as para atuar dentro do PSDB. Leite chegou a defender a antecipa\u00e7\u00e3o da Conven\u00e7\u00e3o Nacional do PSDB para maio. Ela est\u00e1 marcada para dezembro de 2019.<\/p>\n<h6 style=\"text-align: right;\"><span style=\"color: #999999;\">Estad\u00e3o<\/span><\/h6>\n<div class='share-to-whatsapp-wrapper'><div class='share-on-whsp'>Share on: <\/div><a data-text='Em almo\u00e7o, Alckmin e Doria discutem futuro do PSDB' data-link='https:\/\/newsinfoco.com.br\/inicio\/em-almoco-alckmin-e-doria-discutem-futuro-do-psdb\/' class='whatsapp-button whatsapp-share'>WhatsApp<\/a><div class='clear '><\/div><\/div>","protected":false},"excerpt":{"rendered":"<p>O presidente nacional do PSDB, Geraldo Alckmin, e o governador eleito de S\u00e3o Paulo, Jo\u00e3o Doria, almo\u00e7am nesta quinta-feira, 8, no restaurante Piselli, tradicional cantina dos Jardins, para discutir o futuro do partido. Alckmin e Doria defendem posi\u00e7\u00f5es opostas sobre a participa\u00e7\u00e3o e apoio do partido ao governo do presidente eleito Jair Bolsonaro, do PSL. [&hellip;]<\/p>\n","protected":false},"author":1,"featured_media":11148,"comment_status":"open","ping_status":"open","sticky":false,"template":"","format":"standard","meta":{"om_disable_all_campaigns":false,"_exactmetrics_skip_tracking":false,"_exactmetrics_sitenote_active":false,"_exactmetrics_sitenote_note":"","_exactmetrics_sitenote_category":0,"footnotes":""},"categories":[21],"tags":[],"class_list":["post-11147","post","type-post","status-publish","format-standard","has-post-thumbnail","hentry","category-brasil"],"aioseo_notices":[],"_links":{"self":[{"href":"https:\/\/newsinfoco.com.br\/inicio\/wp-json\/wp\/v2\/posts\/11147","targetHints":{"allow":["GET"]}}],"collection":[{"href":"https:\/\/newsinfoco.com.br\/inicio\/wp-json\/wp\/v2\/posts"}],"about":[{"href":"https:\/\/newsinfoco.com.br\/inicio\/wp-json\/wp\/v2\/types\/post"}],"author":[{"embeddable":true,"href":"https:\/\/newsinfoco.com.br\/inicio\/wp-json\/wp\/v2\/users\/1"}],"replies":[{"embeddable":true,"href":"https:\/\/newsinfoco.com.br\/inicio\/wp-json\/wp\/v2\/comments?post=11147"}],"version-history":[{"count":0,"href":"https:\/\/newsinfoco.com.br\/inicio\/wp-json\/wp\/v2\/posts\/11147\/revisions"}],"wp:featuredmedia":[{"embeddable":true,"href":"https:\/\/newsinfoco.com.br\/inicio\/wp-json\/wp\/v2\/media\/11148"}],"wp:attachment":[{"href":"https:\/\/newsinfoco.com.br\/inicio\/wp-json\/wp\/v2\/media?parent=11147"}],"wp:term":[{"taxonomy":"category","embeddable":true,"href":"https:\/\/newsinfoco.com.br\/inicio\/wp-json\/wp\/v2\/categories?post=11147"},{"taxonomy":"post_tag","embeddable":true,"href":"https:\/\/newsinfoco.com.br\/inicio\/wp-json\/wp\/v2\/tags?post=11147"}],"curies":[{"name":"wp","href":"https:\/\/api.w.org\/{rel}","templated":true}]}}