{"id":11150,"date":"2018-11-08T21:45:35","date_gmt":"2018-11-08T23:45:35","guid":{"rendered":"http:\/\/newsinfoco.com.br\/?p=11150"},"modified":"2018-11-08T21:45:35","modified_gmt":"2018-11-08T23:45:35","slug":"dayane-pimentel-se-lanca-a-prefeitura-de-feira-com-dois-anos-de-antecedencia","status":"publish","type":"post","link":"https:\/\/newsinfoco.com.br\/inicio\/dayane-pimentel-se-lanca-a-prefeitura-de-feira-com-dois-anos-de-antecedencia\/","title":{"rendered":"Dayane Pimentel se lan\u00e7a \u00e0 Prefeitura de Feira com dois anos de anteced\u00eancia"},"content":{"rendered":"<p style=\"text-align: justify;\">A expressiva vota\u00e7\u00e3o da professora Dayane Pimentel na Bahia originou especula\u00e7\u00f5es sobre sua poss\u00edvel candidatura \u00e0 Prefeitura de Feira de Santana em 2020, registra o site feirense Acorda Cidade. Ainda segundo a publica\u00e7\u00e3o, a assessoria de comunica\u00e7\u00e3o da deputada federal, eleita com 136.742 votos, disse que ela est\u00e1 analisando esta possibilidade. Representante do presidente eleito, Jair Bolsonaro, Dayane Pimentel \u00e9 a primeira mulher a representar a cidade de Feira de Santana na C\u00e2mara Federal e a mais votada na Bahia. Para a deputada, saber que seu nome est\u00e1 sendo cogitado para disputar a prefeitura \u201creflete a vontade de mudan\u00e7a do povo brasileiro que levou o capit\u00e3o da reserva \u00e0 presid\u00eancia da rep\u00fablica e que a popula\u00e7\u00e3o de Feira continua a manifestar\u201d. \u201cFui eleita para legislar pelo povo brasileiro em Bras\u00edlia e concorrer em 2020 n\u00e3o estava nos planos. Por\u00e9m, n\u00e3o posso fechar os olhos para a vontade do povo da minha cidade que deu expressiva vota\u00e7\u00e3o a mim e a Jair Bolsonaro. Vou analisar todo o cen\u00e1rio pol\u00edtico para as pr\u00f3ximas elei\u00e7\u00f5es e avaliar a possibilidade de lan\u00e7ar minha candidatura\u201d, declarou. Sobre a possibilidade de apoiar ou lan\u00e7ar algum candidato, Dayane Pimentel observa que existem nomes para analisar. \u201cA possibilidade de apoiar algum candidato ou at\u00e9 mesmo lan\u00e7ar um nome novo para a disputa \u00e9 real, por\u00e9m, toda essa din\u00e2mica da pol\u00edtica ser\u00e1 constantemente monitorada e no momento certo tomarei uma decis\u00e3o\u201d, informou a professora Dayane.<\/p>\n<div class='share-to-whatsapp-wrapper'><div class='share-on-whsp'>Share on: <\/div><a data-text='Dayane Pimentel se lan\u00e7a \u00e0 Prefeitura de Feira com dois anos de anteced\u00eancia' data-link='https:\/\/newsinfoco.com.br\/inicio\/dayane-pimentel-se-lanca-a-prefeitura-de-feira-com-dois-anos-de-antecedencia\/' class='whatsapp-button whatsapp-share'>WhatsApp<\/a><div class='clear '><\/div><\/div>","protected":false},"excerpt":{"rendered":"<p>A expressiva vota\u00e7\u00e3o da professora Dayane Pimentel na Bahia originou especula\u00e7\u00f5es sobre sua poss\u00edvel candidatura \u00e0 Prefeitura de Feira de Santana em 2020, registra o site feirense Acorda Cidade. Ainda segundo a publica\u00e7\u00e3o, a assessoria de comunica\u00e7\u00e3o da deputada federal, eleita com 136.742 votos, disse que ela est\u00e1 analisando esta possibilidade. Representante do presidente eleito, [&hellip;]<\/p>\n","protected":false},"author":1,"featured_media":11151,"comment_status":"open","ping_status":"open","sticky":false,"template":"","format":"standard","meta":{"om_disable_all_campaigns":false,"_exactmetrics_skip_tracking":false,"_exactmetrics_sitenote_active":false,"_exactmetrics_sitenote_note":"","_exactmetrics_sitenote_category":0,"footnotes":""},"categories":[19],"tags":[],"class_list":["post-11150","post","type-post","status-publish","format-standard","has-post-thumbnail","hentry","category-bahia"],"aioseo_notices":[],"_links":{"self":[{"href":"https:\/\/newsinfoco.com.br\/inicio\/wp-json\/wp\/v2\/posts\/11150","targetHints":{"allow":["GET"]}}],"collection":[{"href":"https:\/\/newsinfoco.com.br\/inicio\/wp-json\/wp\/v2\/posts"}],"about":[{"href":"https:\/\/newsinfoco.com.br\/inicio\/wp-json\/wp\/v2\/types\/post"}],"author":[{"embeddable":true,"href":"https:\/\/newsinfoco.com.br\/inicio\/wp-json\/wp\/v2\/users\/1"}],"replies":[{"embeddable":true,"href":"https:\/\/newsinfoco.com.br\/inicio\/wp-json\/wp\/v2\/comments?post=11150"}],"version-history":[{"count":0,"href":"https:\/\/newsinfoco.com.br\/inicio\/wp-json\/wp\/v2\/posts\/11150\/revisions"}],"wp:featuredmedia":[{"embeddable":true,"href":"https:\/\/newsinfoco.com.br\/inicio\/wp-json\/wp\/v2\/media\/11151"}],"wp:attachment":[{"href":"https:\/\/newsinfoco.com.br\/inicio\/wp-json\/wp\/v2\/media?parent=11150"}],"wp:term":[{"taxonomy":"category","embeddable":true,"href":"https:\/\/newsinfoco.com.br\/inicio\/wp-json\/wp\/v2\/categories?post=11150"},{"taxonomy":"post_tag","embeddable":true,"href":"https:\/\/newsinfoco.com.br\/inicio\/wp-json\/wp\/v2\/tags?post=11150"}],"curies":[{"name":"wp","href":"https:\/\/api.w.org\/{rel}","templated":true}]}}