{"id":11153,"date":"2018-11-08T21:46:59","date_gmt":"2018-11-08T23:46:59","guid":{"rendered":"http:\/\/newsinfoco.com.br\/?p=11153"},"modified":"2018-11-08T21:46:59","modified_gmt":"2018-11-08T23:46:59","slug":"governo-da-bahia-lanca-plano-de-ampliacao-da-producao-de-cacau-e-do-chocolate","status":"publish","type":"post","link":"https:\/\/newsinfoco.com.br\/inicio\/governo-da-bahia-lanca-plano-de-ampliacao-da-producao-de-cacau-e-do-chocolate\/","title":{"rendered":"Governo da Bahia lan\u00e7a plano de amplia\u00e7\u00e3o da produ\u00e7\u00e3o de cacau e do chocolate"},"content":{"rendered":"<p style=\"text-align: justify;\">O Governo do Estado lan\u00e7ou, nesta quinta-feira (8), em parceria com a Comiss\u00e3o Executiva do Plano da Lavoura Cacaueira (Ceplac\/Mapa), o Plano Operacional para o Cacau e Chocolate da Bahia 2018 \u2013 2022. O lan\u00e7amento ocorreu na sede regional da Ceplac, em Ilh\u00e9us, com a presen\u00e7a do vice-governador Jo\u00e3o Le\u00e3o e dos secret\u00e1rios estaduais de Desenvolvimento Rural, Jer\u00f4nimo Rodrigues, de Turismo, Jos\u00e9 Alves, e de Meio Ambiente, Geraldo Reis. Ser\u00e3o atendidos cerca de 20 mil agricultores. O plano prev\u00ea o desenvolvimento de a\u00e7\u00f5es estrat\u00e9gicas que permitir\u00e3o elevar, em cinco anos, a produ\u00e7\u00e3o de cacau na Bahia para 240 mil toneladas\/ano, al\u00e9m de consolidar a fabrica\u00e7\u00e3o de chocolates finos, com certificado de origem no sul da Bahia, por meio da instala\u00e7\u00e3o de 20 agroind\u00fastrias. As a\u00e7\u00f5es incluem a abertura de linha de cr\u00e9dito espec\u00edfica para a lavoura cacaueira, subs\u00eddios para produ\u00e7\u00e3o de mudas e insumos, cria\u00e7\u00e3o e indica\u00e7\u00e3o geogr\u00e1fica da produ\u00e7\u00e3o do cacau, preserva\u00e7\u00e3o da Mata Atl\u00e2ntica, prospec\u00e7\u00e3o de novos mercados, capacita\u00e7\u00e3o profissional, regulariza\u00e7\u00e3o fundi\u00e1ria e ambiental, difus\u00e3o tecnol\u00f3gica, assist\u00eancia t\u00e9cnica e extens\u00e3o rural (Ater), educa\u00e7\u00e3o, gest\u00e3o, empreendedorismo e infraestrutura rural. Os investimentos do Governo do Estado no plano devem atingir R$ 80 milh\u00f5es. No lan\u00e7amento, Jo\u00e3o Le\u00e3o destacou que \u201ca amplia\u00e7\u00e3o da produ\u00e7\u00e3o de cacau e o polo chocolateiro s\u00e3o fundamentais para a economia regional, gerando milhares de empregos. Al\u00e9m do cacau, o Governo do Estado est\u00e1 investindo em obras como o Porto Sul e a Ferrovia Oeste Leste [Fiol], em parceria com empres\u00e1rios chineses, al\u00e9m da constru\u00e7\u00e3o da nova ponte Ilh\u00e9us-Pontal e da duplica\u00e7\u00e3o da rodovia Ilh\u00e9us-Itabuna. \u00c9 um conjunto de a\u00e7\u00f5es que v\u00e3o inserir o sul da Bahia como um grande polo econ\u00f4mico\u201d. Ser\u00e3o atendidos agricultores de 114 munic\u00edpios nos territ\u00f3rios Litoral Sul, M\u00e9dio Rio das Contas e Baixo Sul. Al\u00e9m da Ceplac e do Governo do Estado, integram o plano o Instituto Nacional de Coloniza\u00e7\u00e3o e Reforma Agr\u00e1ria (Incra), a Biof\u00e1brica de Cacau, a Universidade Estadual de Santa Cruz (Uesc), o Banco do Brasil, o Banco do Nordeste, a Universidade Federal do Sul da Bahia (UFSB), o Servi\u00e7o Nacional de Aprendizagem Rural (Senar) e a Associa\u00e7\u00e3o Nacional das Ind\u00fastrias Processadoras de Cacau (AIPC).<\/p>\n<div class='share-to-whatsapp-wrapper'><div class='share-on-whsp'>Share on: <\/div><a data-text='Governo da Bahia lan\u00e7a plano de amplia\u00e7\u00e3o da produ\u00e7\u00e3o de cacau e do chocolate' data-link='https:\/\/newsinfoco.com.br\/inicio\/governo-da-bahia-lanca-plano-de-ampliacao-da-producao-de-cacau-e-do-chocolate\/' class='whatsapp-button whatsapp-share'>WhatsApp<\/a><div class='clear '><\/div><\/div>","protected":false},"excerpt":{"rendered":"<p>O Governo do Estado lan\u00e7ou, nesta quinta-feira (8), em parceria com a Comiss\u00e3o Executiva do Plano da Lavoura Cacaueira (Ceplac\/Mapa), o Plano Operacional para o Cacau e Chocolate da Bahia 2018 \u2013 2022. O lan\u00e7amento ocorreu na sede regional da Ceplac, em Ilh\u00e9us, com a presen\u00e7a do vice-governador Jo\u00e3o Le\u00e3o e dos secret\u00e1rios estaduais de [&hellip;]<\/p>\n","protected":false},"author":1,"featured_media":11154,"comment_status":"open","ping_status":"open","sticky":false,"template":"","format":"standard","meta":{"om_disable_all_campaigns":false,"_exactmetrics_skip_tracking":false,"_exactmetrics_sitenote_active":false,"_exactmetrics_sitenote_note":"","_exactmetrics_sitenote_category":0,"footnotes":""},"categories":[19],"tags":[],"class_list":["post-11153","post","type-post","status-publish","format-standard","has-post-thumbnail","hentry","category-bahia"],"aioseo_notices":[],"_links":{"self":[{"href":"https:\/\/newsinfoco.com.br\/inicio\/wp-json\/wp\/v2\/posts\/11153","targetHints":{"allow":["GET"]}}],"collection":[{"href":"https:\/\/newsinfoco.com.br\/inicio\/wp-json\/wp\/v2\/posts"}],"about":[{"href":"https:\/\/newsinfoco.com.br\/inicio\/wp-json\/wp\/v2\/types\/post"}],"author":[{"embeddable":true,"href":"https:\/\/newsinfoco.com.br\/inicio\/wp-json\/wp\/v2\/users\/1"}],"replies":[{"embeddable":true,"href":"https:\/\/newsinfoco.com.br\/inicio\/wp-json\/wp\/v2\/comments?post=11153"}],"version-history":[{"count":0,"href":"https:\/\/newsinfoco.com.br\/inicio\/wp-json\/wp\/v2\/posts\/11153\/revisions"}],"wp:featuredmedia":[{"embeddable":true,"href":"https:\/\/newsinfoco.com.br\/inicio\/wp-json\/wp\/v2\/media\/11154"}],"wp:attachment":[{"href":"https:\/\/newsinfoco.com.br\/inicio\/wp-json\/wp\/v2\/media?parent=11153"}],"wp:term":[{"taxonomy":"category","embeddable":true,"href":"https:\/\/newsinfoco.com.br\/inicio\/wp-json\/wp\/v2\/categories?post=11153"},{"taxonomy":"post_tag","embeddable":true,"href":"https:\/\/newsinfoco.com.br\/inicio\/wp-json\/wp\/v2\/tags?post=11153"}],"curies":[{"name":"wp","href":"https:\/\/api.w.org\/{rel}","templated":true}]}}