{"id":11156,"date":"2018-11-08T21:48:11","date_gmt":"2018-11-08T23:48:11","guid":{"rendered":"http:\/\/newsinfoco.com.br\/?p=11156"},"modified":"2018-11-08T21:48:11","modified_gmt":"2018-11-08T23:48:11","slug":"moro-defende-mais-vagas-a-presos-e-admite-criar-um-filtro-melhor","status":"publish","type":"post","link":"https:\/\/newsinfoco.com.br\/inicio\/moro-defende-mais-vagas-a-presos-e-admite-criar-um-filtro-melhor\/","title":{"rendered":"Moro defende mais vagas a presos e admite criar um \u2018filtro melhor\u2019"},"content":{"rendered":"<p style=\"text-align: justify;\">O juiz federal S\u00e9rgio Moro, futuro ministro de Justi\u00e7a e Seguran\u00e7a P\u00fablica no governo Jair Bolsonaro, afirmou nesta quinta-feira, 8, que \u00e9 necess\u00e1rio criar mais vagas para presos e admitiu que pode ser necess\u00e1rio \u201ccriar um filtro melhor\u201d em rela\u00e7\u00e3o a pris\u00f5es, diante do cen\u00e1rio de superlota\u00e7\u00e3o nos pres\u00eddios nacionais. O magistrado defendeu, no entanto, o endurecimento das regras para impedir que presos por crimes cometidos com extrema viol\u00eancia saiam rapidamente do c\u00e1rcere. Ap\u00f3s reuni\u00f5es na quarta-feira com o ministro de Seguran\u00e7a P\u00fablica, Raul Jungmann, e nesta quinta-feira com o ministro da Justi\u00e7a, Torquato Jardim, Sergio Moro falou brevemente com a imprensa e, questionado sobre o tema, afirmou que est\u00e1 \u201crefletindo sobre a quest\u00e3o carcer\u00e1ria\u201d. O plano de governo de Jair Bolsonaro n\u00e3o traz propostas para redu\u00e7\u00e3o da superlota\u00e7\u00e3o. H\u00e1 hoje 726 mil presos no Pa\u00eds e um d\u00e9ficit de 358 mil vagas, de acordo com os dados mais recentes do Departamento Penitenci\u00e1rio Nacional. \u201cEvidentemente, a quest\u00e3o carcer\u00e1ria \u00e9 um problema. N\u00f3s estamos refletindo sobre ela da forma mais apropriada. \u00c9 necess\u00e1rio criar vagas. \u00c9 necess\u00e1rio eventualmente ter um filtro melhor\u201d, disse Moro. Na quarta-feira, Moro esteve por tr\u00eas horas com Jungmann, conhecido por afirmar que o Brasil prende muito e prende mal e que \u00e9 necess\u00e1rio adotar medidas em busca de um desencarceramento. Ao falar em \u201cfiltro\u201d, Moro se refere indiretamente a essa vis\u00e3o, que est\u00e1 em voga no Departamento Penitenci\u00e1rio Nacional. Em um aceno ao discurso do atual ministro e o de especialistas em sistema prisional, Moro afirmou que \u201c\u00e9 necess\u00e1rio eventualmente ter um filtro melhor\u201d. O juiz afirmou, no entanto, que muitas vezes h\u00e1 um \u201ctratamento leniente a meu ver para crimes praticados com extrema gravidade\u201d. Neste ponto, defendeu endurecimento em rela\u00e7\u00e3o \u00e0 progress\u00e3o penal \u2013 essa \u00e9 uma das converg\u00eancias com o presidente eleito, Jair Bolsonaro. \u201cCasos de homic\u00eddio qualificado e de pessoas que ficam poucos anos presas em regime fechado. Para esse tipo de crime tem de haver um endurecimento\u201d, disse Moro. O ministro Torquato Jardim, em breve pronunciamento, disse que conversou com Moro sobre a estrutura do minist\u00e9rio da Justi\u00e7a, or\u00e7amento e atividades priorit\u00e1rias da pasta. Desejou sorte a Moro e disse que \u201co seu sucesso ser\u00e1 o sucesso do Brasil\u201d. O magistrado, que tem participado de reuni\u00f5es desde esta quarta-feira, 7, disse que h\u00e1 v\u00e1rias medidas e planos em gesta\u00e7\u00e3o sobre combate a corrup\u00e7\u00e3o e crime organizado. Entre elas, Moro disse que vai aproveitar uma parte das propostas constantes nas dez medidas contra a corrup\u00e7\u00e3o apresentadas ao Congresso por projeto popular. \u201cAs elei\u00e7\u00f5es deixaram claro que h\u00e1 grande insatisfa\u00e7\u00e3o da popula\u00e7\u00e3o com a seguran\u00e7a p\u00fablica. Esse \u00e9 um problema s\u00e9rio, dif\u00edcil, que precisa ser equacionado. Em parte por medidas executivas, em parte por projeto de lei. \u00c9 o momento prop\u00edcio para a apresenta\u00e7\u00e3o de projetos legislativos. As 10 medidas est\u00e3o dentro desse radar\u201d, afirmou Moro. \u201cAlgumas das propostas (das 10 medidas) ser\u00e3o resgatadas e algumas talvez n\u00e3o sejam t\u00e3o pertinentes agora quanto no passado e novas devam ser inseridas\u201d, afirmou Moro. Ao lado de Torquato Jardim, Moro falou em dar \u201ccontinuidade aos bons projetos que v\u00eam sendo executados. \u201cN\u00e3o sou daqueles que assumem reclamando que existe heran\u00e7a maldita\u201d. Sobre o que pretende propor quando assumir a pasta, que fundir\u00e1 os minist\u00e9rios da Justi\u00e7a e da Seguran\u00e7a P\u00fablica, o futuro ministro disse que pretende propor medidas fortes, simples, para serem aprovadas em tempo breve, dentro dos dois pontos basilares de sua futura gest\u00e3o, o combate \u00e0 corrup\u00e7\u00e3o e ao crime organizado.<\/p>\n<h6 style=\"text-align: right;\"><span style=\"color: #999999;\">Estad\u00e3o Conteudo<\/span><\/h6>\n<div class='share-to-whatsapp-wrapper'><div class='share-on-whsp'>Share on: <\/div><a data-text='Moro defende mais vagas a presos e admite criar um \u2018filtro melhor\u2019' data-link='https:\/\/newsinfoco.com.br\/inicio\/moro-defende-mais-vagas-a-presos-e-admite-criar-um-filtro-melhor\/' class='whatsapp-button whatsapp-share'>WhatsApp<\/a><div class='clear '><\/div><\/div>","protected":false},"excerpt":{"rendered":"<p>O juiz federal S\u00e9rgio Moro, futuro ministro de Justi\u00e7a e Seguran\u00e7a P\u00fablica no governo Jair Bolsonaro, afirmou nesta quinta-feira, 8, que \u00e9 necess\u00e1rio criar mais vagas para presos e admitiu que pode ser necess\u00e1rio \u201ccriar um filtro melhor\u201d em rela\u00e7\u00e3o a pris\u00f5es, diante do cen\u00e1rio de superlota\u00e7\u00e3o nos pres\u00eddios nacionais. O magistrado defendeu, no entanto, [&hellip;]<\/p>\n","protected":false},"author":1,"featured_media":10940,"comment_status":"open","ping_status":"open","sticky":false,"template":"","format":"standard","meta":{"om_disable_all_campaigns":false,"_exactmetrics_skip_tracking":false,"_exactmetrics_sitenote_active":false,"_exactmetrics_sitenote_note":"","_exactmetrics_sitenote_category":0,"footnotes":""},"categories":[21],"tags":[],"class_list":["post-11156","post","type-post","status-publish","format-standard","has-post-thumbnail","hentry","category-brasil"],"aioseo_notices":[],"_links":{"self":[{"href":"https:\/\/newsinfoco.com.br\/inicio\/wp-json\/wp\/v2\/posts\/11156","targetHints":{"allow":["GET"]}}],"collection":[{"href":"https:\/\/newsinfoco.com.br\/inicio\/wp-json\/wp\/v2\/posts"}],"about":[{"href":"https:\/\/newsinfoco.com.br\/inicio\/wp-json\/wp\/v2\/types\/post"}],"author":[{"embeddable":true,"href":"https:\/\/newsinfoco.com.br\/inicio\/wp-json\/wp\/v2\/users\/1"}],"replies":[{"embeddable":true,"href":"https:\/\/newsinfoco.com.br\/inicio\/wp-json\/wp\/v2\/comments?post=11156"}],"version-history":[{"count":0,"href":"https:\/\/newsinfoco.com.br\/inicio\/wp-json\/wp\/v2\/posts\/11156\/revisions"}],"wp:featuredmedia":[{"embeddable":true,"href":"https:\/\/newsinfoco.com.br\/inicio\/wp-json\/wp\/v2\/media\/10940"}],"wp:attachment":[{"href":"https:\/\/newsinfoco.com.br\/inicio\/wp-json\/wp\/v2\/media?parent=11156"}],"wp:term":[{"taxonomy":"category","embeddable":true,"href":"https:\/\/newsinfoco.com.br\/inicio\/wp-json\/wp\/v2\/categories?post=11156"},{"taxonomy":"post_tag","embeddable":true,"href":"https:\/\/newsinfoco.com.br\/inicio\/wp-json\/wp\/v2\/tags?post=11156"}],"curies":[{"name":"wp","href":"https:\/\/api.w.org\/{rel}","templated":true}]}}