{"id":1116,"date":"2018-03-13T17:19:59","date_gmt":"2018-03-13T20:19:59","guid":{"rendered":"http:\/\/newsinfoco.com.br\/?p=1116"},"modified":"2018-03-13T17:19:59","modified_gmt":"2018-03-13T20:19:59","slug":"alagoinhas-participa-do-1o-forum-de-cidades-digitais-em-feira-de-santana","status":"publish","type":"post","link":"https:\/\/newsinfoco.com.br\/inicio\/alagoinhas-participa-do-1o-forum-de-cidades-digitais-em-feira-de-santana\/","title":{"rendered":"Alagoinhas participa do 1\u00ba F\u00f3rum de Cidades Digitais em Feira de Santana"},"content":{"rendered":"<p style=\"text-align: justify;\"><span style=\"color: #000000;\">Alagoinhas tornou-se destaque no uso estrat\u00e9gico da tecnologia a favor do melhoramento da comunica\u00e7\u00e3o com a popula\u00e7\u00e3o, promo\u00e7\u00e3o de interatividade com as zonas wifi em diversos pontos da cidade e melhoramento da efici\u00eancia do poder p\u00fablico, \u00e9 que a Prefeitura de Alagoinhas foi convidada para participar do 1\u00ba F\u00f3rum de Cidades Digitais em Feira de Santana, que acontece no dia 22 de mar\u00e7o, \u00e0s 8h30 no Teatro do Centro de Artes e Esportes Unificados (CEU), Rua Pel\u00e9 S\/N, Pra\u00e7a Jo\u00e3o Havelange, Bairro Cidade Nova.<\/span><\/p>\n<p style=\"text-align: justify;\"><span style=\"color: #000000;\">Durante o evento ser\u00e3o apresentados os resultados do uso estrat\u00e9gico da tecnologia no munic\u00edpio, al\u00e9m do modelo de gest\u00e3o como cidade digital aplicado pelo munic\u00edpio. Na oportunidade os profissionais de tecnologia trocar\u00e3o informa\u00e7\u00f5es e boas pr\u00e1ticas adotadas, a fim de promover um ambiente favor\u00e1vel ao empreendedorismo e crescimento econ\u00f4mico por meio de iniciativas tecnol\u00f3gicas aplicadas pela administra\u00e7\u00e3o p\u00fablica.<\/span><\/p><div class=\"newsi-conteudo_19\" id=\"newsi-810282154\"><a href=\"https:\/\/www.instagram.com\/prefeituraalagoinhas?igsh=YzgzdDJ1bWR3aWI4\" aria-label=\"SAVE_20251006_221555\"><img loading=\"lazy\" decoding=\"async\" src=\"https:\/\/newsinfoco.com.br\/inicio\/wp-content\/uploads\/2025\/10\/SAVE_20251006_221555-rotated.jpg\" alt=\"\"  srcset=\"https:\/\/newsinfoco.com.br\/inicio\/wp-content\/uploads\/2025\/10\/SAVE_20251006_221555-rotated.jpg 1140w, https:\/\/newsinfoco.com.br\/inicio\/wp-content\/uploads\/2025\/10\/SAVE_20251006_221555-300x52.jpg 300w, https:\/\/newsinfoco.com.br\/inicio\/wp-content\/uploads\/2025\/10\/SAVE_20251006_221555-1024x177.jpg 1024w, https:\/\/newsinfoco.com.br\/inicio\/wp-content\/uploads\/2025\/10\/SAVE_20251006_221555-768x133.jpg 768w, https:\/\/newsinfoco.com.br\/inicio\/wp-content\/uploads\/2025\/10\/SAVE_20251006_221555-600x104.jpg 600w, https:\/\/newsinfoco.com.br\/inicio\/wp-content\/uploads\/2025\/10\/SAVE_20251006_221555-696x120.jpg 696w, https:\/\/newsinfoco.com.br\/inicio\/wp-content\/uploads\/2025\/10\/SAVE_20251006_221555-1068x185.jpg 1068w\" sizes=\"(max-width: 1140px) 100vw, 1140px\" width=\"1140\" height=\"197\"   \/><\/a><\/div>\n<p style=\"text-align: justify;\"><span style=\"color: #000000;\">As inscri\u00e7\u00f5es podem ser feitas por servidores p\u00fablicos de forma gratuita no site: f\u00f3rum.cidadesdigitais.com.br\/feiradesantana<\/span><\/p>\n<h6 style=\"text-align: right;\"><span style=\"color: #999999;\">Fonte: SECOM Prefeitura<\/span><\/h6>\n<h6 style=\"text-align: justify;\" align=\"right\"><span style=\"color: #999999;\">\u00a0<\/span><\/h6>\n<div class='share-to-whatsapp-wrapper'><div class='share-on-whsp'>Share on: <\/div><a data-text='Alagoinhas participa do 1\u00ba F\u00f3rum de Cidades Digitais em Feira de Santana' data-link='https:\/\/newsinfoco.com.br\/inicio\/alagoinhas-participa-do-1o-forum-de-cidades-digitais-em-feira-de-santana\/' class='whatsapp-button whatsapp-share'>WhatsApp<\/a><div class='clear '><\/div><\/div>","protected":false},"excerpt":{"rendered":"<p>Alagoinhas tornou-se destaque no uso estrat\u00e9gico da tecnologia a favor do melhoramento da comunica\u00e7\u00e3o com a popula\u00e7\u00e3o, promo\u00e7\u00e3o de interatividade com as zonas wifi em diversos pontos da cidade e melhoramento da efici\u00eancia do poder p\u00fablico, \u00e9 que a Prefeitura de Alagoinhas foi convidada para participar do 1\u00ba F\u00f3rum de Cidades Digitais em Feira de [&hellip;]<\/p>\n","protected":false},"author":1,"featured_media":601,"comment_status":"open","ping_status":"open","sticky":false,"template":"","format":"standard","meta":{"om_disable_all_campaigns":false,"_exactmetrics_skip_tracking":false,"_exactmetrics_sitenote_active":false,"_exactmetrics_sitenote_note":"","_exactmetrics_sitenote_category":0,"footnotes":""},"categories":[38,30],"tags":[53,54,56],"class_list":["post-1116","post","type-post","status-publish","format-standard","has-post-thumbnail","hentry","category-alagoinhas-e-regiao","category-destaque","tag-alagoinhas","tag-prefeitura","tag-secom"],"aioseo_notices":[],"_links":{"self":[{"href":"https:\/\/newsinfoco.com.br\/inicio\/wp-json\/wp\/v2\/posts\/1116","targetHints":{"allow":["GET"]}}],"collection":[{"href":"https:\/\/newsinfoco.com.br\/inicio\/wp-json\/wp\/v2\/posts"}],"about":[{"href":"https:\/\/newsinfoco.com.br\/inicio\/wp-json\/wp\/v2\/types\/post"}],"author":[{"embeddable":true,"href":"https:\/\/newsinfoco.com.br\/inicio\/wp-json\/wp\/v2\/users\/1"}],"replies":[{"embeddable":true,"href":"https:\/\/newsinfoco.com.br\/inicio\/wp-json\/wp\/v2\/comments?post=1116"}],"version-history":[{"count":0,"href":"https:\/\/newsinfoco.com.br\/inicio\/wp-json\/wp\/v2\/posts\/1116\/revisions"}],"wp:featuredmedia":[{"embeddable":true,"href":"https:\/\/newsinfoco.com.br\/inicio\/wp-json\/wp\/v2\/media\/601"}],"wp:attachment":[{"href":"https:\/\/newsinfoco.com.br\/inicio\/wp-json\/wp\/v2\/media?parent=1116"}],"wp:term":[{"taxonomy":"category","embeddable":true,"href":"https:\/\/newsinfoco.com.br\/inicio\/wp-json\/wp\/v2\/categories?post=1116"},{"taxonomy":"post_tag","embeddable":true,"href":"https:\/\/newsinfoco.com.br\/inicio\/wp-json\/wp\/v2\/tags?post=1116"}],"curies":[{"name":"wp","href":"https:\/\/api.w.org\/{rel}","templated":true}]}}