{"id":11161,"date":"2018-11-08T21:53:32","date_gmt":"2018-11-08T23:53:32","guid":{"rendered":"http:\/\/newsinfoco.com.br\/?p=11161"},"modified":"2018-11-08T21:53:32","modified_gmt":"2018-11-08T23:53:32","slug":"programa-alagoinhas-3-e-destaque-no-maior-encontro-sobre-arboricultura-e-meio-ambiente-do-nordeste","status":"publish","type":"post","link":"https:\/\/newsinfoco.com.br\/inicio\/programa-alagoinhas-3-e-destaque-no-maior-encontro-sobre-arboricultura-e-meio-ambiente-do-nordeste\/","title":{"rendered":"Programa \u201cAlagoinhas 3+\u201d \u00e9 destaque no maior encontro sobre Arboricultura e Meio Ambiente do Nordeste"},"content":{"rendered":"<p style=\"text-align: justify;\">Representando a Prefeitura de Alagoinhas no V Encontro Nordestino de Arboriza\u00e7\u00e3o Urbana (V ENAU), realizado em Caruaru (PE), o secret\u00e1rio municipal de desenvolvimento econ\u00f4mico e meio ambiente, Jos\u00e9 Ed\u00e9sio Cardoso, participou, nesta quarta-feira (7), de um painel com modelos exitosos da arboricultura urbana e ministrou uma palestra sobre o Programa \u201cAlagoinhas 3+: Meio Ambiente, Sa\u00fade e Educa\u00e7\u00e3o\u201d.<\/p>\n<p style=\"text-align: justify;\">A apresenta\u00e7\u00e3o rendeu discuss\u00f5es sobre iniciativas pioneiras na regi\u00e3o e o secret\u00e1rio foi surpreendido com uma homenagem ap\u00f3s a apresenta\u00e7\u00e3o.<\/p><div class=\"newsi-conteudo_19\" id=\"newsi-2118580815\"><a href=\"https:\/\/www.instagram.com\/prefeituraalagoinhas?igsh=YzgzdDJ1bWR3aWI4\" aria-label=\"SAVE_20251006_221555\"><img loading=\"lazy\" decoding=\"async\" src=\"https:\/\/newsinfoco.com.br\/inicio\/wp-content\/uploads\/2025\/10\/SAVE_20251006_221555-rotated.jpg\" alt=\"\"  srcset=\"https:\/\/newsinfoco.com.br\/inicio\/wp-content\/uploads\/2025\/10\/SAVE_20251006_221555-rotated.jpg 1140w, https:\/\/newsinfoco.com.br\/inicio\/wp-content\/uploads\/2025\/10\/SAVE_20251006_221555-300x52.jpg 300w, https:\/\/newsinfoco.com.br\/inicio\/wp-content\/uploads\/2025\/10\/SAVE_20251006_221555-1024x177.jpg 1024w, https:\/\/newsinfoco.com.br\/inicio\/wp-content\/uploads\/2025\/10\/SAVE_20251006_221555-768x133.jpg 768w, https:\/\/newsinfoco.com.br\/inicio\/wp-content\/uploads\/2025\/10\/SAVE_20251006_221555-600x104.jpg 600w, https:\/\/newsinfoco.com.br\/inicio\/wp-content\/uploads\/2025\/10\/SAVE_20251006_221555-696x120.jpg 696w, https:\/\/newsinfoco.com.br\/inicio\/wp-content\/uploads\/2025\/10\/SAVE_20251006_221555-1068x185.jpg 1068w\" sizes=\"(max-width: 1140px) 100vw, 1140px\" width=\"1140\" height=\"197\"   \/><\/a><\/div>\n<p style=\"text-align: justify;\">No evento, o gestor da pasta falou sobre os 5 eixos de articula\u00e7\u00e3o do programa e destacou a import\u00e2ncia de envolver poder p\u00fablico e sociedade civil para a aplica\u00e7\u00e3o de pr\u00e1ticas sustent\u00e1veis no munic\u00edpio. Jos\u00e9 Ed\u00e9sio mencionou algumas iniciativas promovidas em Alagoinhas, como o plantio de mudas para a recupera\u00e7\u00e3o de \u00e1reas degradadas, a integra\u00e7\u00e3o com estudantes da rede de ensino para a execu\u00e7\u00e3o do projeto Floresta Escola e a linha de forma\u00e7\u00e3o e desenvolvimento profissional com estagi\u00e1rios, al\u00e9m das a\u00e7\u00f5es planejadas de difus\u00e3o do conhecimento no universo digital.<\/p>\n<p style=\"text-align: justify;\">\u201cOs participantes do evento elogiaram a iniciativa e todas as a\u00e7\u00f5es que foram executadas no curto per\u00edodo de tempo, j\u00e1 que o programa foi lan\u00e7ado oficialmente em setembro. Foi uma participa\u00e7\u00e3o que rendeu apontamentos positivos. O encontro abre portas para novas experi\u00eancias, possibilitando a troca de saberes em realidades vividas em todos os munic\u00edpios do Nordeste\u201d, pontuou a ec\u00f3loga Ariv\u00e2nia Santos Pereira, da SEDEA, que tamb\u00e9m participou do evento.<\/p>\n<p style=\"text-align: justify;\">Realizado de 4 a 7 de novembro, o V ENAU \u00e9 o maior encontro sobre arboricultura e meio ambiente do nordeste e re\u00fane especialistas do cen\u00e1rio nacional e internacional para levantar debates que gerem resultados efetivos de aplica\u00e7\u00e3o nos munic\u00edpios.<\/p>\n<p style=\"text-align: justify;\">Com o destaque no evento, Alagoinhas pode ser a sede do ENAU 2020. \u00c9 que a organiza\u00e7\u00e3o convidou o secret\u00e1rio para que o munic\u00edpio receba a pr\u00f3xima edi\u00e7\u00e3o do encontro \u2013 possibilidade que, segundo o gestor da pasta, ainda est\u00e1 sendo debatida e avaliada.<\/p>\n<p style=\"text-align: justify;\">\u201cRetorno para minha cidade com a sensa\u00e7\u00e3o de que estou cumprindo meu dever como gestor ambiental e que estamos trabalhando no caminho correto. Tamb\u00e9m observo que o desafio \u00e9 muito maior do que pensava a priori. Um evento deste porte serviu sobretudo para que eu pudesse expandir as estrat\u00e9gias que disponho na gest\u00e3o e assim realizar um efetivo trabalho de pol\u00edticas p\u00fablicas na \u00e1rea de meio ambiente\u201d, destacou Jos\u00e9 Ed\u00e9sio Cardoso.<\/p>\n<p style=\"text-align: justify;\">Em Caruaru, o secret\u00e1rio participou ainda de workshops e aproveitou para saber mais sobre medidas sustent\u00e1veis desenvolvidas em outros estados.<\/p>\n<p style=\"text-align: justify;\">A Secretaria de Desenvolvimento Econ\u00f4mico e Meio Ambiente de Alagoinhas informou que vai continuar incentivando a participa\u00e7\u00e3o de profissionais em encontros, semin\u00e1rios e atividades formativas, porque acredita que as redes de compartilhamento e debate s\u00e3o fundamentais para o planejamento de a\u00e7\u00f5es capazes de gerar resultados efetivos para a popula\u00e7\u00e3o.<\/p>\n<h6 style=\"text-align: right;\"><span style=\"color: #999999;\">Secom Alagoinhas<\/span><\/h6>\n<div class='share-to-whatsapp-wrapper'><div class='share-on-whsp'>Share on: <\/div><a data-text='Programa \u201cAlagoinhas 3+\u201d \u00e9 destaque no maior encontro sobre Arboricultura e Meio Ambiente do Nordeste' data-link='https:\/\/newsinfoco.com.br\/inicio\/programa-alagoinhas-3-e-destaque-no-maior-encontro-sobre-arboricultura-e-meio-ambiente-do-nordeste\/' class='whatsapp-button whatsapp-share'>WhatsApp<\/a><div class='clear '><\/div><\/div>","protected":false},"excerpt":{"rendered":"<p>Representando a Prefeitura de Alagoinhas no V Encontro Nordestino de Arboriza\u00e7\u00e3o Urbana (V ENAU), realizado em Caruaru (PE), o secret\u00e1rio municipal de desenvolvimento econ\u00f4mico e meio ambiente, Jos\u00e9 Ed\u00e9sio Cardoso, participou, nesta quarta-feira (7), de um painel com modelos exitosos da arboricultura urbana e ministrou uma palestra sobre o Programa \u201cAlagoinhas 3+: Meio Ambiente, Sa\u00fade [&hellip;]<\/p>\n","protected":false},"author":1,"featured_media":11162,"comment_status":"open","ping_status":"open","sticky":false,"template":"","format":"standard","meta":{"om_disable_all_campaigns":false,"_exactmetrics_skip_tracking":false,"_exactmetrics_sitenote_active":false,"_exactmetrics_sitenote_note":"","_exactmetrics_sitenote_category":0,"footnotes":""},"categories":[38,30],"tags":[],"class_list":["post-11161","post","type-post","status-publish","format-standard","has-post-thumbnail","hentry","category-alagoinhas-e-regiao","category-destaque"],"aioseo_notices":[],"_links":{"self":[{"href":"https:\/\/newsinfoco.com.br\/inicio\/wp-json\/wp\/v2\/posts\/11161","targetHints":{"allow":["GET"]}}],"collection":[{"href":"https:\/\/newsinfoco.com.br\/inicio\/wp-json\/wp\/v2\/posts"}],"about":[{"href":"https:\/\/newsinfoco.com.br\/inicio\/wp-json\/wp\/v2\/types\/post"}],"author":[{"embeddable":true,"href":"https:\/\/newsinfoco.com.br\/inicio\/wp-json\/wp\/v2\/users\/1"}],"replies":[{"embeddable":true,"href":"https:\/\/newsinfoco.com.br\/inicio\/wp-json\/wp\/v2\/comments?post=11161"}],"version-history":[{"count":0,"href":"https:\/\/newsinfoco.com.br\/inicio\/wp-json\/wp\/v2\/posts\/11161\/revisions"}],"wp:featuredmedia":[{"embeddable":true,"href":"https:\/\/newsinfoco.com.br\/inicio\/wp-json\/wp\/v2\/media\/11162"}],"wp:attachment":[{"href":"https:\/\/newsinfoco.com.br\/inicio\/wp-json\/wp\/v2\/media?parent=11161"}],"wp:term":[{"taxonomy":"category","embeddable":true,"href":"https:\/\/newsinfoco.com.br\/inicio\/wp-json\/wp\/v2\/categories?post=11161"},{"taxonomy":"post_tag","embeddable":true,"href":"https:\/\/newsinfoco.com.br\/inicio\/wp-json\/wp\/v2\/tags?post=11161"}],"curies":[{"name":"wp","href":"https:\/\/api.w.org\/{rel}","templated":true}]}}