{"id":11164,"date":"2018-11-08T21:55:04","date_gmt":"2018-11-08T23:55:04","guid":{"rendered":"http:\/\/newsinfoco.com.br\/?p=11164"},"modified":"2018-11-08T21:55:04","modified_gmt":"2018-11-08T23:55:04","slug":"alagoinhas-sedia-encontro-macrorregional-de-combate-ao-trabalho-infantil","status":"publish","type":"post","link":"https:\/\/newsinfoco.com.br\/inicio\/alagoinhas-sedia-encontro-macrorregional-de-combate-ao-trabalho-infantil\/","title":{"rendered":"Alagoinhas sedia encontro macrorregional de combate ao trabalho infantil"},"content":{"rendered":"<p style=\"text-align: justify;\">Com o objetivo de fortalecer as estrat\u00e9gias e a\u00e7\u00f5es de combate ao Trabalho Infantil no Agreste Baiano, Alagoinhas sediar\u00e1, nesta ter\u00e7a-feira (13), no Audit\u00f3rio do N\u00facleo Regional de Sa\u00fade, Jardim Petrolar, o 1\u00ba Encontro FETIPA na Macrorregional Nordeste\/Alagoinhas no Combate ao Trabalho Infantil.<\/p>\n<p style=\"text-align: justify;\">Promovido pelo \u00a0F\u00f3rum Estadual de Erradica\u00e7\u00e3o e Preven\u00e7\u00e3o do Trabalho infantil no Estado da Bahia(FETIPA)\u00a0 e pela Diretoria de Aten\u00e7\u00e3o \u00e1 Sa\u00fade do Trabalhador\/ Coordena\u00e7\u00e3o de Aten\u00e7\u00e3o \u00e0 Sa\u00fade do Trabalhador (Divast\/Coast), o evento tem apoio do\u00a0CEREST, da Secretaria Municipal de Assist\u00eancia Social, Secretaria Municipal de Sa\u00fade e Conselho Municipal dos Direitos da Crian\u00e7a e do Adolescente.<\/p><div class=\"newsi-conteudo_19\" id=\"newsi-1467436245\"><a href=\"https:\/\/www.instagram.com\/prefeituraalagoinhas?igsh=YzgzdDJ1bWR3aWI4\" aria-label=\"SAVE_20251006_221555\"><img loading=\"lazy\" decoding=\"async\" src=\"https:\/\/newsinfoco.com.br\/inicio\/wp-content\/uploads\/2025\/10\/SAVE_20251006_221555-rotated.jpg\" alt=\"\"  srcset=\"https:\/\/newsinfoco.com.br\/inicio\/wp-content\/uploads\/2025\/10\/SAVE_20251006_221555-rotated.jpg 1140w, https:\/\/newsinfoco.com.br\/inicio\/wp-content\/uploads\/2025\/10\/SAVE_20251006_221555-300x52.jpg 300w, https:\/\/newsinfoco.com.br\/inicio\/wp-content\/uploads\/2025\/10\/SAVE_20251006_221555-1024x177.jpg 1024w, https:\/\/newsinfoco.com.br\/inicio\/wp-content\/uploads\/2025\/10\/SAVE_20251006_221555-768x133.jpg 768w, https:\/\/newsinfoco.com.br\/inicio\/wp-content\/uploads\/2025\/10\/SAVE_20251006_221555-600x104.jpg 600w, https:\/\/newsinfoco.com.br\/inicio\/wp-content\/uploads\/2025\/10\/SAVE_20251006_221555-696x120.jpg 696w, https:\/\/newsinfoco.com.br\/inicio\/wp-content\/uploads\/2025\/10\/SAVE_20251006_221555-1068x185.jpg 1068w\" sizes=\"(max-width: 1140px) 100vw, 1140px\" width=\"1140\" height=\"197\"   \/><\/a><\/div>\n<p style=\"text-align: justify;\">S\u00e3o consideradas como trabalho infantil as diversas atividades econ\u00f4micas ou atividades de sobreviv\u00eancia realizadas por crian\u00e7as ou adolescentes em idade inferior a 16 anos. Durante o encontro, entidades e sociedade civil debater\u00e3o com o poder p\u00fablico as formas de preven\u00e7\u00e3o, erradica\u00e7\u00e3o da explora\u00e7\u00e3o do trabalho infantil precoce, o papel da prote\u00e7\u00e3o social e os meios de combat\u00ea-las, para que sejam oportunizadas cada vez mais dignidade e cidadania \u00e0s crian\u00e7as, adolescentes e suas fam\u00edlias.<\/p>\n<p style=\"text-align: justify;\"><strong>O F\u00f3rum<\/strong><br \/>\nO FETIPA \u00e9 um espa\u00e7o interinstitucional permanente de articula\u00e7\u00e3o, comprometido com a erradica\u00e7\u00e3o do Trabalho Infantil e com a prote\u00e7\u00e3o e garantia dos direitos do adolescente no trabalho. Composto por organismos estatais e n\u00e3o estatais, p\u00fablicos e privados, integra governos e sociedade no enfrentamento ao problema. A Avante \u2013 Educa\u00e7\u00e3o e Mobiliza\u00e7\u00e3o Social ocupa a vice-presidente do \u00f3rg\u00e3o.<\/p>\n<p style=\"text-align: justify;\">O encontro sediado em Alagoinhas est\u00e1 entre os nove macrorregi\u00f5es pensadas pela FETIPA como forma de mobiliza\u00e7\u00e3o e fortalecimento das a\u00e7\u00f5es de Combate ao Trabalho Infantil no estado da Bahia. \u00a0At\u00e9 momento, Feira de Santana, Barreiras,\u00a0Jacobina e Salvador j\u00e1 foram contemplados.<\/p>\n<p style=\"text-align: justify;\">\u201d Os encontros do FETIPA\/BA s\u00e3o realizados em cada uma das macrorregionais por conta de uma estrat\u00e9gia de articula\u00e7\u00e3o junto a estas inst\u00e2ncias, para mobilizar os 417 munic\u00edpios do estado da Bahia. O objetivo \u00e9 socializar e divulgar informa\u00e7\u00f5es relacionadas ao F\u00f3rum, bem como os demais informes acerca da tem\u00e1tica: Trabalho Infantil e Prote\u00e7\u00e3o ao Adolescente Trabalhador, fortalecendo o FETIPA e aproximando-o da sociedade de modo geral\u201d, explica uma das coordenadoras, Gildete Britto.<\/p>\n<h6 style=\"text-align: right;\"><span style=\"color: #999999;\">Secom Alagoinhas<\/span><\/h6>\n<div class='share-to-whatsapp-wrapper'><div class='share-on-whsp'>Share on: <\/div><a data-text='Alagoinhas sedia encontro macrorregional de combate ao trabalho infantil' data-link='https:\/\/newsinfoco.com.br\/inicio\/alagoinhas-sedia-encontro-macrorregional-de-combate-ao-trabalho-infantil\/' class='whatsapp-button whatsapp-share'>WhatsApp<\/a><div class='clear '><\/div><\/div>","protected":false},"excerpt":{"rendered":"<p>Com o objetivo de fortalecer as estrat\u00e9gias e a\u00e7\u00f5es de combate ao Trabalho Infantil no Agreste Baiano, Alagoinhas sediar\u00e1, nesta ter\u00e7a-feira (13), no Audit\u00f3rio do N\u00facleo Regional de Sa\u00fade, Jardim Petrolar, o 1\u00ba Encontro FETIPA na Macrorregional Nordeste\/Alagoinhas no Combate ao Trabalho Infantil. Promovido pelo \u00a0F\u00f3rum Estadual de Erradica\u00e7\u00e3o e Preven\u00e7\u00e3o do Trabalho infantil no [&hellip;]<\/p>\n","protected":false},"author":1,"featured_media":11165,"comment_status":"open","ping_status":"open","sticky":false,"template":"","format":"standard","meta":{"om_disable_all_campaigns":false,"_exactmetrics_skip_tracking":false,"_exactmetrics_sitenote_active":false,"_exactmetrics_sitenote_note":"","_exactmetrics_sitenote_category":0,"footnotes":""},"categories":[38,30],"tags":[],"class_list":["post-11164","post","type-post","status-publish","format-standard","has-post-thumbnail","hentry","category-alagoinhas-e-regiao","category-destaque"],"aioseo_notices":[],"_links":{"self":[{"href":"https:\/\/newsinfoco.com.br\/inicio\/wp-json\/wp\/v2\/posts\/11164","targetHints":{"allow":["GET"]}}],"collection":[{"href":"https:\/\/newsinfoco.com.br\/inicio\/wp-json\/wp\/v2\/posts"}],"about":[{"href":"https:\/\/newsinfoco.com.br\/inicio\/wp-json\/wp\/v2\/types\/post"}],"author":[{"embeddable":true,"href":"https:\/\/newsinfoco.com.br\/inicio\/wp-json\/wp\/v2\/users\/1"}],"replies":[{"embeddable":true,"href":"https:\/\/newsinfoco.com.br\/inicio\/wp-json\/wp\/v2\/comments?post=11164"}],"version-history":[{"count":0,"href":"https:\/\/newsinfoco.com.br\/inicio\/wp-json\/wp\/v2\/posts\/11164\/revisions"}],"wp:featuredmedia":[{"embeddable":true,"href":"https:\/\/newsinfoco.com.br\/inicio\/wp-json\/wp\/v2\/media\/11165"}],"wp:attachment":[{"href":"https:\/\/newsinfoco.com.br\/inicio\/wp-json\/wp\/v2\/media?parent=11164"}],"wp:term":[{"taxonomy":"category","embeddable":true,"href":"https:\/\/newsinfoco.com.br\/inicio\/wp-json\/wp\/v2\/categories?post=11164"},{"taxonomy":"post_tag","embeddable":true,"href":"https:\/\/newsinfoco.com.br\/inicio\/wp-json\/wp\/v2\/tags?post=11164"}],"curies":[{"name":"wp","href":"https:\/\/api.w.org\/{rel}","templated":true}]}}