{"id":11167,"date":"2018-11-08T22:04:25","date_gmt":"2018-11-09T00:04:25","guid":{"rendered":"http:\/\/newsinfoco.com.br\/?p=11167"},"modified":"2018-11-08T22:10:00","modified_gmt":"2018-11-09T00:10:00","slug":"prefeitura-de-alagoinhas-desmente-blogueiro-maurilio-fontes-e-afirma-por-meio-de-nota-que-moacir-lira-continua-a-frente-da-secretaria-municipal-de-saude","status":"publish","type":"post","link":"https:\/\/newsinfoco.com.br\/inicio\/prefeitura-de-alagoinhas-desmente-blogueiro-maurilio-fontes-e-afirma-por-meio-de-nota-que-moacir-lira-continua-a-frente-da-secretaria-municipal-de-saude\/","title":{"rendered":"Prefeitura de Alagoinhas desmente blogueiro Maurilio Fontes e afirma por meio de nota que Moacir Lira continua \u00e0 frente da Secretaria Municipal de Sa\u00fade"},"content":{"rendered":"<p style=\"text-align: justify;\">A Prefeitura de Alagoinhas informou por meio de nota que a declara\u00e7\u00e3o veiculada por Maurilio Fontes em seu blog sobre a sa\u00edda antecipada do secret\u00e1rio de sa\u00fade, Moacir Lira, da pasta, \u00e9 inver\u00eddica.<\/p>\n<p style=\"text-align: justify;\">De acordo com a prefeitura, o gestor permanece no cargo durante os pr\u00f3ximos meses, dando continuidade \u00e0s atividades em andamento.<\/p><div class=\"newsi-conteudo_19\" id=\"newsi-626098655\"><a href=\"https:\/\/www.instagram.com\/prefeituraalagoinhas?igsh=YzgzdDJ1bWR3aWI4\" aria-label=\"SAVE_20251006_221555\"><img loading=\"lazy\" decoding=\"async\" src=\"https:\/\/newsinfoco.com.br\/inicio\/wp-content\/uploads\/2025\/10\/SAVE_20251006_221555-rotated.jpg\" alt=\"\"  srcset=\"https:\/\/newsinfoco.com.br\/inicio\/wp-content\/uploads\/2025\/10\/SAVE_20251006_221555-rotated.jpg 1140w, https:\/\/newsinfoco.com.br\/inicio\/wp-content\/uploads\/2025\/10\/SAVE_20251006_221555-300x52.jpg 300w, https:\/\/newsinfoco.com.br\/inicio\/wp-content\/uploads\/2025\/10\/SAVE_20251006_221555-1024x177.jpg 1024w, https:\/\/newsinfoco.com.br\/inicio\/wp-content\/uploads\/2025\/10\/SAVE_20251006_221555-768x133.jpg 768w, https:\/\/newsinfoco.com.br\/inicio\/wp-content\/uploads\/2025\/10\/SAVE_20251006_221555-600x104.jpg 600w, https:\/\/newsinfoco.com.br\/inicio\/wp-content\/uploads\/2025\/10\/SAVE_20251006_221555-696x120.jpg 696w, https:\/\/newsinfoco.com.br\/inicio\/wp-content\/uploads\/2025\/10\/SAVE_20251006_221555-1068x185.jpg 1068w\" sizes=\"(max-width: 1140px) 100vw, 1140px\" width=\"1140\" height=\"197\"   \/><\/a><\/div>\n<p style=\"text-align: justify;\">\u201cN\u00e3o existe nada disso. \u00c9 uma declara\u00e7\u00e3o que n\u00e3o se fundamenta, completamente equivocada. Como \u00e9 do conhecimento de todos, por conta de quest\u00f5es acad\u00eamicas, conversei com o prefeito sobre a necessidade de deixar a pasta em 31 de dezembro. Desde que falamos sobre isso, Joaquim tem me questionado sobre a possibilidade de adiar a sa\u00edda, com uma concilia\u00e7\u00e3o entre a agenda do p\u00f3s-doutorado e as atividades da secretaria. \u00c9 uma ideia que n\u00e3o est\u00e1 descartada. Ainda este ano, teremos a requalifica\u00e7\u00e3o, j\u00e1 em andamento, do Centro de Aten\u00e7\u00e3o Psicossocial e a reforma da Vigil\u00e2ncia, que est\u00e1 em fase de conclus\u00e3o. Tamb\u00e9m temos entregas de ve\u00edculos da sa\u00fade previstas e um trabalho em curso desenvolvido junto \u00e0 equipe que n\u00e3o pode ser interrompido abruptamente. Temos uma equipe de sa\u00fade muito unida, comprometida com as necessidades da popula\u00e7\u00e3o, e \u00e9 preciso desmentir informa\u00e7\u00f5es que n\u00e3o condizem com a realidade dos fatos\u201d, enfatizou o secret\u00e1rio.<\/p>\n<p style=\"text-align: justify;\">A Prefeitura de Alagoinhas ainda decidiu se manifestar contra a dissemina\u00e7\u00e3o deliberada de not\u00edcias falsas, as famosas fake news, que ferem os princ\u00edpios da \u00e9tica jornal\u00edstica e prejudicam a popula\u00e7\u00e3o.<\/p>\n<p style=\"text-align: right;\"><span style=\"color: #999999;\">Por Caio Pimenta com informa\u00e7\u00f5es da Secom Alagoinhas para o News Infoco<\/span><\/p>\n<div class='share-to-whatsapp-wrapper'><div class='share-on-whsp'>Share on: <\/div><a data-text='Prefeitura de Alagoinhas desmente blogueiro Maurilio Fontes e afirma por meio de nota que Moacir Lira continua \u00e0 frente da Secretaria Municipal de Sa\u00fade' data-link='https:\/\/newsinfoco.com.br\/inicio\/prefeitura-de-alagoinhas-desmente-blogueiro-maurilio-fontes-e-afirma-por-meio-de-nota-que-moacir-lira-continua-a-frente-da-secretaria-municipal-de-saude\/' class='whatsapp-button whatsapp-share'>WhatsApp<\/a><div class='clear '><\/div><\/div>","protected":false},"excerpt":{"rendered":"<p>A Prefeitura de Alagoinhas informou por meio de nota que a declara\u00e7\u00e3o veiculada por Maurilio Fontes em seu blog sobre a sa\u00edda antecipada do secret\u00e1rio de sa\u00fade, Moacir Lira, da pasta, \u00e9 inver\u00eddica. De acordo com a prefeitura, o gestor permanece no cargo durante os pr\u00f3ximos meses, dando continuidade \u00e0s atividades em andamento. \u201cN\u00e3o existe [&hellip;]<\/p>\n","protected":false},"author":1,"featured_media":11168,"comment_status":"open","ping_status":"open","sticky":false,"template":"","format":"standard","meta":{"om_disable_all_campaigns":false,"_exactmetrics_skip_tracking":false,"_exactmetrics_sitenote_active":false,"_exactmetrics_sitenote_note":"","_exactmetrics_sitenote_category":0,"footnotes":""},"categories":[38,30],"tags":[],"class_list":["post-11167","post","type-post","status-publish","format-standard","has-post-thumbnail","hentry","category-alagoinhas-e-regiao","category-destaque"],"aioseo_notices":[],"_links":{"self":[{"href":"https:\/\/newsinfoco.com.br\/inicio\/wp-json\/wp\/v2\/posts\/11167","targetHints":{"allow":["GET"]}}],"collection":[{"href":"https:\/\/newsinfoco.com.br\/inicio\/wp-json\/wp\/v2\/posts"}],"about":[{"href":"https:\/\/newsinfoco.com.br\/inicio\/wp-json\/wp\/v2\/types\/post"}],"author":[{"embeddable":true,"href":"https:\/\/newsinfoco.com.br\/inicio\/wp-json\/wp\/v2\/users\/1"}],"replies":[{"embeddable":true,"href":"https:\/\/newsinfoco.com.br\/inicio\/wp-json\/wp\/v2\/comments?post=11167"}],"version-history":[{"count":0,"href":"https:\/\/newsinfoco.com.br\/inicio\/wp-json\/wp\/v2\/posts\/11167\/revisions"}],"wp:featuredmedia":[{"embeddable":true,"href":"https:\/\/newsinfoco.com.br\/inicio\/wp-json\/wp\/v2\/media\/11168"}],"wp:attachment":[{"href":"https:\/\/newsinfoco.com.br\/inicio\/wp-json\/wp\/v2\/media?parent=11167"}],"wp:term":[{"taxonomy":"category","embeddable":true,"href":"https:\/\/newsinfoco.com.br\/inicio\/wp-json\/wp\/v2\/categories?post=11167"},{"taxonomy":"post_tag","embeddable":true,"href":"https:\/\/newsinfoco.com.br\/inicio\/wp-json\/wp\/v2\/tags?post=11167"}],"curies":[{"name":"wp","href":"https:\/\/api.w.org\/{rel}","templated":true}]}}