{"id":11173,"date":"2018-11-08T22:32:25","date_gmt":"2018-11-09T00:32:25","guid":{"rendered":"http:\/\/newsinfoco.com.br\/?p=11173"},"modified":"2018-11-08T22:33:13","modified_gmt":"2018-11-09T00:33:13","slug":"vigilancia-epidemiologica-de-alagoinhas-oferece-atendimento-semanal-para-vacinacao-antirrabica-em-animais","status":"publish","type":"post","link":"https:\/\/newsinfoco.com.br\/inicio\/vigilancia-epidemiologica-de-alagoinhas-oferece-atendimento-semanal-para-vacinacao-antirrabica-em-animais\/","title":{"rendered":"Vigil\u00e2ncia Epidemiol\u00f3gica de Alagoinhas oferece atendimento semanal para vacina\u00e7\u00e3o antirr\u00e1bica em animais"},"content":{"rendered":"<p style=\"text-align: justify;\">Com foco na preven\u00e7\u00e3o, a Vigil\u00e2ncia Epidemiol\u00f3gica est\u00e1 realizando, toda quarta-feira, a vacina\u00e7\u00e3o antirr\u00e1bica para c\u00e3es e gatos. Segundo os profissionais do setor, animais que ainda n\u00e3o foram vacinados podem ser encaminhados \u00e0 sede das 8h \u00e0s 11h30 para que seja administrada a dose.<\/p>\n<p style=\"text-align: justify;\">Embora n\u00e3o contabilize uma taxa elevada da doen\u00e7a, o Brasil \u2013 que em 2014 reduziu drasticamente o \u00edndice, chegando a zero no n\u00famero de casos \u2013 voltou a apresentar registros da doen\u00e7a.<\/p><div class=\"newsi-conteudo_19\" id=\"newsi-893871489\"><a href=\"https:\/\/www.instagram.com\/prefeituraalagoinhas?igsh=YzgzdDJ1bWR3aWI4\" aria-label=\"SAVE_20251006_221555\"><img loading=\"lazy\" decoding=\"async\" src=\"https:\/\/newsinfoco.com.br\/inicio\/wp-content\/uploads\/2025\/10\/SAVE_20251006_221555-rotated.jpg\" alt=\"\"  srcset=\"https:\/\/newsinfoco.com.br\/inicio\/wp-content\/uploads\/2025\/10\/SAVE_20251006_221555-rotated.jpg 1140w, https:\/\/newsinfoco.com.br\/inicio\/wp-content\/uploads\/2025\/10\/SAVE_20251006_221555-300x52.jpg 300w, https:\/\/newsinfoco.com.br\/inicio\/wp-content\/uploads\/2025\/10\/SAVE_20251006_221555-1024x177.jpg 1024w, https:\/\/newsinfoco.com.br\/inicio\/wp-content\/uploads\/2025\/10\/SAVE_20251006_221555-768x133.jpg 768w, https:\/\/newsinfoco.com.br\/inicio\/wp-content\/uploads\/2025\/10\/SAVE_20251006_221555-600x104.jpg 600w, https:\/\/newsinfoco.com.br\/inicio\/wp-content\/uploads\/2025\/10\/SAVE_20251006_221555-696x120.jpg 696w, https:\/\/newsinfoco.com.br\/inicio\/wp-content\/uploads\/2025\/10\/SAVE_20251006_221555-1068x185.jpg 1068w\" sizes=\"(max-width: 1140px) 100vw, 1140px\" width=\"1140\" height=\"197\"   \/><\/a><\/div>\n<p style=\"text-align: justify;\">Respons\u00e1vel por 55 mil mortes por ano, segundo dados da Organiza\u00e7\u00e3o Mundial da Sa\u00fade (OMS), a zoonose \u00e9 transmitida pela saliva de animais contaminados e a vacina\u00e7\u00e3o antirr\u00e1bica anual \u00e9 obrigat\u00f3ria por lei.<\/p>\n<p style=\"text-align: justify;\">Realizada agora semanalmente com atendimento gratuito na sede da Vigil\u00e2ncia, em Alagoinhas, a perspectiva \u00e9 de que a medida contribua para a preven\u00e7\u00e3o e auxilie no controle da doen\u00e7a. \u201cA vacina antirr\u00e1bica \u00e9 a \u00fanica forma segura de preven\u00e7\u00e3o. Por isso, embora o per\u00edodo da campanha j\u00e1 tenha sido encerrado, resolvemos colocar na rotina de atendimentos do munic\u00edpio um dia da semana espec\u00edfico para a vacina\u00e7\u00e3o animal. Todas as quartas-feiras, c\u00e3es e gatos poder\u00e3o ser encaminhados \u00e0 Vigil\u00e2ncia Epidemiol\u00f3gica para a vacina\u00e7\u00e3o\u201d, enfatizou a coordenadora Claudine Ramos.<\/p>\n<h6 style=\"text-align: right;\"><span style=\"color: #999999;\">Secom Alagoinhas<\/span><\/h6>\n<div class='share-to-whatsapp-wrapper'><div class='share-on-whsp'>Share on: <\/div><a data-text='Vigil\u00e2ncia Epidemiol\u00f3gica de Alagoinhas oferece atendimento semanal para vacina\u00e7\u00e3o antirr\u00e1bica em animais' data-link='https:\/\/newsinfoco.com.br\/inicio\/vigilancia-epidemiologica-de-alagoinhas-oferece-atendimento-semanal-para-vacinacao-antirrabica-em-animais\/' class='whatsapp-button whatsapp-share'>WhatsApp<\/a><div class='clear '><\/div><\/div>","protected":false},"excerpt":{"rendered":"<p>Com foco na preven\u00e7\u00e3o, a Vigil\u00e2ncia Epidemiol\u00f3gica est\u00e1 realizando, toda quarta-feira, a vacina\u00e7\u00e3o antirr\u00e1bica para c\u00e3es e gatos. Segundo os profissionais do setor, animais que ainda n\u00e3o foram vacinados podem ser encaminhados \u00e0 sede das 8h \u00e0s 11h30 para que seja administrada a dose. Embora n\u00e3o contabilize uma taxa elevada da doen\u00e7a, o Brasil \u2013 [&hellip;]<\/p>\n","protected":false},"author":1,"featured_media":11174,"comment_status":"open","ping_status":"open","sticky":false,"template":"","format":"standard","meta":{"om_disable_all_campaigns":false,"_exactmetrics_skip_tracking":false,"_exactmetrics_sitenote_active":false,"_exactmetrics_sitenote_note":"","_exactmetrics_sitenote_category":0,"footnotes":""},"categories":[38,30],"tags":[],"class_list":["post-11173","post","type-post","status-publish","format-standard","has-post-thumbnail","hentry","category-alagoinhas-e-regiao","category-destaque"],"aioseo_notices":[],"_links":{"self":[{"href":"https:\/\/newsinfoco.com.br\/inicio\/wp-json\/wp\/v2\/posts\/11173","targetHints":{"allow":["GET"]}}],"collection":[{"href":"https:\/\/newsinfoco.com.br\/inicio\/wp-json\/wp\/v2\/posts"}],"about":[{"href":"https:\/\/newsinfoco.com.br\/inicio\/wp-json\/wp\/v2\/types\/post"}],"author":[{"embeddable":true,"href":"https:\/\/newsinfoco.com.br\/inicio\/wp-json\/wp\/v2\/users\/1"}],"replies":[{"embeddable":true,"href":"https:\/\/newsinfoco.com.br\/inicio\/wp-json\/wp\/v2\/comments?post=11173"}],"version-history":[{"count":0,"href":"https:\/\/newsinfoco.com.br\/inicio\/wp-json\/wp\/v2\/posts\/11173\/revisions"}],"wp:featuredmedia":[{"embeddable":true,"href":"https:\/\/newsinfoco.com.br\/inicio\/wp-json\/wp\/v2\/media\/11174"}],"wp:attachment":[{"href":"https:\/\/newsinfoco.com.br\/inicio\/wp-json\/wp\/v2\/media?parent=11173"}],"wp:term":[{"taxonomy":"category","embeddable":true,"href":"https:\/\/newsinfoco.com.br\/inicio\/wp-json\/wp\/v2\/categories?post=11173"},{"taxonomy":"post_tag","embeddable":true,"href":"https:\/\/newsinfoco.com.br\/inicio\/wp-json\/wp\/v2\/tags?post=11173"}],"curies":[{"name":"wp","href":"https:\/\/api.w.org\/{rel}","templated":true}]}}