{"id":11180,"date":"2018-11-10T13:21:31","date_gmt":"2018-11-10T15:21:31","guid":{"rendered":"http:\/\/newsinfoco.com.br\/?p=11180"},"modified":"2018-11-10T13:21:31","modified_gmt":"2018-11-10T15:21:31","slug":"cnj-vai-apurar-se-faltou-etica-a-moro-ao-aceitar-ser-ministro-de-bolsonaro","status":"publish","type":"post","link":"https:\/\/newsinfoco.com.br\/inicio\/cnj-vai-apurar-se-faltou-etica-a-moro-ao-aceitar-ser-ministro-de-bolsonaro\/","title":{"rendered":"CNJ vai apurar se faltou \u00e9tica a Moro ao aceitar ser ministro de Bolsonaro"},"content":{"rendered":"<p class=\"\" style=\"text-align: justify;\"><span style=\"color: #000000;\">O corregedor do Conselho Nacional de Justi\u00e7a (CNJ),\u00a0ministro Humberto Martins, determinou a abertura de processo administrativo para apurar se\u00a0o juiz S\u00e9rgio Moro violou leis e o\u00a0C\u00f3digo de \u00c9tica da Magistratura ao aceitar convite para se juntar \u00e0 equipe de governo de Jair Bolsonaro (PSL) ainda durante o exerc\u00edcio da magistratura. Moro pediu f\u00e9rias da Justi\u00e7a e deve se exonerar apenas \u00e0s v\u00e9speras de assumir o posto no Minist\u00e9rio da Justi\u00e7a e Seguran\u00e7a P\u00fablica.\u00a0<\/span><\/p>\n<p class=\"\" style=\"text-align: justify;\"><span style=\"color: #000000;\">A decis\u00e3o atende a\u00a0\u00a0<a style=\"color: #000000;\" href=\"https:\/\/ultimosegundo.ig.com.br\/politica\/2018-11-06\/pt-sergio-moro-cnj.html\" target=\"_blank\" rel=\"noopener\">pedido apresentado semana passada por\u00a0deputados e senadores<\/a>\u00a0do Partido dos Trabalhadores (PT). Os autores da representa\u00e7\u00e3o alegaram que\u00a0<strong>S\u00e9rgio Moro<\/strong>\u00a0cometeu &#8220;falhas funcionais, administrativas e disciplinares&#8221; ao promover &#8220;\u00f3bvia tentativa de interferir no pleito eleitoral&#8221;.<\/span><\/p><div class=\"newsi-conteudo_19\" id=\"newsi-2731783146\"><a href=\"https:\/\/www.instagram.com\/prefeituraalagoinhas?igsh=YzgzdDJ1bWR3aWI4\" aria-label=\"SAVE_20251006_221555\"><img loading=\"lazy\" decoding=\"async\" src=\"https:\/\/newsinfoco.com.br\/inicio\/wp-content\/uploads\/2025\/10\/SAVE_20251006_221555-rotated.jpg\" alt=\"\"  srcset=\"https:\/\/newsinfoco.com.br\/inicio\/wp-content\/uploads\/2025\/10\/SAVE_20251006_221555-rotated.jpg 1140w, https:\/\/newsinfoco.com.br\/inicio\/wp-content\/uploads\/2025\/10\/SAVE_20251006_221555-300x52.jpg 300w, https:\/\/newsinfoco.com.br\/inicio\/wp-content\/uploads\/2025\/10\/SAVE_20251006_221555-1024x177.jpg 1024w, https:\/\/newsinfoco.com.br\/inicio\/wp-content\/uploads\/2025\/10\/SAVE_20251006_221555-768x133.jpg 768w, https:\/\/newsinfoco.com.br\/inicio\/wp-content\/uploads\/2025\/10\/SAVE_20251006_221555-600x104.jpg 600w, https:\/\/newsinfoco.com.br\/inicio\/wp-content\/uploads\/2025\/10\/SAVE_20251006_221555-696x120.jpg 696w, https:\/\/newsinfoco.com.br\/inicio\/wp-content\/uploads\/2025\/10\/SAVE_20251006_221555-1068x185.jpg 1068w\" sizes=\"(max-width: 1140px) 100vw, 1140px\" width=\"1140\" height=\"197\"   \/><\/a><\/div>\n<p style=\"text-align: justify;\"><span style=\"color: #000000;\">O corregedor do\u00a0<strong>CNJ<\/strong>\u00a0, ao decidir pela abertura do processo, deu prazo de 15 dias para o agora ex-juiz da Lava Jato apresentar seus esclarecimentos, e o mesmo prazo para a\u00a0Corregedoria Regional do Tribunal Regional Federal da 4\u00aa Regi\u00e3o informar se h\u00e1 qualquer apura\u00e7\u00e3o\u00a0contra Moro em andamento naquele \u00f3rg\u00e3o.<\/span><\/p>\n<p style=\"text-align: justify;\"><span style=\"color: #000000;\">Humberto Martins disse que a apura\u00e7\u00e3o \u00e9 necess\u00e1ria para &#8220;possibilitar uma melhor compreens\u00e3o dos fatos&#8221; e\u00a0determinou que fossem reunidos num mesmo processo a representa\u00e7\u00e3o apresentada pelos parlamentares do PT e tamb\u00e9m pedidos formulados pela\u00a0Associa\u00e7\u00e3o Brasileira de Juristas pela Democracia (ABJD) e\u00a0por\u00a0Benedito da Silva Junior.<\/span><\/p>\n<p style=\"text-align: justify;\"><span style=\"color: #000000;\">\u201cJ\u00e1 tramita nesta Corregedoria Nacional de Justi\u00e7a pedidos de provid\u00eancias instaurados para apurar fatos an\u00e1logos ao que s\u00e3o objeto das reclama\u00e7\u00f5es, de modo que, visando a evitar a repeti\u00e7\u00e3o de atos processuais, causando demora indevida na tramita\u00e7\u00e3o e desperd\u00edcio de recursos humanos e materiais, devem os presentes feitos serem sobrestados e apensados ao PP para julgamento conjunto\u201d, decidiu o corregedor.<\/span><\/p>\n<p style=\"text-align: justify;\"><span style=\"color: #000000;\">A representa\u00e7\u00e3o da ABJD argumenta que Moro, ao iniciar tratativas para ser\u00a0<strong>ministro\u00a0de Bolsonaro<\/strong>\u00a0\u00a0ainda durante o exerc\u00edcio do cargo de magistrado teria violado a proibi\u00e7\u00e3o constitucional aos magistrados de dedicarem-se \u00e0 atividade pol\u00edtico-partid\u00e1ria (artigo 95 da Constitui\u00e7\u00e3o; o dever de manter conduta irrepreens\u00edvel na vida p\u00fablica e particular (Lei Org\u00e2nica da Magistratura, artigo 35); a proibi\u00e7\u00e3o da manifestar opini\u00e3o sobre processo pendente de julgamento (Loman, artigo 96) e a veda\u00e7\u00e3o de participa\u00e7\u00e3o em qualquer atividade pol\u00edtico-eleitoral (C\u00f3digo de \u00c9tica da Magistratura, artigo 7\u00ba).<\/span><\/p>\n<h3 style=\"text-align: justify;\"><span style=\"color: #000000;\">S\u00e9rgio Moro tamb\u00e9m prestar\u00e1 esclarecimento sobre HC de Lula<\/span><\/h3>\n<p class=\" \" style=\"text-align: justify;\"><span style=\"color: #000000;\">Al\u00e9m de responder a esse processo, Moro tamb\u00e9m dever\u00e1 prestar esclarecimentos\u00a0a respeito da guerra de decis\u00f5es\u00a0sobre o\u00a0\u00a0<a style=\"color: #000000;\" href=\"https:\/\/ultimosegundo.ig.com.br\/politica\/2018-07-08\/justica-manda-soltar-lula.html\" target=\"_blank\" rel=\"noopener\">habeas corpus que concedeu liberdade ao ex-presidente Luiz In\u00e1cio Lula da Silva<\/a>\u00a0(PT), em julho.\u00a0<\/span><\/p>\n<p style=\"text-align: justify;\"><span style=\"color: #000000;\">O corregedor Humberto Martins agendou para o dia 6 de dezembro a tomada dos depoimentos de Moro e dos desembargadores do Tribunal Regional Federal da 4\u00aa Regi\u00e3o (TRF-4) Rog\u00e9rio Favreto, Jo\u00e3o Pedro Gebran Neto e Thompson Flores Lenz.<\/span><\/p>\n<p style=\"text-align: justify;\"><span style=\"color: #000000;\">Tanto o processo contra\u00a0<strong>S\u00e9rgio Moro<\/strong>\u00a0quanto a apura\u00e7\u00e3o sobre o habeas corpus de Lula correm em segredo de Justi\u00e7a.<\/span><\/p>\n<h6 style=\"text-align: right;\"><span style=\"color: #999999;\">Fonte:ig<\/span><\/h6>\n<div class='share-to-whatsapp-wrapper'><div class='share-on-whsp'>Share on: <\/div><a data-text='CNJ vai apurar se faltou \u00e9tica a Moro ao aceitar ser ministro de Bolsonaro' data-link='https:\/\/newsinfoco.com.br\/inicio\/cnj-vai-apurar-se-faltou-etica-a-moro-ao-aceitar-ser-ministro-de-bolsonaro\/' class='whatsapp-button whatsapp-share'>WhatsApp<\/a><div class='clear '><\/div><\/div>","protected":false},"excerpt":{"rendered":"<p>O corregedor do Conselho Nacional de Justi\u00e7a (CNJ),\u00a0ministro Humberto Martins, determinou a abertura de processo administrativo para apurar se\u00a0o juiz S\u00e9rgio Moro violou leis e o\u00a0C\u00f3digo de \u00c9tica da Magistratura ao aceitar convite para se juntar \u00e0 equipe de governo de Jair Bolsonaro (PSL) ainda durante o exerc\u00edcio da magistratura. Moro pediu f\u00e9rias da Justi\u00e7a [&hellip;]<\/p>\n","protected":false},"author":1,"featured_media":11181,"comment_status":"open","ping_status":"open","sticky":false,"template":"","format":"standard","meta":{"om_disable_all_campaigns":false,"_exactmetrics_skip_tracking":false,"_exactmetrics_sitenote_active":false,"_exactmetrics_sitenote_note":"","_exactmetrics_sitenote_category":0,"footnotes":""},"categories":[21],"tags":[],"class_list":["post-11180","post","type-post","status-publish","format-standard","has-post-thumbnail","hentry","category-brasil"],"aioseo_notices":[],"_links":{"self":[{"href":"https:\/\/newsinfoco.com.br\/inicio\/wp-json\/wp\/v2\/posts\/11180","targetHints":{"allow":["GET"]}}],"collection":[{"href":"https:\/\/newsinfoco.com.br\/inicio\/wp-json\/wp\/v2\/posts"}],"about":[{"href":"https:\/\/newsinfoco.com.br\/inicio\/wp-json\/wp\/v2\/types\/post"}],"author":[{"embeddable":true,"href":"https:\/\/newsinfoco.com.br\/inicio\/wp-json\/wp\/v2\/users\/1"}],"replies":[{"embeddable":true,"href":"https:\/\/newsinfoco.com.br\/inicio\/wp-json\/wp\/v2\/comments?post=11180"}],"version-history":[{"count":0,"href":"https:\/\/newsinfoco.com.br\/inicio\/wp-json\/wp\/v2\/posts\/11180\/revisions"}],"wp:featuredmedia":[{"embeddable":true,"href":"https:\/\/newsinfoco.com.br\/inicio\/wp-json\/wp\/v2\/media\/11181"}],"wp:attachment":[{"href":"https:\/\/newsinfoco.com.br\/inicio\/wp-json\/wp\/v2\/media?parent=11180"}],"wp:term":[{"taxonomy":"category","embeddable":true,"href":"https:\/\/newsinfoco.com.br\/inicio\/wp-json\/wp\/v2\/categories?post=11180"},{"taxonomy":"post_tag","embeddable":true,"href":"https:\/\/newsinfoco.com.br\/inicio\/wp-json\/wp\/v2\/tags?post=11180"}],"curies":[{"name":"wp","href":"https:\/\/api.w.org\/{rel}","templated":true}]}}