{"id":11199,"date":"2018-11-11T11:52:33","date_gmt":"2018-11-11T13:52:33","guid":{"rendered":"http:\/\/newsinfoco.com.br\/?p=11199"},"modified":"2018-11-11T11:52:33","modified_gmt":"2018-11-11T13:52:33","slug":"reajuste-do-stf-deveria-ser-vetado-por-michel-temer-opina-jair-bolsonaro","status":"publish","type":"post","link":"https:\/\/newsinfoco.com.br\/inicio\/reajuste-do-stf-deveria-ser-vetado-por-michel-temer-opina-jair-bolsonaro\/","title":{"rendered":"Reajuste do STF deveria ser vetado por Michel Temer, opina Jair Bolsonaro"},"content":{"rendered":"<p style=\"text-align: justify;\"><span style=\"color: #000000;\">A afirma\u00e7\u00e3o do presidente eleito sobre o reajuste do STF foi feita neste s\u00e1bado (10) em entrevista publicada nas suas redes sociais .<\/span><\/p>\n<p style=\"text-align: justify;\"><span style=\"color: #000000;\">Uma peti\u00e7\u00e3o p\u00fablica que pede veto do presidente atual j\u00e1 recebeu mais de 2 milh\u00f5es de assinaturas , mas Temer ainda n\u00e3o se pronunciou sobre a decis\u00e3o que tomar\u00e1.<\/span><\/p><div class=\"newsi-conteudo_19\" id=\"newsi-1605165374\"><a href=\"https:\/\/www.instagram.com\/prefeituraalagoinhas?igsh=YzgzdDJ1bWR3aWI4\" aria-label=\"SAVE_20251006_221555\"><img loading=\"lazy\" decoding=\"async\" src=\"https:\/\/newsinfoco.com.br\/inicio\/wp-content\/uploads\/2025\/10\/SAVE_20251006_221555-rotated.jpg\" alt=\"\"  srcset=\"https:\/\/newsinfoco.com.br\/inicio\/wp-content\/uploads\/2025\/10\/SAVE_20251006_221555-rotated.jpg 1140w, https:\/\/newsinfoco.com.br\/inicio\/wp-content\/uploads\/2025\/10\/SAVE_20251006_221555-300x52.jpg 300w, https:\/\/newsinfoco.com.br\/inicio\/wp-content\/uploads\/2025\/10\/SAVE_20251006_221555-1024x177.jpg 1024w, https:\/\/newsinfoco.com.br\/inicio\/wp-content\/uploads\/2025\/10\/SAVE_20251006_221555-768x133.jpg 768w, https:\/\/newsinfoco.com.br\/inicio\/wp-content\/uploads\/2025\/10\/SAVE_20251006_221555-600x104.jpg 600w, https:\/\/newsinfoco.com.br\/inicio\/wp-content\/uploads\/2025\/10\/SAVE_20251006_221555-696x120.jpg 696w, https:\/\/newsinfoco.com.br\/inicio\/wp-content\/uploads\/2025\/10\/SAVE_20251006_221555-1068x185.jpg 1068w\" sizes=\"(max-width: 1140px) 100vw, 1140px\" width=\"1140\" height=\"197\"   \/><\/a><\/div>\n<p style=\"text-align: justify;\"><span style=\"color: #000000;\">Questionado pelo rep\u00f3rter, o deputado disse que, se a decis\u00e3o estivesse em suas m\u00e3os, vetaria o aumento.<\/span><\/p>\n<p style=\"text-align: justify;\"><span style=\"color: #000000;\">&#8220;Agora, est\u00e1 nas m\u00e3os do presidente Temer, n\u00e3o sou o presidente Temer, mas se fosse, acho que voc\u00ea sabe qual seria minha decis\u00e3o. N\u00e3o tem outro caminho, no meu entender, at\u00e9 pela quest\u00e3o de dar exemplo. Eu falei antes da vota\u00e7\u00e3o que \u00e9 inoportuno, o momento n\u00e3o \u00e9 esse para discutir esse assunto. O Brasil est\u00e1 numa situa\u00e7\u00e3o complicad\u00edssima, a gente n\u00e3o suporta mais isso a\u00ed&#8221;, disse.<\/span><\/p>\n<p style=\"text-align: justify;\"><span style=\"color: #000000;\">Jair Bolsonaro voltou a dizer que o STF &#8220;\u00e9 a classe que mais ganha no Brasil, a melhor aquinhoada&#8221;, e que o reajuste do sal\u00e1rio dificulta o discurso a favor da reforma da Previd\u00eancia.<\/span><\/p>\n<p style=\"text-align: justify;\"><span style=\"color: #000000;\">&#8220;E complica pra gente quando voc\u00ea fala em reforma da Previd\u00eancia, onde voc\u00ea vai tirar alguma coisa dos mais pobres, voc\u00ea aceitar um reajuste como esse&#8221;, afirmou.<\/span><\/p>\n<p style=\"text-align: justify;\"><span style=\"color: #000000;\">O presidente eleito descartou que o Congresso vote esse ano uma emenda constitucional para alterar a Previd\u00eancia, o que demandaria a suspens\u00e3o da interven\u00e7\u00e3o federal na seguran\u00e7a p\u00fablica do Rio de Janeiro.<\/span><\/p>\n<p style=\"text-align: justify;\"><span style=\"color: #000000;\">Bolsonaro negou que v\u00e1 usar a reforma da Previd\u00eancia apresentada por Temer e ressaltou que recebeu propostas de mudan\u00e7as na legisla\u00e7\u00e3o infraconstitucional que j\u00e1 tramitam no Congresso, mas que s\u00f3 deve apresentar uma proposta quando assumir o mandato.<\/span><\/p>\n<p style=\"text-align: justify;\"><span style=\"color: #000000;\">Leia tamb\u00e9m: Jair Bolsonaro cancela agenda com l\u00edderes do Congresso Nacional<\/span><\/p>\n<p style=\"text-align: justify;\"><span style=\"color: #000000;\">&#8220;Se n\u00f3s bancarmos uma proposta dessa e formos derrotados [este ano], voc\u00ea abre oportunidade para a velha pol\u00edtica vir pra cima de n\u00f3s. (&#8230;) Eu tenho que come\u00e7ar o ano que vem com a nossa proposta e convencer os deputados e senadores a votar a nossa proposta&#8221;, disse.<\/span><\/p>\n<p style=\"text-align: justify;\"><span style=\"color: #000000;\">Em outro momento da entrevista, o presidente eleito disse que mudan\u00e7as nas regras da aposentadoria devem respeitar os direitos adquiridos dos trabalhadores.<\/span><\/p>\n<p style=\"text-align: justify;\"><span style=\"color: #000000;\">&#8220;N\u00f3s temos compromisso, temos contrato, as pessoas come\u00e7aram a trabalhar l\u00e1 atr\u00e1s, ou j\u00e1 trabalharam, tinham um contrato, e voc\u00ea tem que cumpri-los, do contr\u00e1rio voc\u00ea perde a sua credibilidade&#8221;, afirmou Jair Bolsonaro.<\/span><\/p>\n<p style=\"text-align: justify;\"><span style=\"color: #000000;\">Leia tamb\u00e9m: Bolsonaro quer turismo para preservar meio ambiente<\/span><\/p>\n<p style=\"text-align: justify;\"><span style=\"color: #000000;\">Temas como a reforma da Previd\u00eancia e o reajuste do STF se tornaram as principais pautas discutidas junto ao presidente eleito neste per\u00edodo de transi\u00e7\u00e3o. Os dois assuntos devem interferir no ajuste fiscal proposto pelo futuro ministro da Fazenda, Paulo Guedes.<\/span><\/p>\n<h6 style=\"text-align: right;\"><span style=\"color: #999999;\">Fonte:ig<\/span><\/h6>\n<div class='share-to-whatsapp-wrapper'><div class='share-on-whsp'>Share on: <\/div><a data-text='Reajuste do STF deveria ser vetado por Michel Temer, opina Jair Bolsonaro' data-link='https:\/\/newsinfoco.com.br\/inicio\/reajuste-do-stf-deveria-ser-vetado-por-michel-temer-opina-jair-bolsonaro\/' class='whatsapp-button whatsapp-share'>WhatsApp<\/a><div class='clear '><\/div><\/div>","protected":false},"excerpt":{"rendered":"<p>A afirma\u00e7\u00e3o do presidente eleito sobre o reajuste do STF foi feita neste s\u00e1bado (10) em entrevista publicada nas suas redes sociais . Uma peti\u00e7\u00e3o p\u00fablica que pede veto do presidente atual j\u00e1 recebeu mais de 2 milh\u00f5es de assinaturas , mas Temer ainda n\u00e3o se pronunciou sobre a decis\u00e3o que tomar\u00e1. Questionado pelo rep\u00f3rter, [&hellip;]<\/p>\n","protected":false},"author":1,"featured_media":11200,"comment_status":"open","ping_status":"open","sticky":false,"template":"","format":"standard","meta":{"om_disable_all_campaigns":false,"_exactmetrics_skip_tracking":false,"_exactmetrics_sitenote_active":false,"_exactmetrics_sitenote_note":"","_exactmetrics_sitenote_category":0,"footnotes":""},"categories":[21],"tags":[],"class_list":["post-11199","post","type-post","status-publish","format-standard","has-post-thumbnail","hentry","category-brasil"],"aioseo_notices":[],"_links":{"self":[{"href":"https:\/\/newsinfoco.com.br\/inicio\/wp-json\/wp\/v2\/posts\/11199","targetHints":{"allow":["GET"]}}],"collection":[{"href":"https:\/\/newsinfoco.com.br\/inicio\/wp-json\/wp\/v2\/posts"}],"about":[{"href":"https:\/\/newsinfoco.com.br\/inicio\/wp-json\/wp\/v2\/types\/post"}],"author":[{"embeddable":true,"href":"https:\/\/newsinfoco.com.br\/inicio\/wp-json\/wp\/v2\/users\/1"}],"replies":[{"embeddable":true,"href":"https:\/\/newsinfoco.com.br\/inicio\/wp-json\/wp\/v2\/comments?post=11199"}],"version-history":[{"count":0,"href":"https:\/\/newsinfoco.com.br\/inicio\/wp-json\/wp\/v2\/posts\/11199\/revisions"}],"wp:featuredmedia":[{"embeddable":true,"href":"https:\/\/newsinfoco.com.br\/inicio\/wp-json\/wp\/v2\/media\/11200"}],"wp:attachment":[{"href":"https:\/\/newsinfoco.com.br\/inicio\/wp-json\/wp\/v2\/media?parent=11199"}],"wp:term":[{"taxonomy":"category","embeddable":true,"href":"https:\/\/newsinfoco.com.br\/inicio\/wp-json\/wp\/v2\/categories?post=11199"},{"taxonomy":"post_tag","embeddable":true,"href":"https:\/\/newsinfoco.com.br\/inicio\/wp-json\/wp\/v2\/tags?post=11199"}],"curies":[{"name":"wp","href":"https:\/\/api.w.org\/{rel}","templated":true}]}}