{"id":11204,"date":"2018-11-12T22:00:33","date_gmt":"2018-11-13T00:00:33","guid":{"rendered":"http:\/\/newsinfoco.com.br\/?p=11204"},"modified":"2018-11-12T22:00:33","modified_gmt":"2018-11-13T00:00:33","slug":"alex-lima-critica-fechamento-da-subsecao-judiciaria-de-alagoinhas","status":"publish","type":"post","link":"https:\/\/newsinfoco.com.br\/inicio\/alex-lima-critica-fechamento-da-subsecao-judiciaria-de-alagoinhas\/","title":{"rendered":"Alex Lima critica fechamento da Subse\u00e7\u00e3o Judici\u00e1ria de Alagoinhas"},"content":{"rendered":"<p style=\"text-align: justify;\">Preocupado com o preju\u00edzo para a popula\u00e7\u00e3o, que ter\u00e1 menos acesso \u00e0 Justi\u00e7a para resolver problemas junto \u00e0 Uni\u00e3o, o deputado estadual Alex Lima (PSB) se posicionou contra a desativa\u00e7\u00e3o da Subse\u00e7\u00e3o Judici\u00e1ria da Justi\u00e7a Federal, no munic\u00edpio de Alagoinhas. De acordo com o parlamentar a decis\u00e3o afetar\u00e1\u00a0negativamente a regi\u00e3o, que ter\u00e1 menos acessibilidade \u00e0 Justi\u00e7a. &#8220;Entendo a necessidade da reorganiza\u00e7\u00e3o jurisdicional da se\u00e7\u00e3o e subse\u00e7\u00f5es judici\u00e1rias da Bahia, mas desativar uma subse\u00e7\u00e3o que atende quase 30 cidades, com certeza, n\u00e3o \u00e9 a melhor op\u00e7\u00e3o. Precisamos dar mais comodidade ao interior e n\u00e3o tirar o que j\u00e1 funciona&#8221;, disse o deputado.<\/p>\n<p style=\"text-align: justify;\">Al\u00e9m de Alagoinhas, a\u00a0Subse\u00e7\u00e3o Judici\u00e1ria da cidade atende demandas oriundas\u00a0de Acajutiba, \u00c1gua Fria, Ara\u00e7\u00e1s, Apor\u00e1, Aramari, Cardeal da Silva, Catu, Cip\u00f3, Conde, Cris\u00f3polis, Entre Rios, Esplanada, Inhambupe, Irar\u00e1, Itanagra, Itapicuru, Janda\u00edra, Nova Soure, Olindina, Ouri\u00e7angas, Pojuca, Pedr\u00e3o, Ribeira do Amparo, Ribeira do Pombal, Rio Real, S\u00e3o Sebasti\u00e3o do Passe, S\u00e1tiro Dias e Teodoro Sampaio. &#8220;Essa desativa\u00e7\u00e3o afetar\u00e1 muitos munic\u00edpios. Pe\u00e7o ao governador Rui Costa, aos nossos senadores e a toda bancada da Bahia no Congresso Nacional que nos ajude a reverter esta decis\u00e3o. \u00c9 justo que as demandas de processos fiquem perto dos jurisdicionados. O que realmente precisamos \u00e9 de mais ju\u00edzes, servidores, melhor estrutura e qualidade no servi\u00e7o para atender a popula\u00e7\u00e3o&#8221;, completou.<\/p><div class=\"newsi-conteudo_19\" id=\"newsi-662984045\"><a href=\"https:\/\/www.instagram.com\/prefeituraalagoinhas?igsh=YzgzdDJ1bWR3aWI4\" aria-label=\"SAVE_20251006_221555\"><img loading=\"lazy\" decoding=\"async\" src=\"https:\/\/newsinfoco.com.br\/inicio\/wp-content\/uploads\/2025\/10\/SAVE_20251006_221555-rotated.jpg\" alt=\"\"  srcset=\"https:\/\/newsinfoco.com.br\/inicio\/wp-content\/uploads\/2025\/10\/SAVE_20251006_221555-rotated.jpg 1140w, https:\/\/newsinfoco.com.br\/inicio\/wp-content\/uploads\/2025\/10\/SAVE_20251006_221555-300x52.jpg 300w, https:\/\/newsinfoco.com.br\/inicio\/wp-content\/uploads\/2025\/10\/SAVE_20251006_221555-1024x177.jpg 1024w, https:\/\/newsinfoco.com.br\/inicio\/wp-content\/uploads\/2025\/10\/SAVE_20251006_221555-768x133.jpg 768w, https:\/\/newsinfoco.com.br\/inicio\/wp-content\/uploads\/2025\/10\/SAVE_20251006_221555-600x104.jpg 600w, https:\/\/newsinfoco.com.br\/inicio\/wp-content\/uploads\/2025\/10\/SAVE_20251006_221555-696x120.jpg 696w, https:\/\/newsinfoco.com.br\/inicio\/wp-content\/uploads\/2025\/10\/SAVE_20251006_221555-1068x185.jpg 1068w\" sizes=\"(max-width: 1140px) 100vw, 1140px\" width=\"1140\" height=\"197\"   \/><\/a><\/div>\n<h6 style=\"text-align: right;\"><span style=\"color: #999999;\">Ascom dep. Alex Lima<\/span><\/h6>\n<div class='share-to-whatsapp-wrapper'><div class='share-on-whsp'>Share on: <\/div><a data-text='Alex Lima critica fechamento da Subse\u00e7\u00e3o Judici\u00e1ria de Alagoinhas' data-link='https:\/\/newsinfoco.com.br\/inicio\/alex-lima-critica-fechamento-da-subsecao-judiciaria-de-alagoinhas\/' class='whatsapp-button whatsapp-share'>WhatsApp<\/a><div class='clear '><\/div><\/div>","protected":false},"excerpt":{"rendered":"<p>Preocupado com o preju\u00edzo para a popula\u00e7\u00e3o, que ter\u00e1 menos acesso \u00e0 Justi\u00e7a para resolver problemas junto \u00e0 Uni\u00e3o, o deputado estadual Alex Lima (PSB) se posicionou contra a desativa\u00e7\u00e3o da Subse\u00e7\u00e3o Judici\u00e1ria da Justi\u00e7a Federal, no munic\u00edpio de Alagoinhas. De acordo com o parlamentar a decis\u00e3o afetar\u00e1\u00a0negativamente a regi\u00e3o, que ter\u00e1 menos acessibilidade \u00e0 [&hellip;]<\/p>\n","protected":false},"author":1,"featured_media":11205,"comment_status":"open","ping_status":"open","sticky":false,"template":"","format":"standard","meta":{"om_disable_all_campaigns":false,"_exactmetrics_skip_tracking":false,"_exactmetrics_sitenote_active":false,"_exactmetrics_sitenote_note":"","_exactmetrics_sitenote_category":0,"footnotes":""},"categories":[38,30],"tags":[],"class_list":["post-11204","post","type-post","status-publish","format-standard","has-post-thumbnail","hentry","category-alagoinhas-e-regiao","category-destaque"],"aioseo_notices":[],"_links":{"self":[{"href":"https:\/\/newsinfoco.com.br\/inicio\/wp-json\/wp\/v2\/posts\/11204","targetHints":{"allow":["GET"]}}],"collection":[{"href":"https:\/\/newsinfoco.com.br\/inicio\/wp-json\/wp\/v2\/posts"}],"about":[{"href":"https:\/\/newsinfoco.com.br\/inicio\/wp-json\/wp\/v2\/types\/post"}],"author":[{"embeddable":true,"href":"https:\/\/newsinfoco.com.br\/inicio\/wp-json\/wp\/v2\/users\/1"}],"replies":[{"embeddable":true,"href":"https:\/\/newsinfoco.com.br\/inicio\/wp-json\/wp\/v2\/comments?post=11204"}],"version-history":[{"count":0,"href":"https:\/\/newsinfoco.com.br\/inicio\/wp-json\/wp\/v2\/posts\/11204\/revisions"}],"wp:featuredmedia":[{"embeddable":true,"href":"https:\/\/newsinfoco.com.br\/inicio\/wp-json\/wp\/v2\/media\/11205"}],"wp:attachment":[{"href":"https:\/\/newsinfoco.com.br\/inicio\/wp-json\/wp\/v2\/media?parent=11204"}],"wp:term":[{"taxonomy":"category","embeddable":true,"href":"https:\/\/newsinfoco.com.br\/inicio\/wp-json\/wp\/v2\/categories?post=11204"},{"taxonomy":"post_tag","embeddable":true,"href":"https:\/\/newsinfoco.com.br\/inicio\/wp-json\/wp\/v2\/tags?post=11204"}],"curies":[{"name":"wp","href":"https:\/\/api.w.org\/{rel}","templated":true}]}}