{"id":1126,"date":"2018-03-14T10:02:02","date_gmt":"2018-03-14T13:02:02","guid":{"rendered":"http:\/\/newsinfoco.com.br\/?p=1126"},"modified":"2018-03-14T10:02:02","modified_gmt":"2018-03-14T13:02:02","slug":"as-ultimas-tentativas-de-livrar-lula","status":"publish","type":"post","link":"https:\/\/newsinfoco.com.br\/inicio\/as-ultimas-tentativas-de-livrar-lula\/","title":{"rendered":"As \u00faltimas tentativas de livrar Lula"},"content":{"rendered":"<p style=\"text-align: justify;\"><span style=\"color: #000000;\">Em uma das \u00faltimas ofensivas na tentativa de livrar o ex-presidente\u00a0<strong><a style=\"color: #000000;\" href=\"https:\/\/exame.abril.com.br\/noticias-sobre\/luiz-inacio-lula-da-silva\/\">Luiz In\u00e1cio Lula da Silva<\/a><\/strong>\u00a0da cadeia, seu advogado Sep\u00falveda Pertence re\u00fane-se nesta quarta-feira com a presidente do Supremo Tribunal Federal, ministra C\u00e1rmen L\u00facia.<\/span><\/p>\n<div class=\"teads-inread sm-screen\" style=\"text-align: justify;\">\n<div class=\"teads-player teads-compensation-div\"><\/div>\n<\/div>\n<p style=\"text-align: justify;\"><span style=\"color: #000000;\">A audi\u00eancia foi pedida por Pertence, que \u00e9 ex-presidente da Corte, para discutir o habeas corpus preventivo que busca impedir o cumprimento de pena ap\u00f3s o julgamento do recurso de Lula no Tribunal Regional Federal da 4\u00aa Regi\u00e3o, que deve ser conclu\u00eddo at\u00e9 o fim do m\u00eas.<\/span><\/p><div class=\"newsi-conteudo_19\" id=\"newsi-571667652\"><a href=\"https:\/\/www.instagram.com\/prefeituraalagoinhas?igsh=YzgzdDJ1bWR3aWI4\" aria-label=\"SAVE_20251006_221555\"><img loading=\"lazy\" decoding=\"async\" src=\"https:\/\/newsinfoco.com.br\/inicio\/wp-content\/uploads\/2025\/10\/SAVE_20251006_221555-rotated.jpg\" alt=\"\"  srcset=\"https:\/\/newsinfoco.com.br\/inicio\/wp-content\/uploads\/2025\/10\/SAVE_20251006_221555-rotated.jpg 1140w, https:\/\/newsinfoco.com.br\/inicio\/wp-content\/uploads\/2025\/10\/SAVE_20251006_221555-300x52.jpg 300w, https:\/\/newsinfoco.com.br\/inicio\/wp-content\/uploads\/2025\/10\/SAVE_20251006_221555-1024x177.jpg 1024w, https:\/\/newsinfoco.com.br\/inicio\/wp-content\/uploads\/2025\/10\/SAVE_20251006_221555-768x133.jpg 768w, https:\/\/newsinfoco.com.br\/inicio\/wp-content\/uploads\/2025\/10\/SAVE_20251006_221555-600x104.jpg 600w, https:\/\/newsinfoco.com.br\/inicio\/wp-content\/uploads\/2025\/10\/SAVE_20251006_221555-696x120.jpg 696w, https:\/\/newsinfoco.com.br\/inicio\/wp-content\/uploads\/2025\/10\/SAVE_20251006_221555-1068x185.jpg 1068w\" sizes=\"(max-width: 1140px) 100vw, 1140px\" width=\"1140\" height=\"197\"   \/><\/a><\/div>\n<p style=\"text-align: justify;\"><span style=\"color: #000000;\">Por decis\u00e3o dos desembargadores do TRF-4, Lula pode ser preso depois da resposta dos magistrados aos embargos de declara\u00e7\u00e3o, que contestam a condena\u00e7\u00e3o a 12 anos e um m\u00eas do ex-presidente, por corrup\u00e7\u00e3o passiva e lavagem de dinheiro no caso do tr\u00edplex do Guaruj\u00e1.<\/span><\/p>\n<p style=\"text-align: justify;\"><span style=\"color: #000000;\">Um habeas corpus semelhante, que tentava impedir a pris\u00e3o de Lula, foi rejeitado na semana passada pela 5\u00aa Turma do Superior Tribunal de Justi\u00e7a. No Supremo, o habeas corpus est\u00e1 no meio de um jogo de empurra. O relator, ministro Edson Fachin, abriu m\u00e3o de recusar sozinho o pedido e enviou o caso para uma decis\u00e3o no plen\u00e1rio da Corte. A presidente C\u00e1rmen L\u00facia desconversa.<\/span><\/p>\n<p style=\"text-align: justify;\"><span style=\"color: #000000;\">A esperan\u00e7a de Pertence, portanto, \u00e9 que o Supremo reavalie sua decis\u00e3o de permitir a pris\u00e3o de condenado em segunda inst\u00e2ncia. O entendimento passou a valer em 2016 e a presidente do Supremo n\u00e3o se mostra disposta a capitanear uma rediscuss\u00e3o do caso.<\/span><\/p>\n<p style=\"text-align: justify;\"><span style=\"color: #000000;\">Al\u00e9m de ter afirmado que a medida \u00e9 recente e que a modificar seria \u201capequenar\u201d o Supremo, C\u00e1rmen L\u00facia adiantou a agenda de pautas at\u00e9 abril sem incluir a discuss\u00e3o sobre o tema.<\/span><\/p>\n<p style=\"text-align: justify;\"><span style=\"color: #000000;\">C\u00e1rmen L\u00facia foi adiante e deu o teor da reuni\u00e3o em declara\u00e7\u00f5es p\u00fablicas nesta ter\u00e7a-feira. \u201cSimplesmente, n\u00e3o me submeto \u00e0 press\u00e3o\u201d, disse.<\/span><\/p>\n<p style=\"text-align: justify;\"><span style=\"color: #000000;\">A resposta vale tanto para o lobby de Pertence, que \u00e9 amigo pessoal da ministra, quanto para ministros que sinalizaram recentemente que as pris\u00f5es em segunda inst\u00e2ncia deveriam ser revistas, como o decano do tribunal, Celso de Mello, e o ex-presidente Ricardo Lewandowski.<\/span><\/p>\n<p style=\"text-align: justify;\"><span style=\"color: #000000;\">Recentemente, tamb\u00e9m, um grupo de parlamentares petistas \u2014 entre eles a presidente do partido, Gleisi Hoffmann \u2014 cercou a ministra em seu gabinete do Supremo para expressar afli\u00e7\u00f5es quanto ao caso Lula e as pris\u00f5es em segunda inst\u00e2ncia. C\u00e1rmen L\u00facia ouviu, mas n\u00e3o emitiu opini\u00f5es.<\/span><\/p>\n<p style=\"text-align: justify;\"><span style=\"color: #000000;\">Enquanto o imbr\u00f3glio se estende, especula-se que o TRF-4 divulgar\u00e1 sua decis\u00e3o sobre Lula em duas semanas. At\u00e9 l\u00e1, a esperan\u00e7a de livrar Lula a Sep\u00falveda Pertence.<\/span><\/p>\n<p>&nbsp;<\/p>\n<h6 style=\"text-align: right;\">Fonte:Exame<\/h6>\n<div class='share-to-whatsapp-wrapper'><div class='share-on-whsp'>Share on: <\/div><a data-text='As \u00faltimas tentativas de livrar Lula' data-link='https:\/\/newsinfoco.com.br\/inicio\/as-ultimas-tentativas-de-livrar-lula\/' class='whatsapp-button whatsapp-share'>WhatsApp<\/a><div class='clear '><\/div><\/div>","protected":false},"excerpt":{"rendered":"<p>Em uma das \u00faltimas ofensivas na tentativa de livrar o ex-presidente\u00a0Luiz In\u00e1cio Lula da Silva\u00a0da cadeia, seu advogado Sep\u00falveda Pertence re\u00fane-se nesta quarta-feira com a presidente do Supremo Tribunal Federal, ministra C\u00e1rmen L\u00facia. A audi\u00eancia foi pedida por Pertence, que \u00e9 ex-presidente da Corte, para discutir o habeas corpus preventivo que busca impedir o cumprimento [&hellip;]<\/p>\n","protected":false},"author":1,"featured_media":1127,"comment_status":"open","ping_status":"open","sticky":false,"template":"","format":"standard","meta":{"om_disable_all_campaigns":false,"_exactmetrics_skip_tracking":false,"_exactmetrics_sitenote_active":false,"_exactmetrics_sitenote_note":"","_exactmetrics_sitenote_category":0,"footnotes":""},"categories":[21],"tags":[],"class_list":["post-1126","post","type-post","status-publish","format-standard","has-post-thumbnail","hentry","category-brasil"],"aioseo_notices":[],"_links":{"self":[{"href":"https:\/\/newsinfoco.com.br\/inicio\/wp-json\/wp\/v2\/posts\/1126","targetHints":{"allow":["GET"]}}],"collection":[{"href":"https:\/\/newsinfoco.com.br\/inicio\/wp-json\/wp\/v2\/posts"}],"about":[{"href":"https:\/\/newsinfoco.com.br\/inicio\/wp-json\/wp\/v2\/types\/post"}],"author":[{"embeddable":true,"href":"https:\/\/newsinfoco.com.br\/inicio\/wp-json\/wp\/v2\/users\/1"}],"replies":[{"embeddable":true,"href":"https:\/\/newsinfoco.com.br\/inicio\/wp-json\/wp\/v2\/comments?post=1126"}],"version-history":[{"count":0,"href":"https:\/\/newsinfoco.com.br\/inicio\/wp-json\/wp\/v2\/posts\/1126\/revisions"}],"wp:featuredmedia":[{"embeddable":true,"href":"https:\/\/newsinfoco.com.br\/inicio\/wp-json\/wp\/v2\/media\/1127"}],"wp:attachment":[{"href":"https:\/\/newsinfoco.com.br\/inicio\/wp-json\/wp\/v2\/media?parent=1126"}],"wp:term":[{"taxonomy":"category","embeddable":true,"href":"https:\/\/newsinfoco.com.br\/inicio\/wp-json\/wp\/v2\/categories?post=1126"},{"taxonomy":"post_tag","embeddable":true,"href":"https:\/\/newsinfoco.com.br\/inicio\/wp-json\/wp\/v2\/tags?post=1126"}],"curies":[{"name":"wp","href":"https:\/\/api.w.org\/{rel}","templated":true}]}}