{"id":1129,"date":"2018-03-14T10:07:32","date_gmt":"2018-03-14T13:07:32","guid":{"rendered":"http:\/\/newsinfoco.com.br\/?p=1129"},"modified":"2018-03-14T10:07:32","modified_gmt":"2018-03-14T13:07:32","slug":"uber-dos-imoveis-quer-revolucionar-alugueis-no-brasil","status":"publish","type":"post","link":"https:\/\/newsinfoco.com.br\/inicio\/uber-dos-imoveis-quer-revolucionar-alugueis-no-brasil\/","title":{"rendered":"\u2018Uber dos im\u00f3veis\u2019 quer revolucionar alugu\u00e9is no Brasil"},"content":{"rendered":"<p style=\"text-align: justify;\"><span style=\"color: #000000;\">Vicente Vel\u00e1zquez desembolsou o equivalente a oito meses de aluguel para conseguir seu pr\u00f3prio apartamento no Rio de Janeiro. Esse dep\u00f3sito monstruoso era a \u00fanica maneira de evitar o pagamento de um seguro, j\u00e1 que ele n\u00e3o conhecia ningu\u00e9m na cidade disposto a ser seu fiador.<\/span><\/p>\n<p style=\"text-align: justify;\"><span style=\"color: #000000;\">\u00c9 esse tipo de hist\u00f3ria que levou Andr\u00e9 Penha e Gabriel Braga, que fizeram MBA em Stanford, a iniciar o Quinto Andar, uma empresa de tecnologia que est\u00e1 sacudindo o setor de alugu\u00e9is no Brasil.<\/span><\/p><div class=\"newsi-conteudo_19\" id=\"newsi-3909445496\"><a href=\"https:\/\/www.instagram.com\/prefeituraalagoinhas?igsh=YzgzdDJ1bWR3aWI4\" aria-label=\"SAVE_20251006_221555\"><img loading=\"lazy\" decoding=\"async\" src=\"https:\/\/newsinfoco.com.br\/inicio\/wp-content\/uploads\/2025\/10\/SAVE_20251006_221555-rotated.jpg\" alt=\"\"  srcset=\"https:\/\/newsinfoco.com.br\/inicio\/wp-content\/uploads\/2025\/10\/SAVE_20251006_221555-rotated.jpg 1140w, https:\/\/newsinfoco.com.br\/inicio\/wp-content\/uploads\/2025\/10\/SAVE_20251006_221555-300x52.jpg 300w, https:\/\/newsinfoco.com.br\/inicio\/wp-content\/uploads\/2025\/10\/SAVE_20251006_221555-1024x177.jpg 1024w, https:\/\/newsinfoco.com.br\/inicio\/wp-content\/uploads\/2025\/10\/SAVE_20251006_221555-768x133.jpg 768w, https:\/\/newsinfoco.com.br\/inicio\/wp-content\/uploads\/2025\/10\/SAVE_20251006_221555-600x104.jpg 600w, https:\/\/newsinfoco.com.br\/inicio\/wp-content\/uploads\/2025\/10\/SAVE_20251006_221555-696x120.jpg 696w, https:\/\/newsinfoco.com.br\/inicio\/wp-content\/uploads\/2025\/10\/SAVE_20251006_221555-1068x185.jpg 1068w\" sizes=\"(max-width: 1140px) 100vw, 1140px\" width=\"1140\" height=\"197\"   \/><\/a><\/div>\n<p style=\"text-align: justify;\"><span style=\"color: #000000;\">A\u00a0<strong><a style=\"color: #000000;\" href=\"https:\/\/exame.abril.com.br\/noticias-sobre\/startups\/\">startup<\/a><\/strong>\u00a0analisa pessoas que est\u00e3o procurando apartamentos, atua como fiador para aquelas com um hist\u00f3rico de cr\u00e9dito s\u00f3lido e elimina os intermedi\u00e1rios. Ela inclusive atua como gestora de\u00a0<strong><a style=\"color: #000000;\" href=\"https:\/\/exame.abril.com.br\/noticias-sobre\/imoveis\/\">im\u00f3veis<\/a><\/strong>, para ajudar a consertar coisas como torneiras quebradas. Tudo isso economiza tempo e dinheiro para os inquilinos em um pa\u00eds assolado pela burocracia e por custos ocultos.<\/span><\/p>\n<p style=\"text-align: justify;\"><span style=\"color: #000000;\">\u201cO Quinto Andar vai ser como a Uber \u00e9 para os t\u00e1xis\u201d, disse Vel\u00e1zquez, um m\u00e9dico de 31 anos que planeja usar o servi\u00e7o para seu pr\u00f3ximo apartamento. \u201cN\u00e3o vou voltar para outro corretor de jeito nenhum.\u201d<\/span><\/p>\n<p style=\"text-align: justify;\"><span style=\"color: #000000;\">Al\u00e9m de exigir fiadores de alta qualidade, os agentes imobili\u00e1rios brasileiros tamb\u00e9m costumam deixar muito a desejar no\u00a0<b class=\"wsl-anchor wsl-sponsored-link\" data-wsl-sponsored-source=\"adnetwork\" data-wsl-advertiser=\"wittel\" data-wsl-format=\"2\" data-wsl-dfp-href=\"http:\/\/adclick.g.doubleclick.net\/pcs\/click?xai=AKAOjstJ_TtrjMn1bWleHoPwy3kvwfQ0jzgcwPCbNdpwT5eL-RXqfMDGryie-hQ6YzHHgMsD17LXNHrmeT99YXP7JpjE2uEFdh5k-HIouHMQz1jFLW4O6r2zlW8717uXLlOwnoqGVTowoRajBZ1SFavlUklRynPMV-WByVsqnhdcHE9xF2XogbBvrAG85dpbfbg-Gki-gvSnw1OqMlbdLxJL01jWWKHsGGrG3TrsjwEoWmtczeKojg&amp;sig=Cg0ArKJSzCeEBWSzCnIwEAE&amp;urlfix=1&amp;adurl=http%3A%2F%2Fblog.wittel.com%2Ffalhas-no-atendimento-ao-cliente%2F\" data-wsl-dfp-ad-unit-name=\"adunit4P5640c9d5376a3826\" data-wsl-dfp-targeting=\"{&quot;anchorId&quot;:&quot;3528711107741997&quot;}\" data-wsl-dfp-in-grace-period=\"y\" data-wsl-uid=\"3528711107741997\" data-wsl-embed=\"{&quot;anchorText&quot;:&quot;atendimento ao cliente&quot;,&quot;target&quot;:&quot;http:\/\/blog.wittel.com\/falhas-no-atendimento-ao-cliente\/&quot;,&quot;displayLink&quot;:&quot;blog.wittel.com&quot;,&quot;kind&quot;:&quot;sponsored&quot;,&quot;title&quot;:&quot;Veja com a Wittel \\n8 falhas no atendimento ao cliente que voc\u00ea n\u00e3o pode cometer&quot;,&quot;description&quot;:&quot;N\u00e3o ter meios suficientes para o cliente se comunicarN\u00e3o hesite em dar v\u00e1rias op\u00e7\u00f5es de.&quot;,&quot;thumbnailUrl&quot;:&quot;https:\/\/i.embed.ly\/1\/image?url=http%3A%2F%2Fblog.wittel.com%2Fwp-content%2Fuploads%2F2017%2F06%2F99047-8-falhas-no-atendimento-ao-cliente-que-voce-nao-pode-cometer.jpg&amp;key=29220f308d864ba19d9459ad8a9a7d06&quot;,&quot;call&quot;:&quot;Saiba mais:&quot;,&quot;language&quot;:&quot;pt-BR&quot;,&quot;sponsoredText&quot;:&quot;Patrocinado&quot;,&quot;hoverText&quot;:&quot;Link patrocinado gerado por WorldSense&quot;}\">atendimento ao cliente<\/b>. Alguns deles usam fotografias fora de foco nos an\u00fancios e s\u00e3o t\u00e3o vagos ao descrever os detalhes que s\u00f3 ao visitar o im\u00f3vel voc\u00ea descobre que ele tem vista para uma favela ou para uma parede de tijolos. Al\u00e9m disso, eles n\u00e3o oferecem garantias aos inquilinos.<span class=\"wsl-inline-container wsl-concussion-target\" data-wsl-kind=\"sponsored\" data-wsl-format=\"2\">\u00a0<i class=\"wsl-asterisk\" data-kind=\"sponsored\"><\/i><span class=\"wsl-preview-call\" data-kind=\"sponsored\">Saiba mais:<\/span>\u00a0<a class=\"wsl-anchor wsl-preview-inline-link\" style=\"color: #000000;\" title=\"Link patrocinado gerado por WorldSense\" href=\"http:\/\/blog.wittel.com\/falhas-no-atendimento-ao-cliente\/\" target=\"_blank\" rel=\"nofollow noopener wsl-anchor\">Veja com a Wittel 8 falhas no atendimento ao cliente que voc\u00ea n\u00e3o pode cometer<\/a>\u00a0<span class=\"wsl-sponsored-text\">Patrocinado<\/span>\u00a0<\/span><\/span><\/p>\n<p style=\"text-align: justify;\"><span style=\"color: #000000;\">\u201cEste \u00e9 um verdadeiro problema para as pessoas, e \u00e9 um mercado de R$ 200 bilh\u00f5es (US$ 60 bilh\u00f5es)\u201d, disse Braga, de 36 anos, em entrevista na sede do Quinto Andar em S\u00e3o Paulo. \u201cSe conseguirmos resolver esse problema, as consequ\u00eancias podem ser enormes.\u201d<\/span><\/p>\n<h3 style=\"text-align: justify;\"><span style=\"color: #000000;\">Corretores preocupados<\/span><\/h3>\n<p style=\"text-align: justify;\"><span style=\"color: #000000;\">Os corretores tradicionais est\u00e3o preocupados com a r\u00e1pida expans\u00e3o do Quinto Andar, o que os leva a avaliar alguns de seus processos mais arcaicos.<\/span><\/p>\n<p style=\"text-align: justify;\"><span style=\"color: #000000;\">\u201cEles ocuparam espa\u00e7o grande de loca\u00e7\u00e3o de S\u00e3o Paulo. [Empresas, colegas nossas de S\u00e3o Paulo] v\u00eam sofrendo com esse novo player no mercado\u201d, disse D\u00e9bora Mendon\u00e7a, presidente de uma associa\u00e7\u00e3o que representa cerca de 200 corretores do Rio, o equivalente a cerca de 80 por cento do mercado. \u201cO mercado do Rio de Janeiro vem mapeando, vem se preocupando com toda certeza\u201d.<\/span><\/p>\n<p style=\"text-align: justify;\"><span style=\"color: #000000;\">Mendon\u00e7a, que tem mais de tr\u00eas d\u00e9cadas de experi\u00eancia no setor imobili\u00e1rio, disse que a capacidade administrativa mais fraca faz com que ela duvide da sustentabilidade do Quinto Andar.<\/span><\/p>\n<h3 style=\"text-align: justify;\"><span style=\"color: #000000;\">Expans\u00e3o<\/span><\/h3>\n<p style=\"text-align: justify;\"><span style=\"color: #000000;\">O Quinto Andar come\u00e7ou em 2012 em Campinas. A companhia acaba de se expandir para o Rio de Janeiro e planeja chegar \u00e0 maioria das principais cidades brasileiras at\u00e9 o final do ano, dobrando o n\u00famero de funcion\u00e1rios para cerca de 500. Seu volume de transa\u00e7\u00f5es sextuplicou no ano passado, disse Braga.<\/span><\/p>\n<p style=\"text-align: justify;\"><span style=\"color: #000000;\">O Quinto Andar \u201cser\u00e1 um l\u00edder e uma das empresas de tecnologia ic\u00f4nicas no Brasil\u201d, disse Nicolas Szekasy, cofundador e s\u00f3cio administrativo da Kaszek Ventures, que tem uma cadeira no conselho da empresa imobili\u00e1ria e participou de duas rodadas de financiamento. \u201cEle representa uma mudan\u00e7a muito significativa.\u201d<\/span><\/p>\n<p>&nbsp;<\/p>\n<p style=\"text-align: right;\">Fonte:Exame<\/p>\n<div class='share-to-whatsapp-wrapper'><div class='share-on-whsp'>Share on: <\/div><a data-text='\u2018Uber dos im\u00f3veis\u2019 quer revolucionar alugu\u00e9is no Brasil' data-link='https:\/\/newsinfoco.com.br\/inicio\/uber-dos-imoveis-quer-revolucionar-alugueis-no-brasil\/' class='whatsapp-button whatsapp-share'>WhatsApp<\/a><div class='clear '><\/div><\/div>","protected":false},"excerpt":{"rendered":"<p>Vicente Vel\u00e1zquez desembolsou o equivalente a oito meses de aluguel para conseguir seu pr\u00f3prio apartamento no Rio de Janeiro. Esse dep\u00f3sito monstruoso era a \u00fanica maneira de evitar o pagamento de um seguro, j\u00e1 que ele n\u00e3o conhecia ningu\u00e9m na cidade disposto a ser seu fiador. \u00c9 esse tipo de hist\u00f3ria que levou Andr\u00e9 Penha [&hellip;]<\/p>\n","protected":false},"author":1,"featured_media":1130,"comment_status":"open","ping_status":"open","sticky":false,"template":"","format":"standard","meta":{"om_disable_all_campaigns":false,"_exactmetrics_skip_tracking":false,"_exactmetrics_sitenote_active":false,"_exactmetrics_sitenote_note":"","_exactmetrics_sitenote_category":0,"footnotes":""},"categories":[21],"tags":[],"class_list":["post-1129","post","type-post","status-publish","format-standard","has-post-thumbnail","hentry","category-brasil"],"aioseo_notices":[],"_links":{"self":[{"href":"https:\/\/newsinfoco.com.br\/inicio\/wp-json\/wp\/v2\/posts\/1129","targetHints":{"allow":["GET"]}}],"collection":[{"href":"https:\/\/newsinfoco.com.br\/inicio\/wp-json\/wp\/v2\/posts"}],"about":[{"href":"https:\/\/newsinfoco.com.br\/inicio\/wp-json\/wp\/v2\/types\/post"}],"author":[{"embeddable":true,"href":"https:\/\/newsinfoco.com.br\/inicio\/wp-json\/wp\/v2\/users\/1"}],"replies":[{"embeddable":true,"href":"https:\/\/newsinfoco.com.br\/inicio\/wp-json\/wp\/v2\/comments?post=1129"}],"version-history":[{"count":0,"href":"https:\/\/newsinfoco.com.br\/inicio\/wp-json\/wp\/v2\/posts\/1129\/revisions"}],"wp:featuredmedia":[{"embeddable":true,"href":"https:\/\/newsinfoco.com.br\/inicio\/wp-json\/wp\/v2\/media\/1130"}],"wp:attachment":[{"href":"https:\/\/newsinfoco.com.br\/inicio\/wp-json\/wp\/v2\/media?parent=1129"}],"wp:term":[{"taxonomy":"category","embeddable":true,"href":"https:\/\/newsinfoco.com.br\/inicio\/wp-json\/wp\/v2\/categories?post=1129"},{"taxonomy":"post_tag","embeddable":true,"href":"https:\/\/newsinfoco.com.br\/inicio\/wp-json\/wp\/v2\/tags?post=1129"}],"curies":[{"name":"wp","href":"https:\/\/api.w.org\/{rel}","templated":true}]}}