{"id":1132,"date":"2018-03-14T10:17:35","date_gmt":"2018-03-14T13:17:35","guid":{"rendered":"http:\/\/newsinfoco.com.br\/?p=1132"},"modified":"2018-03-14T10:17:35","modified_gmt":"2018-03-14T13:17:35","slug":"marcus-cavalcanti-da-seinfra-estaria-cotado-para-vice-de-rui","status":"publish","type":"post","link":"https:\/\/newsinfoco.com.br\/inicio\/marcus-cavalcanti-da-seinfra-estaria-cotado-para-vice-de-rui\/","title":{"rendered":"MARCUS CAVALCANTI, DA SEINFRA, ESTARIA COTADO PARA VICE DE RUI"},"content":{"rendered":"<p style=\"text-align: justify;\">O Secret\u00e1rio de Infraestrutura, Marcus Cavalcanti, rec\u00e9m chegado ao PSD, est\u00e1 sendo cotado para ser o vice de Rui Costa nas pr\u00f3ximas elei\u00e7\u00f5es. A informa\u00e7\u00e3o foi divulgada pela Coluna Sat\u00e9litte, nesta quarta-feira.<\/p>\n<p style=\"text-align: justify;\">Dentro desse contexto, o senador Otto Alencar tamb\u00e9m deixaria o Senado para ser \u00a0secret\u00e1rio de Rui e posteriormente comandar a campanha do governador. Segundo a coluna, Otto Alencar teria dito que Marcus Cavalcanti n\u00e3o ser\u00e1 candidato. Mas o Presidente da Assembleia, Angelo Coronel, cotado para o cargo deve estar com as barbas de molho.<\/p><div class=\"newsi-conteudo_19\" id=\"newsi-3275942367\"><a href=\"https:\/\/www.instagram.com\/prefeituraalagoinhas?igsh=YzgzdDJ1bWR3aWI4\" aria-label=\"SAVE_20251006_221555\"><img loading=\"lazy\" decoding=\"async\" src=\"https:\/\/newsinfoco.com.br\/inicio\/wp-content\/uploads\/2025\/10\/SAVE_20251006_221555-rotated.jpg\" alt=\"\"  srcset=\"https:\/\/newsinfoco.com.br\/inicio\/wp-content\/uploads\/2025\/10\/SAVE_20251006_221555-rotated.jpg 1140w, https:\/\/newsinfoco.com.br\/inicio\/wp-content\/uploads\/2025\/10\/SAVE_20251006_221555-300x52.jpg 300w, https:\/\/newsinfoco.com.br\/inicio\/wp-content\/uploads\/2025\/10\/SAVE_20251006_221555-1024x177.jpg 1024w, https:\/\/newsinfoco.com.br\/inicio\/wp-content\/uploads\/2025\/10\/SAVE_20251006_221555-768x133.jpg 768w, https:\/\/newsinfoco.com.br\/inicio\/wp-content\/uploads\/2025\/10\/SAVE_20251006_221555-600x104.jpg 600w, https:\/\/newsinfoco.com.br\/inicio\/wp-content\/uploads\/2025\/10\/SAVE_20251006_221555-696x120.jpg 696w, https:\/\/newsinfoco.com.br\/inicio\/wp-content\/uploads\/2025\/10\/SAVE_20251006_221555-1068x185.jpg 1068w\" sizes=\"(max-width: 1140px) 100vw, 1140px\" width=\"1140\" height=\"197\"   \/><\/a><\/div>\n<p>&nbsp;<\/p>\n<h6 style=\"text-align: right;\">Fonte:Bahiaeconomica<\/h6>\n<div class='share-to-whatsapp-wrapper'><div class='share-on-whsp'>Share on: <\/div><a data-text='MARCUS CAVALCANTI, DA SEINFRA, ESTARIA COTADO PARA VICE DE RUI' data-link='https:\/\/newsinfoco.com.br\/inicio\/marcus-cavalcanti-da-seinfra-estaria-cotado-para-vice-de-rui\/' class='whatsapp-button whatsapp-share'>WhatsApp<\/a><div class='clear '><\/div><\/div>","protected":false},"excerpt":{"rendered":"<p>O Secret\u00e1rio de Infraestrutura, Marcus Cavalcanti, rec\u00e9m chegado ao PSD, est\u00e1 sendo cotado para ser o vice de Rui Costa nas pr\u00f3ximas elei\u00e7\u00f5es. A informa\u00e7\u00e3o foi divulgada pela Coluna Sat\u00e9litte, nesta quarta-feira. Dentro desse contexto, o senador Otto Alencar tamb\u00e9m deixaria o Senado para ser \u00a0secret\u00e1rio de Rui e posteriormente comandar a campanha do governador. [&hellip;]<\/p>\n","protected":false},"author":1,"featured_media":1133,"comment_status":"open","ping_status":"open","sticky":false,"template":"","format":"standard","meta":{"om_disable_all_campaigns":false,"_exactmetrics_skip_tracking":false,"_exactmetrics_sitenote_active":false,"_exactmetrics_sitenote_note":"","_exactmetrics_sitenote_category":0,"footnotes":""},"categories":[19],"tags":[],"class_list":["post-1132","post","type-post","status-publish","format-standard","has-post-thumbnail","hentry","category-bahia"],"aioseo_notices":[],"_links":{"self":[{"href":"https:\/\/newsinfoco.com.br\/inicio\/wp-json\/wp\/v2\/posts\/1132","targetHints":{"allow":["GET"]}}],"collection":[{"href":"https:\/\/newsinfoco.com.br\/inicio\/wp-json\/wp\/v2\/posts"}],"about":[{"href":"https:\/\/newsinfoco.com.br\/inicio\/wp-json\/wp\/v2\/types\/post"}],"author":[{"embeddable":true,"href":"https:\/\/newsinfoco.com.br\/inicio\/wp-json\/wp\/v2\/users\/1"}],"replies":[{"embeddable":true,"href":"https:\/\/newsinfoco.com.br\/inicio\/wp-json\/wp\/v2\/comments?post=1132"}],"version-history":[{"count":0,"href":"https:\/\/newsinfoco.com.br\/inicio\/wp-json\/wp\/v2\/posts\/1132\/revisions"}],"wp:featuredmedia":[{"embeddable":true,"href":"https:\/\/newsinfoco.com.br\/inicio\/wp-json\/wp\/v2\/media\/1133"}],"wp:attachment":[{"href":"https:\/\/newsinfoco.com.br\/inicio\/wp-json\/wp\/v2\/media?parent=1132"}],"wp:term":[{"taxonomy":"category","embeddable":true,"href":"https:\/\/newsinfoco.com.br\/inicio\/wp-json\/wp\/v2\/categories?post=1132"},{"taxonomy":"post_tag","embeddable":true,"href":"https:\/\/newsinfoco.com.br\/inicio\/wp-json\/wp\/v2\/tags?post=1132"}],"curies":[{"name":"wp","href":"https:\/\/api.w.org\/{rel}","templated":true}]}}