{"id":1136,"date":"2018-03-14T10:28:40","date_gmt":"2018-03-14T13:28:40","guid":{"rendered":"http:\/\/newsinfoco.com.br\/?p=1136"},"modified":"2018-03-14T10:28:40","modified_gmt":"2018-03-14T13:28:40","slug":"reforma-trabalhista-sera-o-tema-de-hoje-no-forum-social-mundial","status":"publish","type":"post","link":"https:\/\/newsinfoco.com.br\/inicio\/reforma-trabalhista-sera-o-tema-de-hoje-no-forum-social-mundial\/","title":{"rendered":"REFORMA TRABALHISTA SER\u00c1 O TEMA DE HOJE NO F\u00d3RUM SOCIAL MUNDIAL"},"content":{"rendered":"<p style=\"text-align: justify;\"><span style=\"color: #000000;\">A reforma trabalhista ser\u00e1 uma das pautas debatidas durante o F\u00f3rum Social Mundial, que ter\u00e1 mesas redondas marcadas para iniciar \u00e0s 14h da pr\u00f3xima quinta-feira (15), no Sal\u00e3o Nobre da Reitoria da Universidade Federal da Bahia (UFBA).<\/span><\/p>\n<p style=\"text-align: justify;\"><span style=\"color: #000000;\">Uma das mesas programadas ser\u00e1 coordenada pela professora Gra\u00e7a Druck, intitulada por \u201cTrabalho Digno: respostas \u00e0 Reforma Trabalhista, Controle Social e Direitos Humanos\u201d. Entre os participantes do debate est\u00e1 o juiz do trabalho e presidente da Associa\u00e7\u00e3o Nacional dos Magistrados da Justi\u00e7a do Trabalho (Anamatra), Guilherme Guimar\u00e3es Feliciano, que abordar\u00e1 a vis\u00e3o dos juristas sobre os aspectos inconstitucionais da reforma, al\u00e9m de discutir os resultados j\u00e1 apresentados pelo projeto em curso.<\/span><\/p><div class=\"newsi-conteudo_19\" id=\"newsi-3906565625\"><a href=\"https:\/\/www.instagram.com\/prefeituraalagoinhas?igsh=YzgzdDJ1bWR3aWI4\" aria-label=\"SAVE_20251006_221555\"><img loading=\"lazy\" decoding=\"async\" src=\"https:\/\/newsinfoco.com.br\/inicio\/wp-content\/uploads\/2025\/10\/SAVE_20251006_221555-rotated.jpg\" alt=\"\"  srcset=\"https:\/\/newsinfoco.com.br\/inicio\/wp-content\/uploads\/2025\/10\/SAVE_20251006_221555-rotated.jpg 1140w, https:\/\/newsinfoco.com.br\/inicio\/wp-content\/uploads\/2025\/10\/SAVE_20251006_221555-300x52.jpg 300w, https:\/\/newsinfoco.com.br\/inicio\/wp-content\/uploads\/2025\/10\/SAVE_20251006_221555-1024x177.jpg 1024w, https:\/\/newsinfoco.com.br\/inicio\/wp-content\/uploads\/2025\/10\/SAVE_20251006_221555-768x133.jpg 768w, https:\/\/newsinfoco.com.br\/inicio\/wp-content\/uploads\/2025\/10\/SAVE_20251006_221555-600x104.jpg 600w, https:\/\/newsinfoco.com.br\/inicio\/wp-content\/uploads\/2025\/10\/SAVE_20251006_221555-696x120.jpg 696w, https:\/\/newsinfoco.com.br\/inicio\/wp-content\/uploads\/2025\/10\/SAVE_20251006_221555-1068x185.jpg 1068w\" sizes=\"(max-width: 1140px) 100vw, 1140px\" width=\"1140\" height=\"197\"   \/><\/a><\/div>\n<p style=\"text-align: justify;\"><span style=\"color: #000000;\">Outros especialistas participar\u00e3o do debate, como a supervisora regional do Departamento Intersindical de Estat\u00edstica e Estudos Socioecon\u00f4micos (Dieese), Ana Georgina da Silva Dias, ; e a presidente da Associa\u00e7\u00e3o Brasileira de Estudos do Trabalho (ABET), Angela Borges.<\/span><\/p>\n<p>&nbsp;<\/p>\n<h6 style=\"text-align: right;\"><span style=\"color: #999999;\">Fonte:Bahiaeconomica<\/span><\/h6>\n<div class='share-to-whatsapp-wrapper'><div class='share-on-whsp'>Share on: <\/div><a data-text='REFORMA TRABALHISTA SER\u00c1 O TEMA DE HOJE NO F\u00d3RUM SOCIAL MUNDIAL' data-link='https:\/\/newsinfoco.com.br\/inicio\/reforma-trabalhista-sera-o-tema-de-hoje-no-forum-social-mundial\/' class='whatsapp-button whatsapp-share'>WhatsApp<\/a><div class='clear '><\/div><\/div>","protected":false},"excerpt":{"rendered":"<p>A reforma trabalhista ser\u00e1 uma das pautas debatidas durante o F\u00f3rum Social Mundial, que ter\u00e1 mesas redondas marcadas para iniciar \u00e0s 14h da pr\u00f3xima quinta-feira (15), no Sal\u00e3o Nobre da Reitoria da Universidade Federal da Bahia (UFBA). Uma das mesas programadas ser\u00e1 coordenada pela professora Gra\u00e7a Druck, intitulada por \u201cTrabalho Digno: respostas \u00e0 Reforma Trabalhista, [&hellip;]<\/p>\n","protected":false},"author":1,"featured_media":1137,"comment_status":"open","ping_status":"open","sticky":false,"template":"","format":"standard","meta":{"om_disable_all_campaigns":false,"_exactmetrics_skip_tracking":false,"_exactmetrics_sitenote_active":false,"_exactmetrics_sitenote_note":"","_exactmetrics_sitenote_category":0,"footnotes":""},"categories":[32],"tags":[],"class_list":["post-1136","post","type-post","status-publish","format-standard","has-post-thumbnail","hentry","category-educacao"],"aioseo_notices":[],"_links":{"self":[{"href":"https:\/\/newsinfoco.com.br\/inicio\/wp-json\/wp\/v2\/posts\/1136","targetHints":{"allow":["GET"]}}],"collection":[{"href":"https:\/\/newsinfoco.com.br\/inicio\/wp-json\/wp\/v2\/posts"}],"about":[{"href":"https:\/\/newsinfoco.com.br\/inicio\/wp-json\/wp\/v2\/types\/post"}],"author":[{"embeddable":true,"href":"https:\/\/newsinfoco.com.br\/inicio\/wp-json\/wp\/v2\/users\/1"}],"replies":[{"embeddable":true,"href":"https:\/\/newsinfoco.com.br\/inicio\/wp-json\/wp\/v2\/comments?post=1136"}],"version-history":[{"count":0,"href":"https:\/\/newsinfoco.com.br\/inicio\/wp-json\/wp\/v2\/posts\/1136\/revisions"}],"wp:featuredmedia":[{"embeddable":true,"href":"https:\/\/newsinfoco.com.br\/inicio\/wp-json\/wp\/v2\/media\/1137"}],"wp:attachment":[{"href":"https:\/\/newsinfoco.com.br\/inicio\/wp-json\/wp\/v2\/media?parent=1136"}],"wp:term":[{"taxonomy":"category","embeddable":true,"href":"https:\/\/newsinfoco.com.br\/inicio\/wp-json\/wp\/v2\/categories?post=1136"},{"taxonomy":"post_tag","embeddable":true,"href":"https:\/\/newsinfoco.com.br\/inicio\/wp-json\/wp\/v2\/tags?post=1136"}],"curies":[{"name":"wp","href":"https:\/\/api.w.org\/{rel}","templated":true}]}}