{"id":1143,"date":"2018-03-14T10:39:04","date_gmt":"2018-03-14T13:39:04","guid":{"rendered":"http:\/\/newsinfoco.com.br\/?p=1143"},"modified":"2018-03-14T10:39:04","modified_gmt":"2018-03-14T13:39:04","slug":"com-gregore-entre-os-titulares-guto-testa-time-para-a-semifinal","status":"publish","type":"post","link":"https:\/\/newsinfoco.com.br\/inicio\/com-gregore-entre-os-titulares-guto-testa-time-para-a-semifinal\/","title":{"rendered":"Com Gregore entre os titulares, Guto testa time para a semifinal"},"content":{"rendered":"<p class=\"bodytext\" style=\"text-align: justify;\"><span style=\"color: #000000;\">Mesmo com alguns desfalques, o t\u00e9cnico Guto Ferreira comandou um treino t\u00e1tico na ter\u00e7a-feira (13), no Fazend\u00e3o, e deu ind\u00edcios da equipe do Bahia que pretende colocar em campo no s\u00e1bado (17), em Juazeiro, no primeiro jogo das semifinais do Campeonato Baiano, diante da Juazeirense, \u00e0s 18h30, no Adauto Moraes.\u00a0<\/span><\/p>\n<p class=\"bodytext\" style=\"text-align: justify;\"><span style=\"color: #000000;\">Recuperado de uma les\u00e3o na panturrilha, Gregore iniciou o treino fazendo uma atividade separado dos demais. Na entrevista coletiva, segundo o pr\u00f3prio atleta, a previs\u00e3o era participar com o grupo a partir desta quarta (14). \u201cFiz um trabalho hoje de manh\u00e3. Agora de tarde vou fazer um trabalho mais forte para talvez treinar com o grupo amanh\u00e3. Acho que d\u00e1 para s\u00e1bado\u201d.\u00a0<\/span><\/p><div class=\"newsi-conteudo_19\" id=\"newsi-1604128701\"><a href=\"https:\/\/www.instagram.com\/prefeituraalagoinhas?igsh=YzgzdDJ1bWR3aWI4\" aria-label=\"SAVE_20251006_221555\"><img loading=\"lazy\" decoding=\"async\" src=\"https:\/\/newsinfoco.com.br\/inicio\/wp-content\/uploads\/2025\/10\/SAVE_20251006_221555-rotated.jpg\" alt=\"\"  srcset=\"https:\/\/newsinfoco.com.br\/inicio\/wp-content\/uploads\/2025\/10\/SAVE_20251006_221555-rotated.jpg 1140w, https:\/\/newsinfoco.com.br\/inicio\/wp-content\/uploads\/2025\/10\/SAVE_20251006_221555-300x52.jpg 300w, https:\/\/newsinfoco.com.br\/inicio\/wp-content\/uploads\/2025\/10\/SAVE_20251006_221555-1024x177.jpg 1024w, https:\/\/newsinfoco.com.br\/inicio\/wp-content\/uploads\/2025\/10\/SAVE_20251006_221555-768x133.jpg 768w, https:\/\/newsinfoco.com.br\/inicio\/wp-content\/uploads\/2025\/10\/SAVE_20251006_221555-600x104.jpg 600w, https:\/\/newsinfoco.com.br\/inicio\/wp-content\/uploads\/2025\/10\/SAVE_20251006_221555-696x120.jpg 696w, https:\/\/newsinfoco.com.br\/inicio\/wp-content\/uploads\/2025\/10\/SAVE_20251006_221555-1068x185.jpg 1068w\" sizes=\"(max-width: 1140px) 100vw, 1140px\" width=\"1140\" height=\"197\"   \/><\/a><\/div>\n<p class=\"bodytext\" style=\"text-align: justify;\"><span style=\"color: #000000;\">No entanto, Guto Ferreira chamou o volante durante o treino t\u00e1tico e o colocou entre os titulares. A equipe, sem goleiro, foi formada com Nino, Tiago, Lucas e L\u00e9o; Gregore, Vin\u00edcius, Z\u00e9 Rafael, Marco Ant\u00f4nio e\u00a0Edigar Junio;\u00a0Kayke. Durante a atividade, J\u00fanior Brumado foi testado no lugar de Kayke.\u00a0<\/span><\/p>\n<p class=\"bodytext\" style=\"text-align: justify;\"><span style=\"color: #000000;\">O jovem Marco Ant\u00f4nio, que n\u00e3o fez ainda nenhuma partida como titular, foi testado entre os 11 por causa das aus\u00eancias de R\u00e9gis, que trabalhou na academia, Allione e Elber, ambos no departamento m\u00e9dico do tricolor. Jo\u00e3o Pedro tamb\u00e9m ficou no DM, enquanto Mena fez\u00a0uma atividade na transi\u00e7\u00e3o para o campo.<\/span><\/p>\n<h6 style=\"text-align: right;\"><span style=\"color: #999999;\">Fonte:Correiodabahia<\/span><\/h6>\n<div class='share-to-whatsapp-wrapper'><div class='share-on-whsp'>Share on: <\/div><a data-text='Com Gregore entre os titulares, Guto testa time para a semifinal' data-link='https:\/\/newsinfoco.com.br\/inicio\/com-gregore-entre-os-titulares-guto-testa-time-para-a-semifinal\/' class='whatsapp-button whatsapp-share'>WhatsApp<\/a><div class='clear '><\/div><\/div>","protected":false},"excerpt":{"rendered":"<p>Mesmo com alguns desfalques, o t\u00e9cnico Guto Ferreira comandou um treino t\u00e1tico na ter\u00e7a-feira (13), no Fazend\u00e3o, e deu ind\u00edcios da equipe do Bahia que pretende colocar em campo no s\u00e1bado (17), em Juazeiro, no primeiro jogo das semifinais do Campeonato Baiano, diante da Juazeirense, \u00e0s 18h30, no Adauto Moraes.\u00a0 Recuperado de uma les\u00e3o na [&hellip;]<\/p>\n","protected":false},"author":1,"featured_media":1144,"comment_status":"open","ping_status":"open","sticky":false,"template":"","format":"standard","meta":{"om_disable_all_campaigns":false,"_exactmetrics_skip_tracking":false,"_exactmetrics_sitenote_active":false,"_exactmetrics_sitenote_note":"","_exactmetrics_sitenote_category":0,"footnotes":""},"categories":[36],"tags":[],"class_list":["post-1143","post","type-post","status-publish","format-standard","has-post-thumbnail","hentry","category-esporte"],"aioseo_notices":[],"_links":{"self":[{"href":"https:\/\/newsinfoco.com.br\/inicio\/wp-json\/wp\/v2\/posts\/1143","targetHints":{"allow":["GET"]}}],"collection":[{"href":"https:\/\/newsinfoco.com.br\/inicio\/wp-json\/wp\/v2\/posts"}],"about":[{"href":"https:\/\/newsinfoco.com.br\/inicio\/wp-json\/wp\/v2\/types\/post"}],"author":[{"embeddable":true,"href":"https:\/\/newsinfoco.com.br\/inicio\/wp-json\/wp\/v2\/users\/1"}],"replies":[{"embeddable":true,"href":"https:\/\/newsinfoco.com.br\/inicio\/wp-json\/wp\/v2\/comments?post=1143"}],"version-history":[{"count":0,"href":"https:\/\/newsinfoco.com.br\/inicio\/wp-json\/wp\/v2\/posts\/1143\/revisions"}],"wp:featuredmedia":[{"embeddable":true,"href":"https:\/\/newsinfoco.com.br\/inicio\/wp-json\/wp\/v2\/media\/1144"}],"wp:attachment":[{"href":"https:\/\/newsinfoco.com.br\/inicio\/wp-json\/wp\/v2\/media?parent=1143"}],"wp:term":[{"taxonomy":"category","embeddable":true,"href":"https:\/\/newsinfoco.com.br\/inicio\/wp-json\/wp\/v2\/categories?post=1143"},{"taxonomy":"post_tag","embeddable":true,"href":"https:\/\/newsinfoco.com.br\/inicio\/wp-json\/wp\/v2\/tags?post=1143"}],"curies":[{"name":"wp","href":"https:\/\/api.w.org\/{rel}","templated":true}]}}