{"id":11837,"date":"2018-11-30T14:08:35","date_gmt":"2018-11-30T16:08:35","guid":{"rendered":"http:\/\/newsinfoco.com.br\/?p=11837"},"modified":"2018-11-30T14:32:31","modified_gmt":"2018-11-30T16:32:31","slug":"acm-neto-diz-que-rui-maquiou-situacao-das-financas-e-o-acusa-de-ser-autoritario","status":"publish","type":"post","link":"https:\/\/newsinfoco.com.br\/inicio\/acm-neto-diz-que-rui-maquiou-situacao-das-financas-e-o-acusa-de-ser-autoritario\/","title":{"rendered":"ACM Neto diz que Rui &#8216;maquiou&#8217; situa\u00e7\u00e3o das finan\u00e7as e o acusa de ser \u201cautorit\u00e1rio\u201d"},"content":{"rendered":"<p style=\"text-align: justify;\">[sg_popup id=&#8221;11418&#8243; event=&#8221;inherit&#8221;][\/sg_popup]O prefeito de Salvador, ACM Neto (DEM), disse nesta sexta-feira ( 30) que o governador da Bahia maquiou \u201cdurante a campanha a grave situa\u00e7\u00e3o fiscal vivida pelo estado\u201d, durante coletiva de imprensa para falar sobre os 19 novos voos que a capital baiana ter\u00e1.<\/p>\n<p style=\"text-align: justify;\">\u201cN\u00f3s da oposi\u00e7\u00e3o apont\u00e1vamos esses problemas. Agora ele diz que situa\u00e7\u00e3o \u00e9 dific\u00edlima. N\u00e3o disse na campanha que iria fazer uma reforma da previd\u00eancia aqui, aumentando a al\u00edquota de contribui\u00e7\u00e3o do servidor. Estou chamando aten\u00e7\u00e3o para a contradi\u00e7\u00e3o. Eu vi os seus discursos e do seu grupo ao longo da campanha, nas ruas da Bahia, criticando os deputados que haviam defendido a reforma da previd\u00eancia em Bras\u00edlia. Agora ele rasga o que disse na campanha e assume essa posi\u00e7\u00e3o. Vejo o Rui Costa 2018 muito parecido com a Dilma de 2014\u201d, disse.<\/p><div class=\"newsi-conteudo_19\" id=\"newsi-3668756535\"><a href=\"https:\/\/www.instagram.com\/prefeituraalagoinhas?igsh=YzgzdDJ1bWR3aWI4\" aria-label=\"SAVE_20251006_221555\"><img loading=\"lazy\" decoding=\"async\" src=\"https:\/\/newsinfoco.com.br\/inicio\/wp-content\/uploads\/2025\/10\/SAVE_20251006_221555-rotated.jpg\" alt=\"\"  srcset=\"https:\/\/newsinfoco.com.br\/inicio\/wp-content\/uploads\/2025\/10\/SAVE_20251006_221555-rotated.jpg 1140w, https:\/\/newsinfoco.com.br\/inicio\/wp-content\/uploads\/2025\/10\/SAVE_20251006_221555-300x52.jpg 300w, https:\/\/newsinfoco.com.br\/inicio\/wp-content\/uploads\/2025\/10\/SAVE_20251006_221555-1024x177.jpg 1024w, https:\/\/newsinfoco.com.br\/inicio\/wp-content\/uploads\/2025\/10\/SAVE_20251006_221555-768x133.jpg 768w, https:\/\/newsinfoco.com.br\/inicio\/wp-content\/uploads\/2025\/10\/SAVE_20251006_221555-600x104.jpg 600w, https:\/\/newsinfoco.com.br\/inicio\/wp-content\/uploads\/2025\/10\/SAVE_20251006_221555-696x120.jpg 696w, https:\/\/newsinfoco.com.br\/inicio\/wp-content\/uploads\/2025\/10\/SAVE_20251006_221555-1068x185.jpg 1068w\" sizes=\"(max-width: 1140px) 100vw, 1140px\" width=\"1140\" height=\"197\"   \/><\/a><\/div>\n<p style=\"text-align: justify;\">Neto tamb\u00e9m disse que o governador tem uma posi\u00e7\u00e3o autorit\u00e1ria nas discuss\u00f5es sobre a elei\u00e7\u00e3o na Assembleia Legislativa. \u201cPior coisa na vida \u00e9 achar que ele est\u00e1 acima do bem e do mal, que pode fazer tudo. A oposi\u00e7\u00e3o \u00e9 fundamental para democracia. A elei\u00e7\u00e3o da Assembleia segue seu pr\u00f3prio ritmo. Espero que tenha desfecho positivo\u201d, disse, ao afirmar que j\u00e1 tem candidato preferido, mas n\u00e3o quis revelar.<\/p>\n<p style=\"text-align: right;\"><span style=\"color: #999999;\">Por Rodrigo Daniel Silva e Jo\u00e3o Brand\u00e3o para o Bahianoticias<\/span><\/p>\n<div class='share-to-whatsapp-wrapper'><div class='share-on-whsp'>Share on: <\/div><a data-text='ACM Neto diz que Rui 'maquiou' situa\u00e7\u00e3o das finan\u00e7as e o acusa de ser \u201cautorit\u00e1rio\u201d' data-link='https:\/\/newsinfoco.com.br\/inicio\/acm-neto-diz-que-rui-maquiou-situacao-das-financas-e-o-acusa-de-ser-autoritario\/' class='whatsapp-button whatsapp-share'>WhatsApp<\/a><div class='clear '><\/div><\/div>","protected":false},"excerpt":{"rendered":"<p>[sg_popup id=&#8221;11418&#8243; event=&#8221;inherit&#8221;][\/sg_popup]O prefeito de Salvador, ACM Neto (DEM), disse nesta sexta-feira ( 30) que o governador da Bahia maquiou \u201cdurante a campanha a grave situa\u00e7\u00e3o fiscal vivida pelo estado\u201d, durante coletiva de imprensa para falar sobre os 19 novos voos que a capital baiana ter\u00e1. \u201cN\u00f3s da oposi\u00e7\u00e3o apont\u00e1vamos esses problemas. Agora ele diz [&hellip;]<\/p>\n","protected":false},"author":1,"featured_media":10825,"comment_status":"open","ping_status":"open","sticky":false,"template":"","format":"standard","meta":{"om_disable_all_campaigns":false,"_exactmetrics_skip_tracking":false,"_exactmetrics_sitenote_active":false,"_exactmetrics_sitenote_note":"","_exactmetrics_sitenote_category":0,"footnotes":""},"categories":[19],"tags":[],"class_list":["post-11837","post","type-post","status-publish","format-standard","has-post-thumbnail","hentry","category-bahia"],"aioseo_notices":[],"_links":{"self":[{"href":"https:\/\/newsinfoco.com.br\/inicio\/wp-json\/wp\/v2\/posts\/11837","targetHints":{"allow":["GET"]}}],"collection":[{"href":"https:\/\/newsinfoco.com.br\/inicio\/wp-json\/wp\/v2\/posts"}],"about":[{"href":"https:\/\/newsinfoco.com.br\/inicio\/wp-json\/wp\/v2\/types\/post"}],"author":[{"embeddable":true,"href":"https:\/\/newsinfoco.com.br\/inicio\/wp-json\/wp\/v2\/users\/1"}],"replies":[{"embeddable":true,"href":"https:\/\/newsinfoco.com.br\/inicio\/wp-json\/wp\/v2\/comments?post=11837"}],"version-history":[{"count":0,"href":"https:\/\/newsinfoco.com.br\/inicio\/wp-json\/wp\/v2\/posts\/11837\/revisions"}],"wp:featuredmedia":[{"embeddable":true,"href":"https:\/\/newsinfoco.com.br\/inicio\/wp-json\/wp\/v2\/media\/10825"}],"wp:attachment":[{"href":"https:\/\/newsinfoco.com.br\/inicio\/wp-json\/wp\/v2\/media?parent=11837"}],"wp:term":[{"taxonomy":"category","embeddable":true,"href":"https:\/\/newsinfoco.com.br\/inicio\/wp-json\/wp\/v2\/categories?post=11837"},{"taxonomy":"post_tag","embeddable":true,"href":"https:\/\/newsinfoco.com.br\/inicio\/wp-json\/wp\/v2\/tags?post=11837"}],"curies":[{"name":"wp","href":"https:\/\/api.w.org\/{rel}","templated":true}]}}