{"id":12513,"date":"2019-01-03T21:13:49","date_gmt":"2019-01-03T23:13:49","guid":{"rendered":"http:\/\/newsinfoco.com.br\/?p=12513"},"modified":"2019-01-03T21:13:49","modified_gmt":"2019-01-03T23:13:49","slug":"esquerda-esta-tinindo-de-odio-apos-psl-assumir-secretaria-de-acm-neto-diz-deputada","status":"publish","type":"post","link":"https:\/\/newsinfoco.com.br\/inicio\/esquerda-esta-tinindo-de-odio-apos-psl-assumir-secretaria-de-acm-neto-diz-deputada\/","title":{"rendered":"Esquerda est\u00e1 \u2018tinindo de \u00f3dio\u2019 ap\u00f3s PSL assumir secretaria de ACM Neto, diz deputada"},"content":{"rendered":"<p style=\"text-align: justify;\">[sg_popup id=&#8221;11418&#8243; event=&#8221;inherit&#8221;][\/sg_popup]A presidente do PSL na Bahia, deputada federal eleita Dayane Pimentel, voltou a defender, nas redes sociais, a escolha do marido, Alberto Pimentel, como titular da Secretaria Municipal do Trabalho, Esportes e Lazer (Semtel). Ela sugeriu que se o PSL n\u00e3o aceitasse o convite, algu\u00e9m da \u201cesquerda\u201d poderia assumir o espa\u00e7o. \u201cSe a gente n\u00e3o aceita quem vai aceitar, algu\u00e9m da esquerda? Algu\u00e9m que a gente acredita que n\u00e3o vai ter resultados? A gente precisa ocupar estados, principalmente como a Bahia\u201d, disse ela, durante uma transmiss\u00e3o ao vivo, nesta quinta-feira (3).\u201cPorque ir\u00edamos negar? Para favorecer \u201cachismo\u201d de eleitores que n\u00e3o conseguem parar para refletir? Ou para beneficiar a esquerda? Ela sim (esquerda) est\u00e1 tinindo de \u00f3dio com essa jun\u00e7\u00e3o. Porque ela (esquerda) sabe que essa jun\u00e7\u00e3o \u00e9 al\u00e9m da ideologia. De forma isolada, DEM e outros partidos da direita n\u00e3o conseguir\u00e3o derrubar a hegemonia petista\u201d, completou.<\/p>\n<p style=\"text-align: justify;\">Alberto tamb\u00e9m j\u00e1 foi candidato a vice-governador na chapa do ex-prefeito Jo\u00e3o Henrique (PRTB), mas decidiu retirar a candidatura, depois da milit\u00e2ncia do PSL se mostrar insatisfeita com a alian\u00e7a. Dayane tamb\u00e9m respondeu \u00e0s cr\u00edticas sobre a alian\u00e7a do PSL na tentativa de reeleger Rodrigo Maia (DEM). \u201cRodrigo Maia foi eleito democraticamente e tem facilidade de lidar com congresso, ele sabe lidar com a situa\u00e7\u00e3o e ele tem vontade de pautar nossas agendas econ\u00f4micas\u201d, elogiou. Ela ainda acredita que o apoio \u00e9 uma quest\u00e3o de estrat\u00e9gica, de \u201ctroca governamental\u201d, por Maia proximidade com agenda do governo de Jair Bolsonaro.<\/p><div class=\"newsi-conteudo_19\" id=\"newsi-1999601907\"><a href=\"https:\/\/www.instagram.com\/prefeituraalagoinhas?igsh=YzgzdDJ1bWR3aWI4\" aria-label=\"SAVE_20251006_221555\"><img loading=\"lazy\" decoding=\"async\" src=\"https:\/\/newsinfoco.com.br\/inicio\/wp-content\/uploads\/2025\/10\/SAVE_20251006_221555-rotated.jpg\" alt=\"\"  srcset=\"https:\/\/newsinfoco.com.br\/inicio\/wp-content\/uploads\/2025\/10\/SAVE_20251006_221555-rotated.jpg 1140w, https:\/\/newsinfoco.com.br\/inicio\/wp-content\/uploads\/2025\/10\/SAVE_20251006_221555-300x52.jpg 300w, https:\/\/newsinfoco.com.br\/inicio\/wp-content\/uploads\/2025\/10\/SAVE_20251006_221555-1024x177.jpg 1024w, https:\/\/newsinfoco.com.br\/inicio\/wp-content\/uploads\/2025\/10\/SAVE_20251006_221555-768x133.jpg 768w, https:\/\/newsinfoco.com.br\/inicio\/wp-content\/uploads\/2025\/10\/SAVE_20251006_221555-600x104.jpg 600w, https:\/\/newsinfoco.com.br\/inicio\/wp-content\/uploads\/2025\/10\/SAVE_20251006_221555-696x120.jpg 696w, https:\/\/newsinfoco.com.br\/inicio\/wp-content\/uploads\/2025\/10\/SAVE_20251006_221555-1068x185.jpg 1068w\" sizes=\"(max-width: 1140px) 100vw, 1140px\" width=\"1140\" height=\"197\"   \/><\/a><\/div>\n<p style=\"text-align: right;\"><span style=\"display: inline !important; float: none; background-color: transparent; color: rgba(0, 0, 0, 0.87); font-family: 'Roboto',sans-serif; font-size: 16px; font-size-adjust: none; font-stretch: 100%; font-style: normal; font-variant: normal; font-weight: 400; letter-spacing: normal; line-height: 16px; orphans: 2; text-align: left; text-decoration: none; text-indent: 0px; text-transform: none; -webkit-text-stroke-width: 0px; white-space: normal; word-spacing: 0px;\">Juliana Almirante<span style=\"color: #004000; font-family: Verdana,Geneva,sans-serif;\"> para o Bahia.ba<\/span><\/span><\/p>\n<div class='share-to-whatsapp-wrapper'><div class='share-on-whsp'>Share on: <\/div><a data-text='Esquerda est\u00e1 \u2018tinindo de \u00f3dio\u2019 ap\u00f3s PSL assumir secretaria de ACM Neto, diz deputada' data-link='https:\/\/newsinfoco.com.br\/inicio\/esquerda-esta-tinindo-de-odio-apos-psl-assumir-secretaria-de-acm-neto-diz-deputada\/' class='whatsapp-button whatsapp-share'>WhatsApp<\/a><div class='clear '><\/div><\/div>","protected":false},"excerpt":{"rendered":"<p>[sg_popup id=&#8221;11418&#8243; event=&#8221;inherit&#8221;][\/sg_popup]A presidente do PSL na Bahia, deputada federal eleita Dayane Pimentel, voltou a defender, nas redes sociais, a escolha do marido, Alberto Pimentel, como titular da Secretaria Municipal do Trabalho, Esportes e Lazer (Semtel). Ela sugeriu que se o PSL n\u00e3o aceitasse o convite, algu\u00e9m da \u201cesquerda\u201d poderia assumir o espa\u00e7o. \u201cSe a [&hellip;]<\/p>\n","protected":false},"author":1,"featured_media":12514,"comment_status":"open","ping_status":"open","sticky":false,"template":"","format":"standard","meta":{"om_disable_all_campaigns":false,"_exactmetrics_skip_tracking":false,"_exactmetrics_sitenote_active":false,"_exactmetrics_sitenote_note":"","_exactmetrics_sitenote_category":0,"footnotes":""},"categories":[19],"tags":[],"class_list":["post-12513","post","type-post","status-publish","format-standard","has-post-thumbnail","hentry","category-bahia"],"aioseo_notices":[],"_links":{"self":[{"href":"https:\/\/newsinfoco.com.br\/inicio\/wp-json\/wp\/v2\/posts\/12513","targetHints":{"allow":["GET"]}}],"collection":[{"href":"https:\/\/newsinfoco.com.br\/inicio\/wp-json\/wp\/v2\/posts"}],"about":[{"href":"https:\/\/newsinfoco.com.br\/inicio\/wp-json\/wp\/v2\/types\/post"}],"author":[{"embeddable":true,"href":"https:\/\/newsinfoco.com.br\/inicio\/wp-json\/wp\/v2\/users\/1"}],"replies":[{"embeddable":true,"href":"https:\/\/newsinfoco.com.br\/inicio\/wp-json\/wp\/v2\/comments?post=12513"}],"version-history":[{"count":0,"href":"https:\/\/newsinfoco.com.br\/inicio\/wp-json\/wp\/v2\/posts\/12513\/revisions"}],"wp:featuredmedia":[{"embeddable":true,"href":"https:\/\/newsinfoco.com.br\/inicio\/wp-json\/wp\/v2\/media\/12514"}],"wp:attachment":[{"href":"https:\/\/newsinfoco.com.br\/inicio\/wp-json\/wp\/v2\/media?parent=12513"}],"wp:term":[{"taxonomy":"category","embeddable":true,"href":"https:\/\/newsinfoco.com.br\/inicio\/wp-json\/wp\/v2\/categories?post=12513"},{"taxonomy":"post_tag","embeddable":true,"href":"https:\/\/newsinfoco.com.br\/inicio\/wp-json\/wp\/v2\/tags?post=12513"}],"curies":[{"name":"wp","href":"https:\/\/api.w.org\/{rel}","templated":true}]}}