{"id":12516,"date":"2019-01-03T21:18:12","date_gmt":"2019-01-03T23:18:12","guid":{"rendered":"http:\/\/newsinfoco.com.br\/?p=12516"},"modified":"2019-01-03T21:18:12","modified_gmt":"2019-01-03T23:18:12","slug":"ex-reitor-da-ufba-e-cotado-para-assumir-sec-diz-coluna","status":"publish","type":"post","link":"https:\/\/newsinfoco.com.br\/inicio\/ex-reitor-da-ufba-e-cotado-para-assumir-sec-diz-coluna\/","title":{"rendered":"Ex-reitor da Ufba \u00e9 cotado para assumir SEC, diz coluna"},"content":{"rendered":"<p style=\"text-align: justify;\">[sg_popup id=&#8221;11418&#8243; event=&#8221;inherit&#8221;][\/sg_popup]O professor Naomar de Almeida Filho, ex-reitor das universidades federais da Bahia (Ufba) e do Sul da Bahia (UFSB), \u00e9 cotado para ser titular da Secretaria Estadual da Educa\u00e7\u00e3o (SEC), que atualmente \u00e9 ocupada pelo senador Walter Pinheiro (sem partido). A informa\u00e7\u00e3o \u00e9 da coluna Sat\u00e9lite, do Correio.<\/p>\n<p style=\"text-align: justify;\">O nome dele foi levado ao governador Rui Costa (PT) por integrantes do pr\u00f3prio partido. Rui, no entanto, teria dito que a escolha ser\u00e1 t\u00e9cnica e n\u00e3o, pol\u00edtica. Naomar foi reitor da Ufba de 2002 a 2010 e, em 2013, da rec\u00e9m-criada UFSB, onde ficou at\u00e9 o ano passado, quando ele renunciou ao cargo alegando \u201cpress\u00f5es internas\u201d. O comando da SEC teria sido oferecido pelo governador \u00e0 senadora L\u00eddice da Mata (PSB), mas as conversas n\u00e3o avan\u00e7aram, de acordo com a coluna.<\/p><div class=\"newsi-conteudo_19\" id=\"newsi-2221713510\"><a href=\"https:\/\/www.instagram.com\/prefeituraalagoinhas?igsh=YzgzdDJ1bWR3aWI4\" aria-label=\"SAVE_20251006_221555\"><img loading=\"lazy\" decoding=\"async\" src=\"https:\/\/newsinfoco.com.br\/inicio\/wp-content\/uploads\/2025\/10\/SAVE_20251006_221555-rotated.jpg\" alt=\"\"  srcset=\"https:\/\/newsinfoco.com.br\/inicio\/wp-content\/uploads\/2025\/10\/SAVE_20251006_221555-rotated.jpg 1140w, https:\/\/newsinfoco.com.br\/inicio\/wp-content\/uploads\/2025\/10\/SAVE_20251006_221555-300x52.jpg 300w, https:\/\/newsinfoco.com.br\/inicio\/wp-content\/uploads\/2025\/10\/SAVE_20251006_221555-1024x177.jpg 1024w, https:\/\/newsinfoco.com.br\/inicio\/wp-content\/uploads\/2025\/10\/SAVE_20251006_221555-768x133.jpg 768w, https:\/\/newsinfoco.com.br\/inicio\/wp-content\/uploads\/2025\/10\/SAVE_20251006_221555-600x104.jpg 600w, https:\/\/newsinfoco.com.br\/inicio\/wp-content\/uploads\/2025\/10\/SAVE_20251006_221555-696x120.jpg 696w, https:\/\/newsinfoco.com.br\/inicio\/wp-content\/uploads\/2025\/10\/SAVE_20251006_221555-1068x185.jpg 1068w\" sizes=\"(max-width: 1140px) 100vw, 1140px\" width=\"1140\" height=\"197\"   \/><\/a><\/div>\n<div class='share-to-whatsapp-wrapper'><div class='share-on-whsp'>Share on: <\/div><a data-text='Ex-reitor da Ufba \u00e9 cotado para assumir SEC, diz coluna' data-link='https:\/\/newsinfoco.com.br\/inicio\/ex-reitor-da-ufba-e-cotado-para-assumir-sec-diz-coluna\/' class='whatsapp-button whatsapp-share'>WhatsApp<\/a><div class='clear '><\/div><\/div>","protected":false},"excerpt":{"rendered":"<p>[sg_popup id=&#8221;11418&#8243; event=&#8221;inherit&#8221;][\/sg_popup]O professor Naomar de Almeida Filho, ex-reitor das universidades federais da Bahia (Ufba) e do Sul da Bahia (UFSB), \u00e9 cotado para ser titular da Secretaria Estadual da Educa\u00e7\u00e3o (SEC), que atualmente \u00e9 ocupada pelo senador Walter Pinheiro (sem partido). A informa\u00e7\u00e3o \u00e9 da coluna Sat\u00e9lite, do Correio. O nome dele foi levado [&hellip;]<\/p>\n","protected":false},"author":1,"featured_media":12517,"comment_status":"open","ping_status":"open","sticky":false,"template":"","format":"standard","meta":{"om_disable_all_campaigns":false,"_exactmetrics_skip_tracking":false,"_exactmetrics_sitenote_active":false,"_exactmetrics_sitenote_note":"","_exactmetrics_sitenote_category":0,"footnotes":""},"categories":[19],"tags":[],"class_list":["post-12516","post","type-post","status-publish","format-standard","has-post-thumbnail","hentry","category-bahia"],"aioseo_notices":[],"_links":{"self":[{"href":"https:\/\/newsinfoco.com.br\/inicio\/wp-json\/wp\/v2\/posts\/12516","targetHints":{"allow":["GET"]}}],"collection":[{"href":"https:\/\/newsinfoco.com.br\/inicio\/wp-json\/wp\/v2\/posts"}],"about":[{"href":"https:\/\/newsinfoco.com.br\/inicio\/wp-json\/wp\/v2\/types\/post"}],"author":[{"embeddable":true,"href":"https:\/\/newsinfoco.com.br\/inicio\/wp-json\/wp\/v2\/users\/1"}],"replies":[{"embeddable":true,"href":"https:\/\/newsinfoco.com.br\/inicio\/wp-json\/wp\/v2\/comments?post=12516"}],"version-history":[{"count":0,"href":"https:\/\/newsinfoco.com.br\/inicio\/wp-json\/wp\/v2\/posts\/12516\/revisions"}],"wp:featuredmedia":[{"embeddable":true,"href":"https:\/\/newsinfoco.com.br\/inicio\/wp-json\/wp\/v2\/media\/12517"}],"wp:attachment":[{"href":"https:\/\/newsinfoco.com.br\/inicio\/wp-json\/wp\/v2\/media?parent=12516"}],"wp:term":[{"taxonomy":"category","embeddable":true,"href":"https:\/\/newsinfoco.com.br\/inicio\/wp-json\/wp\/v2\/categories?post=12516"},{"taxonomy":"post_tag","embeddable":true,"href":"https:\/\/newsinfoco.com.br\/inicio\/wp-json\/wp\/v2\/tags?post=12516"}],"curies":[{"name":"wp","href":"https:\/\/api.w.org\/{rel}","templated":true}]}}