{"id":12519,"date":"2019-01-03T22:57:31","date_gmt":"2019-01-04T00:57:31","guid":{"rendered":"http:\/\/newsinfoco.com.br\/?p=12519"},"modified":"2019-01-03T22:57:31","modified_gmt":"2019-01-04T00:57:31","slug":"psl-consolida-apoio-a-maia-e-confirma-major-olimpio-candidato-no-senado","status":"publish","type":"post","link":"https:\/\/newsinfoco.com.br\/inicio\/psl-consolida-apoio-a-maia-e-confirma-major-olimpio-candidato-no-senado\/","title":{"rendered":"PSL consolida apoio a Maia e confirma Major Ol\u00edmpio candidato no Senado"},"content":{"rendered":"<p style=\"text-align: justify;\">[sg_popup id=&#8221;11418&#8243; event=&#8221;inherit&#8221;][\/sg_popup]Um dia ap\u00f3s declarar apoio \u00e0 candidatura \u00e0 presid\u00eancia da C\u00e2mara de Rodrigo Maia (DEM-RJ), os parlamentares eleitos do PSL se reuniram nesta quinta, 3, no Congresso para discutir os rumos do partido na Casa. O presidente do partido, Luciano Bivar (PE), disse que o encontrou consolidou o apoio do partido ao deputado do DEM e confirmou a candidatura de Major Olimpio (SP) a presidente do Senado. \u201cA reuni\u00e3o foi para consolidar o apoio do partido a Maia. H\u00e1 uma identidade de ideias com Maia. Teremos 53 votos para ele\u201d, disse Bivar. Ele disse n\u00e3o ter conversado pessoalmente com o presidente Jair Bolsonaro, tamb\u00e9m do PSL, sobre o apoio. \u201cN\u00e3o \u00e9 uma posi\u00e7\u00e3o do governo. E sim do partido. N\u00e3o conversei pessoalmente com Bolsonaro sobre o apoio. E Major Olimpio \u00e9 nosso candidato \u00e0 presid\u00eancia do Senado\u201d. Major Olimpio confirmou sua candidatura no Senado e disse ver Renan Calheiros (MDB) como o candidato mais forte. \u201cMe coloco como mais uma op\u00e7\u00e3o. Renan Calheiros tem uma for\u00e7a significativa e \u00e9 o mais forte hoje\u201d. Na elei\u00e7\u00e3o da C\u00e2mara, o acordo com o PSL foi fechado ap\u00f3s uma reuni\u00e3o de Maia com Bivar.<\/p>\n<p style=\"text-align: justify;\">Ao Estad\u00e3oo, Bivar disse que o partido, que tem 52 deputados eleitos, vai comandar a Comiss\u00e3o de Constitui\u00e7\u00e3o e Justi\u00e7a (CCJ), de Finan\u00e7as e a segunda-vice-presid\u00eancia da C\u00e2mara. A divulga\u00e7\u00e3o do acordo desagradou a parte da bancada do PSL, mas surtiu um efeito imediato no cen\u00e1rio pol\u00edtico. O PRB retirou a candidatura do deputado Jo\u00e3o Campos e declarou apoio a Maia. Em seguida, o l\u00edder do PSDB na C\u00e2mara, Nilson Leit\u00e3o (MS), reconheceu que os tucanos devem seguir o mesmo caminho. Tamb\u00e9m candidato \u00e0 presid\u00eancia da C\u00e2mara, o deputado JHC (PSB-AL) criticou o apoio do PSL ao seu concorrente, Maia. Para ele, o apoio mostra que o partido \u201ccome\u00e7ou a virar o balc\u00e3o tradicional da velha pol\u00edtica\u201d. Nesta quinta, 3, o ministro da Casa Civil, Onyx Lorenzoni, reafirmou que o governo n\u00e3o vai interferir na disputa no Congresso. \u201cO governo n\u00e3o vai interferir, quer seja para a presid\u00eancia da C\u00e2mara, quer seja na do Senado. Todos os governos que tiveram algum grau de interven\u00e7\u00e3o na Presid\u00eancia, os governos todos erraram, basta avaliar meses subsequente a isso\u201d, afirmou Onyx. Onyx tamb\u00e9m reafirmou que Bolsonaro \u00e9 um \u201chomem de muito di\u00e1logo\u201d e \u201cvem surpreendendo\u201d. \u201cEsse vai ser ano de muito di\u00e1logo com Parlamento\u201d, assegurou aos jornalistas.<\/p><div class=\"newsi-conteudo_19\" id=\"newsi-3961169409\"><a href=\"https:\/\/www.instagram.com\/prefeituraalagoinhas?igsh=YzgzdDJ1bWR3aWI4\" aria-label=\"SAVE_20251006_221555\"><img loading=\"lazy\" decoding=\"async\" src=\"https:\/\/newsinfoco.com.br\/inicio\/wp-content\/uploads\/2025\/10\/SAVE_20251006_221555-rotated.jpg\" alt=\"\"  srcset=\"https:\/\/newsinfoco.com.br\/inicio\/wp-content\/uploads\/2025\/10\/SAVE_20251006_221555-rotated.jpg 1140w, https:\/\/newsinfoco.com.br\/inicio\/wp-content\/uploads\/2025\/10\/SAVE_20251006_221555-300x52.jpg 300w, https:\/\/newsinfoco.com.br\/inicio\/wp-content\/uploads\/2025\/10\/SAVE_20251006_221555-1024x177.jpg 1024w, https:\/\/newsinfoco.com.br\/inicio\/wp-content\/uploads\/2025\/10\/SAVE_20251006_221555-768x133.jpg 768w, https:\/\/newsinfoco.com.br\/inicio\/wp-content\/uploads\/2025\/10\/SAVE_20251006_221555-600x104.jpg 600w, https:\/\/newsinfoco.com.br\/inicio\/wp-content\/uploads\/2025\/10\/SAVE_20251006_221555-696x120.jpg 696w, https:\/\/newsinfoco.com.br\/inicio\/wp-content\/uploads\/2025\/10\/SAVE_20251006_221555-1068x185.jpg 1068w\" sizes=\"(max-width: 1140px) 100vw, 1140px\" width=\"1140\" height=\"197\"   \/><\/a><\/div>\n<h6 style=\"text-align: right;\"><span style=\"color: #999999;\">Estad\u00e3o<\/span><\/h6>\n<div class='share-to-whatsapp-wrapper'><div class='share-on-whsp'>Share on: <\/div><a data-text='PSL consolida apoio a Maia e confirma Major Ol\u00edmpio candidato no Senado' data-link='https:\/\/newsinfoco.com.br\/inicio\/psl-consolida-apoio-a-maia-e-confirma-major-olimpio-candidato-no-senado\/' class='whatsapp-button whatsapp-share'>WhatsApp<\/a><div class='clear '><\/div><\/div>","protected":false},"excerpt":{"rendered":"<p>[sg_popup id=&#8221;11418&#8243; event=&#8221;inherit&#8221;][\/sg_popup]Um dia ap\u00f3s declarar apoio \u00e0 candidatura \u00e0 presid\u00eancia da C\u00e2mara de Rodrigo Maia (DEM-RJ), os parlamentares eleitos do PSL se reuniram nesta quinta, 3, no Congresso para discutir os rumos do partido na Casa. O presidente do partido, Luciano Bivar (PE), disse que o encontrou consolidou o apoio do partido ao deputado [&hellip;]<\/p>\n","protected":false},"author":1,"featured_media":11578,"comment_status":"open","ping_status":"open","sticky":false,"template":"","format":"standard","meta":{"om_disable_all_campaigns":false,"_exactmetrics_skip_tracking":false,"_exactmetrics_sitenote_active":false,"_exactmetrics_sitenote_note":"","_exactmetrics_sitenote_category":0,"footnotes":""},"categories":[21],"tags":[],"class_list":["post-12519","post","type-post","status-publish","format-standard","has-post-thumbnail","hentry","category-brasil"],"aioseo_notices":[],"_links":{"self":[{"href":"https:\/\/newsinfoco.com.br\/inicio\/wp-json\/wp\/v2\/posts\/12519","targetHints":{"allow":["GET"]}}],"collection":[{"href":"https:\/\/newsinfoco.com.br\/inicio\/wp-json\/wp\/v2\/posts"}],"about":[{"href":"https:\/\/newsinfoco.com.br\/inicio\/wp-json\/wp\/v2\/types\/post"}],"author":[{"embeddable":true,"href":"https:\/\/newsinfoco.com.br\/inicio\/wp-json\/wp\/v2\/users\/1"}],"replies":[{"embeddable":true,"href":"https:\/\/newsinfoco.com.br\/inicio\/wp-json\/wp\/v2\/comments?post=12519"}],"version-history":[{"count":0,"href":"https:\/\/newsinfoco.com.br\/inicio\/wp-json\/wp\/v2\/posts\/12519\/revisions"}],"wp:featuredmedia":[{"embeddable":true,"href":"https:\/\/newsinfoco.com.br\/inicio\/wp-json\/wp\/v2\/media\/11578"}],"wp:attachment":[{"href":"https:\/\/newsinfoco.com.br\/inicio\/wp-json\/wp\/v2\/media?parent=12519"}],"wp:term":[{"taxonomy":"category","embeddable":true,"href":"https:\/\/newsinfoco.com.br\/inicio\/wp-json\/wp\/v2\/categories?post=12519"},{"taxonomy":"post_tag","embeddable":true,"href":"https:\/\/newsinfoco.com.br\/inicio\/wp-json\/wp\/v2\/tags?post=12519"}],"curies":[{"name":"wp","href":"https:\/\/api.w.org\/{rel}","templated":true}]}}