{"id":12521,"date":"2019-01-03T23:00:23","date_gmt":"2019-01-04T01:00:23","guid":{"rendered":"http:\/\/newsinfoco.com.br\/?p=12521"},"modified":"2019-01-03T23:00:23","modified_gmt":"2019-01-04T01:00:23","slug":"governo-deve-aproveitar-projeto-da-previdencia-de-temer-diz-bebianno","status":"publish","type":"post","link":"https:\/\/newsinfoco.com.br\/inicio\/governo-deve-aproveitar-projeto-da-previdencia-de-temer-diz-bebianno\/","title":{"rendered":"Governo deve aproveitar projeto da Previd\u00eancia de Temer, diz Bebianno"},"content":{"rendered":"<p style=\"text-align: justify;\">[sg_popup id=&#8221;11418&#8243; event=&#8221;inherit&#8221;][\/sg_popup]O novo governo deve aproveitar ao menos parte da proposta de reforma da Previd\u00eancia enviada ao Congresso, em 2016, pelo ent\u00e3o presidente Michel Temer. Embora haja diverg\u00eancias na equipe do presidente Jair Bolsonaro sobre o tema, a tend\u00eancia \u00e9 que o ajuste do atual modelo de aposentadoria incorpore mudan\u00e7as sugeridas por Temer, j\u00e1 aprovadas em comiss\u00e3o especial na C\u00e2mara dos Deputados e prontas para vota\u00e7\u00e3o em plen\u00e1rio. \u201cA gente deve aproveitar o que est\u00e1 l\u00e1\u201d, afirmou o ministro da Secretaria-Geral da Presid\u00eancia, Gustavo Bebianno. \u201cCome\u00e7ar do zero demandaria muito mais tempo. Depois, pode-se partir para outros ajustes, discutindo a capitaliza\u00e7\u00e3o para gera\u00e7\u00f5es futuras\u201d. O tema foi discutido nesta quinta-feira,3, na primeira reuni\u00e3o ministerial do novo governo. A decis\u00e3o sobre o modelo a seguir, por\u00e9m, deve ser tomada somente na pr\u00f3xima semana. Questionado sobre o vaiv\u00e9m em torno do assunto, o ministro da Casa Civil, Onyx Lorenzoni, esquivou-se. \u201cS\u00f3 uma palavra: vamos fazer a reforma da Previd\u00eancia\u201d, respondeu ele. At\u00e9 agora, a equipe econ\u00f4mica, comandada pelo ministro Paulo Guedes, defende a proposta que prev\u00ea idade m\u00ednima para a aposentadoria \u2014 de 65 anos para homens e de 62 para mulheres. A ideia tamb\u00e9m \u00e9 estabelecer uma regra de transi\u00e7\u00e3o com um \u201cped\u00e1gio\u201d sobre o tempo que falta para o trabalhador se aposentar.<\/p>\n<p style=\"text-align: justify;\">A unifica\u00e7\u00e3o do regime pr\u00f3prio dos servidores com o do INSS \u00e9 um ponto importante, mas enfrenta forte resist\u00eancia pol\u00edtica. Aliados de Bolsonaro j\u00e1 o alertaram que a reforma n\u00e3o passa se esse t\u00f3pico for mantido. \u201cExiste a conjuga\u00e7\u00e3o da parte t\u00e9cnica com a pol\u00edtica. Eu entendo que a reforma da Previd\u00eancia concebida pelo presidente Michel Temer \u00e9 um avan\u00e7o e aprovar o que est\u00e1 na C\u00e2mara j\u00e1 seria uma sinaliza\u00e7\u00e3o muito positiva para o mercado internacional e atra\u00e7\u00e3o de novos investimentos. \u00c9 o que o Brasil precisa para crescer\u201d, argumentou Bebianno, insistindo em que corre\u00e7\u00f5es podem ser feitas mais adiante. Na avalia\u00e7\u00e3o do ministro, o governo precisa aproveitar o seu capital pol\u00edtico e apoio popular, nos primeiros meses de governo, para aprovar a reforma da Previd\u00eancia. \u201c\u00c9 um Congresso novo e o presidente \u00e9 um homem carism\u00e1tico. Vamos manter vivo o apelo popular olhando para o Brasil\u201d, disse Bebianno.<\/p><div class=\"newsi-conteudo_19\" id=\"newsi-3436982681\"><a href=\"https:\/\/www.instagram.com\/prefeituraalagoinhas?igsh=YzgzdDJ1bWR3aWI4\" aria-label=\"SAVE_20251006_221555\"><img loading=\"lazy\" decoding=\"async\" src=\"https:\/\/newsinfoco.com.br\/inicio\/wp-content\/uploads\/2025\/10\/SAVE_20251006_221555-rotated.jpg\" alt=\"\"  srcset=\"https:\/\/newsinfoco.com.br\/inicio\/wp-content\/uploads\/2025\/10\/SAVE_20251006_221555-rotated.jpg 1140w, https:\/\/newsinfoco.com.br\/inicio\/wp-content\/uploads\/2025\/10\/SAVE_20251006_221555-300x52.jpg 300w, https:\/\/newsinfoco.com.br\/inicio\/wp-content\/uploads\/2025\/10\/SAVE_20251006_221555-1024x177.jpg 1024w, https:\/\/newsinfoco.com.br\/inicio\/wp-content\/uploads\/2025\/10\/SAVE_20251006_221555-768x133.jpg 768w, https:\/\/newsinfoco.com.br\/inicio\/wp-content\/uploads\/2025\/10\/SAVE_20251006_221555-600x104.jpg 600w, https:\/\/newsinfoco.com.br\/inicio\/wp-content\/uploads\/2025\/10\/SAVE_20251006_221555-696x120.jpg 696w, https:\/\/newsinfoco.com.br\/inicio\/wp-content\/uploads\/2025\/10\/SAVE_20251006_221555-1068x185.jpg 1068w\" sizes=\"(max-width: 1140px) 100vw, 1140px\" width=\"1140\" height=\"197\"   \/><\/a><\/div>\n<h6 style=\"text-align: right;\">Estad\u00e3o<\/h6>\n<div class='share-to-whatsapp-wrapper'><div class='share-on-whsp'>Share on: <\/div><a data-text='Governo deve aproveitar projeto da Previd\u00eancia de Temer, diz Bebianno' data-link='https:\/\/newsinfoco.com.br\/inicio\/governo-deve-aproveitar-projeto-da-previdencia-de-temer-diz-bebianno\/' class='whatsapp-button whatsapp-share'>WhatsApp<\/a><div class='clear '><\/div><\/div>","protected":false},"excerpt":{"rendered":"<p>[sg_popup id=&#8221;11418&#8243; event=&#8221;inherit&#8221;][\/sg_popup]O novo governo deve aproveitar ao menos parte da proposta de reforma da Previd\u00eancia enviada ao Congresso, em 2016, pelo ent\u00e3o presidente Michel Temer. Embora haja diverg\u00eancias na equipe do presidente Jair Bolsonaro sobre o tema, a tend\u00eancia \u00e9 que o ajuste do atual modelo de aposentadoria incorpore mudan\u00e7as sugeridas por Temer, j\u00e1 [&hellip;]<\/p>\n","protected":false},"author":1,"featured_media":10943,"comment_status":"open","ping_status":"open","sticky":false,"template":"","format":"standard","meta":{"om_disable_all_campaigns":false,"_exactmetrics_skip_tracking":false,"_exactmetrics_sitenote_active":false,"_exactmetrics_sitenote_note":"","_exactmetrics_sitenote_category":0,"footnotes":""},"categories":[21],"tags":[],"class_list":["post-12521","post","type-post","status-publish","format-standard","has-post-thumbnail","hentry","category-brasil"],"aioseo_notices":[],"_links":{"self":[{"href":"https:\/\/newsinfoco.com.br\/inicio\/wp-json\/wp\/v2\/posts\/12521","targetHints":{"allow":["GET"]}}],"collection":[{"href":"https:\/\/newsinfoco.com.br\/inicio\/wp-json\/wp\/v2\/posts"}],"about":[{"href":"https:\/\/newsinfoco.com.br\/inicio\/wp-json\/wp\/v2\/types\/post"}],"author":[{"embeddable":true,"href":"https:\/\/newsinfoco.com.br\/inicio\/wp-json\/wp\/v2\/users\/1"}],"replies":[{"embeddable":true,"href":"https:\/\/newsinfoco.com.br\/inicio\/wp-json\/wp\/v2\/comments?post=12521"}],"version-history":[{"count":0,"href":"https:\/\/newsinfoco.com.br\/inicio\/wp-json\/wp\/v2\/posts\/12521\/revisions"}],"wp:featuredmedia":[{"embeddable":true,"href":"https:\/\/newsinfoco.com.br\/inicio\/wp-json\/wp\/v2\/media\/10943"}],"wp:attachment":[{"href":"https:\/\/newsinfoco.com.br\/inicio\/wp-json\/wp\/v2\/media?parent=12521"}],"wp:term":[{"taxonomy":"category","embeddable":true,"href":"https:\/\/newsinfoco.com.br\/inicio\/wp-json\/wp\/v2\/categories?post=12521"},{"taxonomy":"post_tag","embeddable":true,"href":"https:\/\/newsinfoco.com.br\/inicio\/wp-json\/wp\/v2\/tags?post=12521"}],"curies":[{"name":"wp","href":"https:\/\/api.w.org\/{rel}","templated":true}]}}