{"id":12523,"date":"2019-01-03T23:05:40","date_gmt":"2019-01-04T01:05:40","guid":{"rendered":"http:\/\/newsinfoco.com.br\/?p=12523"},"modified":"2019-01-03T23:05:40","modified_gmt":"2019-01-04T01:05:40","slug":"renan-calheiros-promete-tramitacao-relampago-de-reformas-se-o-governo-bolsonaro-apoia-lo","status":"publish","type":"post","link":"https:\/\/newsinfoco.com.br\/inicio\/renan-calheiros-promete-tramitacao-relampago-de-reformas-se-o-governo-bolsonaro-apoia-lo\/","title":{"rendered":"Renan  Calheiros promete tramita\u00e7\u00e3o rel\u00e2mpago de reformas se o governo Bolsonaro apoi\u00e1-lo"},"content":{"rendered":"<p style=\"text-align: justify;\">[sg_popup id=&#8221;11418&#8243; event=&#8221;inherit&#8221;][\/sg_popup]O senador Renan Calheiros acenou \u00e0 equipe econ\u00f4mica do governo com um argumento de peso para que Jair Bolsonaro o apoie: instituir uma tramita\u00e7\u00e3o rel\u00e2mpago para as reformas, informa o colunista Lauro Jardim, de O Globo.<\/p>\n<p style=\"text-align: justify;\">Apelidado por Renan de \u201cfast-track\u201d, o mecanismo \u00e9 previsto no regimento interno do Congresso e \u00e9 de compet\u00eancia exclusiva do presidente do Senado, que tamb\u00e9m \u00e9 o presidente do Congresso. A tramita\u00e7\u00e3o seria via comiss\u00e3o especial no Congresso, eliminando etapas de aprova\u00e7\u00e3o nas duas Casas legislativas.<\/p><div class=\"newsi-conteudo_19\" id=\"newsi-2545376146\"><a href=\"https:\/\/www.instagram.com\/prefeituraalagoinhas?igsh=YzgzdDJ1bWR3aWI4\" aria-label=\"SAVE_20251006_221555\"><img loading=\"lazy\" decoding=\"async\" src=\"https:\/\/newsinfoco.com.br\/inicio\/wp-content\/uploads\/2025\/10\/SAVE_20251006_221555-rotated.jpg\" alt=\"\"  srcset=\"https:\/\/newsinfoco.com.br\/inicio\/wp-content\/uploads\/2025\/10\/SAVE_20251006_221555-rotated.jpg 1140w, https:\/\/newsinfoco.com.br\/inicio\/wp-content\/uploads\/2025\/10\/SAVE_20251006_221555-300x52.jpg 300w, https:\/\/newsinfoco.com.br\/inicio\/wp-content\/uploads\/2025\/10\/SAVE_20251006_221555-1024x177.jpg 1024w, https:\/\/newsinfoco.com.br\/inicio\/wp-content\/uploads\/2025\/10\/SAVE_20251006_221555-768x133.jpg 768w, https:\/\/newsinfoco.com.br\/inicio\/wp-content\/uploads\/2025\/10\/SAVE_20251006_221555-600x104.jpg 600w, https:\/\/newsinfoco.com.br\/inicio\/wp-content\/uploads\/2025\/10\/SAVE_20251006_221555-696x120.jpg 696w, https:\/\/newsinfoco.com.br\/inicio\/wp-content\/uploads\/2025\/10\/SAVE_20251006_221555-1068x185.jpg 1068w\" sizes=\"(max-width: 1140px) 100vw, 1140px\" width=\"1140\" height=\"197\"   \/><\/a><\/div>\n<div class='share-to-whatsapp-wrapper'><div class='share-on-whsp'>Share on: <\/div><a data-text='Renan  Calheiros promete tramita\u00e7\u00e3o rel\u00e2mpago de reformas se o governo Bolsonaro apoi\u00e1-lo' data-link='https:\/\/newsinfoco.com.br\/inicio\/renan-calheiros-promete-tramitacao-relampago-de-reformas-se-o-governo-bolsonaro-apoia-lo\/' class='whatsapp-button whatsapp-share'>WhatsApp<\/a><div class='clear '><\/div><\/div>","protected":false},"excerpt":{"rendered":"<p>[sg_popup id=&#8221;11418&#8243; event=&#8221;inherit&#8221;][\/sg_popup]O senador Renan Calheiros acenou \u00e0 equipe econ\u00f4mica do governo com um argumento de peso para que Jair Bolsonaro o apoie: instituir uma tramita\u00e7\u00e3o rel\u00e2mpago para as reformas, informa o colunista Lauro Jardim, de O Globo. Apelidado por Renan de \u201cfast-track\u201d, o mecanismo \u00e9 previsto no regimento interno do Congresso e \u00e9 de [&hellip;]<\/p>\n","protected":false},"author":1,"featured_media":12524,"comment_status":"open","ping_status":"open","sticky":false,"template":"","format":"standard","meta":{"om_disable_all_campaigns":false,"_exactmetrics_skip_tracking":false,"_exactmetrics_sitenote_active":false,"_exactmetrics_sitenote_note":"","_exactmetrics_sitenote_category":0,"footnotes":""},"categories":[21],"tags":[],"class_list":["post-12523","post","type-post","status-publish","format-standard","has-post-thumbnail","hentry","category-brasil"],"aioseo_notices":[],"_links":{"self":[{"href":"https:\/\/newsinfoco.com.br\/inicio\/wp-json\/wp\/v2\/posts\/12523","targetHints":{"allow":["GET"]}}],"collection":[{"href":"https:\/\/newsinfoco.com.br\/inicio\/wp-json\/wp\/v2\/posts"}],"about":[{"href":"https:\/\/newsinfoco.com.br\/inicio\/wp-json\/wp\/v2\/types\/post"}],"author":[{"embeddable":true,"href":"https:\/\/newsinfoco.com.br\/inicio\/wp-json\/wp\/v2\/users\/1"}],"replies":[{"embeddable":true,"href":"https:\/\/newsinfoco.com.br\/inicio\/wp-json\/wp\/v2\/comments?post=12523"}],"version-history":[{"count":0,"href":"https:\/\/newsinfoco.com.br\/inicio\/wp-json\/wp\/v2\/posts\/12523\/revisions"}],"wp:featuredmedia":[{"embeddable":true,"href":"https:\/\/newsinfoco.com.br\/inicio\/wp-json\/wp\/v2\/media\/12524"}],"wp:attachment":[{"href":"https:\/\/newsinfoco.com.br\/inicio\/wp-json\/wp\/v2\/media?parent=12523"}],"wp:term":[{"taxonomy":"category","embeddable":true,"href":"https:\/\/newsinfoco.com.br\/inicio\/wp-json\/wp\/v2\/categories?post=12523"},{"taxonomy":"post_tag","embeddable":true,"href":"https:\/\/newsinfoco.com.br\/inicio\/wp-json\/wp\/v2\/tags?post=12523"}],"curies":[{"name":"wp","href":"https:\/\/api.w.org\/{rel}","templated":true}]}}