{"id":12526,"date":"2019-01-03T23:09:41","date_gmt":"2019-01-04T01:09:41","guid":{"rendered":"http:\/\/newsinfoco.com.br\/?p=12526"},"modified":"2019-01-03T23:09:41","modified_gmt":"2019-01-04T01:09:41","slug":"sergio-moro-montou-republica-de-curitiba-no-governo-bolsonaro","status":"publish","type":"post","link":"https:\/\/newsinfoco.com.br\/inicio\/sergio-moro-montou-republica-de-curitiba-no-governo-bolsonaro\/","title":{"rendered":"S\u00e9rgio Moro montou \u2018Rep\u00fablica de Curitiba\u2019 no governo Bolsonaro"},"content":{"rendered":"<p style=\"text-align: justify;\">[sg_popup id=&#8221;11418&#8243; event=&#8221;inherit&#8221;][\/sg_popup]O \u2018superministro\u2019 da Justi\u00e7a e da Seguran\u00e7a P\u00fablica, S\u00e9rgio Moro, montou no governo Jair Bolsonaro (PSL) uma esp\u00e9cie de \u201cRep\u00fablica de Curitiba\u201d \u2013 termo usado pelo ex-presidente Lula, em conversas grampeadas para se referir aos investigadores da Lava Jato. S\u00e3o oito nomes ligados ao Paran\u00e1, sua terra de origem, ber\u00e7o tamb\u00e9m da Opera\u00e7\u00e3o Lava Jato, onde foi juiz federal por 22 anos. S\u00e3o pessoas de sua confian\u00e7a, como a ex-diretora da 13.\u00aa Vara Federal em Curitiba Fl\u00e1via Blanco, atual chefe de gabinete, profissionais com quem trabalhou em grandes opera\u00e7\u00f5es como juiz e com expertise em combate a crimes financeiros e narcotr\u00e1fico, como o ex-superintendente da Pol\u00edcia Federal no Paran\u00e1 Maur\u00edcio Valeixo, atual diretor-geral da PF, o ex-chefe de intelig\u00eancia e informa\u00e7\u00e3o da Receita Federal em Curitiba Roberto Leonel, atual chefe Coaf, entre outros. Durante a transi\u00e7\u00e3o, foram confirmados 7 nomes origin\u00e1rios do Paran\u00e1 em postos chave do minist\u00e9rio. O Departamento Presidi\u00e1rio Nacional (Depen), \u00e1rea sens\u00edvel com conflitos crescentes, foi assumido pelo ex-chefe da PF em Foz do Igua\u00e7u (PR) Fabiano Bordignon, com quem Moro trabalhou como juiz. Bordignon j\u00e1 foi respons\u00e1vel por dois pres\u00eddios federais, entre eles o de Catanduvas (PR). Outros nomes ainda fazem parte do time, em cargos de destaque na PF: como o delegado Igor Rom\u00e1rio de Paula, que chefiou a equipe da Lava Jato em Curitiba e deve assumir a Diretoria de Investiga\u00e7\u00e3o e Combate ao Crime Organizado (Dicor), e o delegado M\u00e1rcio Anselmo, que originou as investiga\u00e7\u00f5es do caso e coordena hoje a \u00e1rea de combate \u00e0 corrup\u00e7\u00e3o e lavagem de dinheiro da PF. A equipe foi escolhida com carta branca por Moro e ficar\u00e1 respons\u00e1vel por colocar em pr\u00e1tica a pol\u00edtica de enfrentamento ao crime organizado, \u00e0 corrup\u00e7\u00e3o sist\u00eamica e aos crimes violentos no Brasil \u2013 principal bandeira do governo Bolsonaro para a \u00e1rea.<\/p>\n<p style=\"text-align: justify;\">A equipe tem ordem para enviar ao Congresso, antes dos 100 primeiros dias de gest\u00e3o, o projeto de lei com altera\u00e7\u00f5es legais que endurecem penas e aumentam o poder de investiga\u00e7\u00e3o do Estado e, simultaneamente, dar in\u00edcio \u00e0 implanta\u00e7\u00e3o de medidas executivas e operacionais para desarticular fac\u00e7\u00f5es e frear o crescente poder das organiza\u00e7\u00f5es criminosas. Moro e equipe ter\u00e3o obst\u00e1culos no Congresso, mas come\u00e7aram a trabalhar um plano de a\u00e7\u00e3o administrativa e executiva para dar in\u00edcio aos projetos antes mesmo da posse. Para adotar o modelo da Lava Jato de atua\u00e7\u00e3o em for\u00e7as-tarefa, unindo PF, Receita Federal e Minist\u00e9rio P\u00fablico Federal, no combate ao crime organizado e ao narcotr\u00e1fico, Moro criou a Secretaria de Opera\u00e7\u00f5es Policiais Integradas e nomeou para o cargo algu\u00e9m de sua confian\u00e7a e com experi\u00eancia no assunto: o ex-superintendente da PF no Paran\u00e1 Rosalvo Ferreira Franco, que conduziu a corpora\u00e7\u00e3o durante os primeiros quatro anos da Lava Jato. Da mesma forma que a Lava Jato conseguiu desestruturar a corrup\u00e7\u00e3o sist\u00eamica nos governos petistas de Lula e Dilma Rousseff (2003 a 2016), a partir da descoberta do bilion\u00e1rio esquema de desvios na Petrobr\u00e1s, Moro promete atingir fac\u00e7\u00f5es e organiza\u00e7\u00f5es criminosas violentas com a\u00e7\u00f5es de intelig\u00eancia. A ordem tem sido \u201cdesenvolver uma pol\u00edtica agressiva, n\u00e3o violenta\u201d. Moro promete transpar\u00eancia nas a\u00e7\u00f5es do Minist\u00e9rio. Na transi\u00e7\u00e3o, foi um dos mais acess\u00edveis membros do primeiro time de Bolsonaro. Os almo\u00e7os com auxiliares no restaurante do Centro Cultural Banco do Brasil (CCBB), a sede do gabinete de transi\u00e7\u00e3o, e os an\u00fancios em entrevista coletiva sobre os nomes escolhidos para cargos chaves da Pasta vieram sempre sucedidos de justificativas sobre a decis\u00e3o. Fora do gabinete de juiz titular da Lava Jato em Curitiba \u2013 que completa 5 anos em 2019 -, Moro tamb\u00e9m demonstrou canal aberto com a imprensa: comentou a regulamenta\u00e7\u00e3o do lobby no Pa\u00eds, a extradi\u00e7\u00e3o do italiano C\u00e9sare Battisti e as suspeitas e investiga\u00e7\u00f5es contra membros do governo e aliados de Bolsonaro. A posse de Moro e equipe como ministro, na \u00faltima quarta-feira, 2, foi uma das mais badaladas. Os principais nomes da equipe, como seu bra\u00e7o direito no Minist\u00e9rio o delegado Luiz Pontel, que assumiu a Secretaria Executiva, a ex-procuradora da Rep\u00fablica Maria Hilda Marsiaj, que assumiu a Secretaria Nacional de Justi\u00e7a (SNJ), o general Guilherme Theophilo, na Secretaria Nacional de Seguran\u00e7a P\u00fablica, entre outros, ficaram perfilados com o novo chefe.<\/p><div class=\"newsi-conteudo_19\" id=\"newsi-3255246319\"><a href=\"https:\/\/www.instagram.com\/prefeituraalagoinhas?igsh=YzgzdDJ1bWR3aWI4\" aria-label=\"SAVE_20251006_221555\"><img loading=\"lazy\" decoding=\"async\" src=\"https:\/\/newsinfoco.com.br\/inicio\/wp-content\/uploads\/2025\/10\/SAVE_20251006_221555-rotated.jpg\" alt=\"\"  srcset=\"https:\/\/newsinfoco.com.br\/inicio\/wp-content\/uploads\/2025\/10\/SAVE_20251006_221555-rotated.jpg 1140w, https:\/\/newsinfoco.com.br\/inicio\/wp-content\/uploads\/2025\/10\/SAVE_20251006_221555-300x52.jpg 300w, https:\/\/newsinfoco.com.br\/inicio\/wp-content\/uploads\/2025\/10\/SAVE_20251006_221555-1024x177.jpg 1024w, https:\/\/newsinfoco.com.br\/inicio\/wp-content\/uploads\/2025\/10\/SAVE_20251006_221555-768x133.jpg 768w, https:\/\/newsinfoco.com.br\/inicio\/wp-content\/uploads\/2025\/10\/SAVE_20251006_221555-600x104.jpg 600w, https:\/\/newsinfoco.com.br\/inicio\/wp-content\/uploads\/2025\/10\/SAVE_20251006_221555-696x120.jpg 696w, https:\/\/newsinfoco.com.br\/inicio\/wp-content\/uploads\/2025\/10\/SAVE_20251006_221555-1068x185.jpg 1068w\" sizes=\"(max-width: 1140px) 100vw, 1140px\" width=\"1140\" height=\"197\"   \/><\/a><\/div>\n<p style=\"text-align: right;\">Estadao<\/p>\n<div class='share-to-whatsapp-wrapper'><div class='share-on-whsp'>Share on: <\/div><a data-text='S\u00e9rgio Moro montou \u2018Rep\u00fablica de Curitiba\u2019 no governo Bolsonaro' data-link='https:\/\/newsinfoco.com.br\/inicio\/sergio-moro-montou-republica-de-curitiba-no-governo-bolsonaro\/' class='whatsapp-button whatsapp-share'>WhatsApp<\/a><div class='clear '><\/div><\/div>","protected":false},"excerpt":{"rendered":"<p>[sg_popup id=&#8221;11418&#8243; event=&#8221;inherit&#8221;][\/sg_popup]O \u2018superministro\u2019 da Justi\u00e7a e da Seguran\u00e7a P\u00fablica, S\u00e9rgio Moro, montou no governo Jair Bolsonaro (PSL) uma esp\u00e9cie de \u201cRep\u00fablica de Curitiba\u201d \u2013 termo usado pelo ex-presidente Lula, em conversas grampeadas para se referir aos investigadores da Lava Jato. S\u00e3o oito nomes ligados ao Paran\u00e1, sua terra de origem, ber\u00e7o tamb\u00e9m da Opera\u00e7\u00e3o [&hellip;]<\/p>\n","protected":false},"author":1,"featured_media":12527,"comment_status":"open","ping_status":"open","sticky":false,"template":"","format":"standard","meta":{"om_disable_all_campaigns":false,"_exactmetrics_skip_tracking":false,"_exactmetrics_sitenote_active":false,"_exactmetrics_sitenote_note":"","_exactmetrics_sitenote_category":0,"footnotes":""},"categories":[21],"tags":[],"class_list":["post-12526","post","type-post","status-publish","format-standard","has-post-thumbnail","hentry","category-brasil"],"aioseo_notices":[],"_links":{"self":[{"href":"https:\/\/newsinfoco.com.br\/inicio\/wp-json\/wp\/v2\/posts\/12526","targetHints":{"allow":["GET"]}}],"collection":[{"href":"https:\/\/newsinfoco.com.br\/inicio\/wp-json\/wp\/v2\/posts"}],"about":[{"href":"https:\/\/newsinfoco.com.br\/inicio\/wp-json\/wp\/v2\/types\/post"}],"author":[{"embeddable":true,"href":"https:\/\/newsinfoco.com.br\/inicio\/wp-json\/wp\/v2\/users\/1"}],"replies":[{"embeddable":true,"href":"https:\/\/newsinfoco.com.br\/inicio\/wp-json\/wp\/v2\/comments?post=12526"}],"version-history":[{"count":0,"href":"https:\/\/newsinfoco.com.br\/inicio\/wp-json\/wp\/v2\/posts\/12526\/revisions"}],"wp:featuredmedia":[{"embeddable":true,"href":"https:\/\/newsinfoco.com.br\/inicio\/wp-json\/wp\/v2\/media\/12527"}],"wp:attachment":[{"href":"https:\/\/newsinfoco.com.br\/inicio\/wp-json\/wp\/v2\/media?parent=12526"}],"wp:term":[{"taxonomy":"category","embeddable":true,"href":"https:\/\/newsinfoco.com.br\/inicio\/wp-json\/wp\/v2\/categories?post=12526"},{"taxonomy":"post_tag","embeddable":true,"href":"https:\/\/newsinfoco.com.br\/inicio\/wp-json\/wp\/v2\/tags?post=12526"}],"curies":[{"name":"wp","href":"https:\/\/api.w.org\/{rel}","templated":true}]}}