{"id":12530,"date":"2019-01-04T20:00:10","date_gmt":"2019-01-04T22:00:10","guid":{"rendered":"http:\/\/newsinfoco.com.br\/?p=12530"},"modified":"2019-01-04T21:07:18","modified_gmt":"2019-01-04T23:07:18","slug":"prefeito-de-inhambupe-empossa-nova-secretaria-de-saude-sem-exonerar-o-antecessor","status":"publish","type":"post","link":"https:\/\/newsinfoco.com.br\/inicio\/prefeito-de-inhambupe-empossa-nova-secretaria-de-saude-sem-exonerar-o-antecessor\/","title":{"rendered":"Prefeito de Inhambupe empossa nova secret\u00e1ria de sa\u00fade, sem exonerar o antecessor"},"content":{"rendered":"<p style=\"text-align: justify;\">[sg_popup id=&#8221;11418&#8243; event=&#8221;inherit&#8221;][\/sg_popup]Na manh\u00e3 de ontem(03) a prefeitura de Inhambupe promoveu uma cerimonia para a posse da nova secret\u00e1ria municipal de sa\u00fade, Olivia Guimar\u00e3es, que ir\u00e1 substituir Dr. Tonzinho na chefia da pasta. No evento, que contou com a presen\u00e7a do prefeito Nena e de sua vice Izabel Silva, Olivia foi apresentada a todos os servidores como a nova chefe da pasta.<\/p>\n<p style=\"text-align: justify;\">Acontece que a prefeitura de Inhambupe no dia da cerimonia encontrava-se em recesso, recesso este que terminou no dia de hoje(04) e nem a exonera\u00e7\u00e3o do ex-secret\u00e1rio Dr. Tonzinho, nem a nomea\u00e7\u00e3o de Olivia foram publicados no di\u00e1rio oficial do munic\u00edpio. Ou seja, mesmo ap\u00f3s a cerimonia de posse da nova secretaria, para todos os efeitos legais, Dr. Tonzinho continua sendo o secretario de sa\u00fade do munic\u00edpio de Inhambupe.<\/p><div class=\"newsi-conteudo_19\" id=\"newsi-1796579946\"><a href=\"https:\/\/www.instagram.com\/prefeituraalagoinhas?igsh=YzgzdDJ1bWR3aWI4\" aria-label=\"SAVE_20251006_221555\"><img loading=\"lazy\" decoding=\"async\" src=\"https:\/\/newsinfoco.com.br\/inicio\/wp-content\/uploads\/2025\/10\/SAVE_20251006_221555-rotated.jpg\" alt=\"\"  srcset=\"https:\/\/newsinfoco.com.br\/inicio\/wp-content\/uploads\/2025\/10\/SAVE_20251006_221555-rotated.jpg 1140w, https:\/\/newsinfoco.com.br\/inicio\/wp-content\/uploads\/2025\/10\/SAVE_20251006_221555-300x52.jpg 300w, https:\/\/newsinfoco.com.br\/inicio\/wp-content\/uploads\/2025\/10\/SAVE_20251006_221555-1024x177.jpg 1024w, https:\/\/newsinfoco.com.br\/inicio\/wp-content\/uploads\/2025\/10\/SAVE_20251006_221555-768x133.jpg 768w, https:\/\/newsinfoco.com.br\/inicio\/wp-content\/uploads\/2025\/10\/SAVE_20251006_221555-600x104.jpg 600w, https:\/\/newsinfoco.com.br\/inicio\/wp-content\/uploads\/2025\/10\/SAVE_20251006_221555-696x120.jpg 696w, https:\/\/newsinfoco.com.br\/inicio\/wp-content\/uploads\/2025\/10\/SAVE_20251006_221555-1068x185.jpg 1068w\" sizes=\"(max-width: 1140px) 100vw, 1140px\" width=\"1140\" height=\"197\"   \/><\/a><\/div>\n<p style=\"text-align: justify;\">Em contato com o site News Infoco, Dr. Tonzinho, afirmou que o prefeito Nena n\u00e3o publicou um decreto de exonera\u00e7\u00e3o sua, porque j\u00e1 existia um decreto publicado pelo prefeito, que entrou em vigor no dia 31 de dezembro de 2018, em que ele exonerava todos os ocupantes de cargos comissionados e tempor\u00e1rios da prefeitura, e isso inclu\u00eda os secret\u00e1rios. Ele tamb\u00e9m afirmou que a nomea\u00e7\u00e3o da nova secret\u00e1ria ocorrer\u00e1 provavelmente no dia 07 de janeiro. Sobre a cerimonia, ele afirmou que n\u00e3o foi cerimonia de posse e sim uma cerimonia de apresenta\u00e7\u00e3o da secretaria de sa\u00fade aos servidores.<\/p>\n<p style=\"text-align: right;\"><span style=\"color: #999999;\">Por Caio Pimenta para o News Infoco<\/span><\/p>\n<p>&nbsp;<\/p>\n<div class='share-to-whatsapp-wrapper'><div class='share-on-whsp'>Share on: <\/div><a data-text='Prefeito de Inhambupe empossa nova secret\u00e1ria de sa\u00fade, sem exonerar o antecessor' data-link='https:\/\/newsinfoco.com.br\/inicio\/prefeito-de-inhambupe-empossa-nova-secretaria-de-saude-sem-exonerar-o-antecessor\/' class='whatsapp-button whatsapp-share'>WhatsApp<\/a><div class='clear '><\/div><\/div>","protected":false},"excerpt":{"rendered":"<p>[sg_popup id=&#8221;11418&#8243; event=&#8221;inherit&#8221;][\/sg_popup]Na manh\u00e3 de ontem(03) a prefeitura de Inhambupe promoveu uma cerimonia para a posse da nova secret\u00e1ria municipal de sa\u00fade, Olivia Guimar\u00e3es, que ir\u00e1 substituir Dr. Tonzinho na chefia da pasta. No evento, que contou com a presen\u00e7a do prefeito Nena e de sua vice Izabel Silva, Olivia foi apresentada a todos os [&hellip;]<\/p>\n","protected":false},"author":1,"featured_media":12531,"comment_status":"open","ping_status":"open","sticky":false,"template":"","format":"standard","meta":{"om_disable_all_campaigns":false,"_exactmetrics_skip_tracking":false,"_exactmetrics_sitenote_active":false,"_exactmetrics_sitenote_note":"","_exactmetrics_sitenote_category":0,"footnotes":""},"categories":[38,30],"tags":[],"class_list":["post-12530","post","type-post","status-publish","format-standard","has-post-thumbnail","hentry","category-alagoinhas-e-regiao","category-destaque"],"aioseo_notices":[],"_links":{"self":[{"href":"https:\/\/newsinfoco.com.br\/inicio\/wp-json\/wp\/v2\/posts\/12530","targetHints":{"allow":["GET"]}}],"collection":[{"href":"https:\/\/newsinfoco.com.br\/inicio\/wp-json\/wp\/v2\/posts"}],"about":[{"href":"https:\/\/newsinfoco.com.br\/inicio\/wp-json\/wp\/v2\/types\/post"}],"author":[{"embeddable":true,"href":"https:\/\/newsinfoco.com.br\/inicio\/wp-json\/wp\/v2\/users\/1"}],"replies":[{"embeddable":true,"href":"https:\/\/newsinfoco.com.br\/inicio\/wp-json\/wp\/v2\/comments?post=12530"}],"version-history":[{"count":0,"href":"https:\/\/newsinfoco.com.br\/inicio\/wp-json\/wp\/v2\/posts\/12530\/revisions"}],"wp:featuredmedia":[{"embeddable":true,"href":"https:\/\/newsinfoco.com.br\/inicio\/wp-json\/wp\/v2\/media\/12531"}],"wp:attachment":[{"href":"https:\/\/newsinfoco.com.br\/inicio\/wp-json\/wp\/v2\/media?parent=12530"}],"wp:term":[{"taxonomy":"category","embeddable":true,"href":"https:\/\/newsinfoco.com.br\/inicio\/wp-json\/wp\/v2\/categories?post=12530"},{"taxonomy":"post_tag","embeddable":true,"href":"https:\/\/newsinfoco.com.br\/inicio\/wp-json\/wp\/v2\/tags?post=12530"}],"curies":[{"name":"wp","href":"https:\/\/api.w.org\/{rel}","templated":true}]}}