{"id":12533,"date":"2019-01-04T20:30:06","date_gmt":"2019-01-04T22:30:06","guid":{"rendered":"http:\/\/newsinfoco.com.br\/?p=12533"},"modified":"2019-01-04T21:00:08","modified_gmt":"2019-01-04T23:00:08","slug":"irei-inspecionar-pessoalmente-os-postos-de-saude-da-cidade-afirma-joaquim-neto","status":"publish","type":"post","link":"https:\/\/newsinfoco.com.br\/inicio\/irei-inspecionar-pessoalmente-os-postos-de-saude-da-cidade-afirma-joaquim-neto\/","title":{"rendered":"&#8220;Irei inspecionar pessoalmente os postos de sa\u00fade da cidade&#8221;, afirma Joaquim Neto"},"content":{"rendered":"<p style=\"text-align: justify;\">[sg_popup id=&#8221;11418&#8243; event=&#8221;inherit&#8221;][\/sg_popup]O prefeito de Alagoinhas, Joaquim Neto(DEM), n\u00e3o esconde mais seu descontentamento com a \u00e1rea da sa\u00fade no munic\u00edpio. Ao site News Infoco, o prefeito reconheceu os problemas enfrentados na \u00e1rea que tem penalizado a popula\u00e7\u00e3o e garantiu que o ano de 2019 ser\u00e1 de mudan\u00e7as na \u00e1rea.<\/p>\n<p style=\"text-align: justify;\">Ao News Infoco, Joaquim Neto j\u00e1 adiantou que far\u00e1 mudan\u00e7as na maternidade municipal. ( <a href=\"http:\/\/newsinfoco.com.br\/2019\/01\/03\/prefeito-joaquim-neto-diz-que-esta-insatisfeito-com-a-situacao-da-maternidade-municipal-e-promete-mudancas\/\">veja aqui<\/a>). Por\u00e9m suas aten\u00e7\u00f5es tamb\u00e9m estar\u00e3o voltadas aos postos de sa\u00fade. &#8220;Irei inspecionar pessoalmente os servi\u00e7os nos postos do munic\u00edpio&#8221;, afirmou o prefeito. Ele disse que quer ver de perto a qualidade do servi\u00e7o e do atendimento ofertado \u00e0 popula\u00e7\u00e3o mais carente. &#8220;Chegarei de surpresa nos postos de sa\u00fade para ver o atendimento. Se for poss\u00edvel irei inclusive atender os pacientes, caso seja necess\u00e1rio&#8221;, completou. De acordo com o prefeito no ano de 2019 a \u00e1rea da sa\u00fade ser\u00e1 a principal prioridade da sua gest\u00e3o.<\/p><div class=\"newsi-conteudo_19\" id=\"newsi-3055795804\"><a href=\"https:\/\/www.instagram.com\/prefeituraalagoinhas?igsh=YzgzdDJ1bWR3aWI4\" aria-label=\"SAVE_20251006_221555\"><img loading=\"lazy\" decoding=\"async\" src=\"https:\/\/newsinfoco.com.br\/inicio\/wp-content\/uploads\/2025\/10\/SAVE_20251006_221555-rotated.jpg\" alt=\"\"  srcset=\"https:\/\/newsinfoco.com.br\/inicio\/wp-content\/uploads\/2025\/10\/SAVE_20251006_221555-rotated.jpg 1140w, https:\/\/newsinfoco.com.br\/inicio\/wp-content\/uploads\/2025\/10\/SAVE_20251006_221555-300x52.jpg 300w, https:\/\/newsinfoco.com.br\/inicio\/wp-content\/uploads\/2025\/10\/SAVE_20251006_221555-1024x177.jpg 1024w, https:\/\/newsinfoco.com.br\/inicio\/wp-content\/uploads\/2025\/10\/SAVE_20251006_221555-768x133.jpg 768w, https:\/\/newsinfoco.com.br\/inicio\/wp-content\/uploads\/2025\/10\/SAVE_20251006_221555-600x104.jpg 600w, https:\/\/newsinfoco.com.br\/inicio\/wp-content\/uploads\/2025\/10\/SAVE_20251006_221555-696x120.jpg 696w, https:\/\/newsinfoco.com.br\/inicio\/wp-content\/uploads\/2025\/10\/SAVE_20251006_221555-1068x185.jpg 1068w\" sizes=\"(max-width: 1140px) 100vw, 1140px\" width=\"1140\" height=\"197\"   \/><\/a><\/div>\n<p style=\"text-align: right;\"><span style=\"color: #999999;\">Por Caio Pimenta para o News Infoco<\/span><\/p>\n<div class='share-to-whatsapp-wrapper'><div class='share-on-whsp'>Share on: <\/div><a data-text='\"Irei inspecionar pessoalmente os postos de sa\u00fade da cidade\", afirma Joaquim Neto' data-link='https:\/\/newsinfoco.com.br\/inicio\/irei-inspecionar-pessoalmente-os-postos-de-saude-da-cidade-afirma-joaquim-neto\/' class='whatsapp-button whatsapp-share'>WhatsApp<\/a><div class='clear '><\/div><\/div>","protected":false},"excerpt":{"rendered":"<p>[sg_popup id=&#8221;11418&#8243; event=&#8221;inherit&#8221;][\/sg_popup]O prefeito de Alagoinhas, Joaquim Neto(DEM), n\u00e3o esconde mais seu descontentamento com a \u00e1rea da sa\u00fade no munic\u00edpio. Ao site News Infoco, o prefeito reconheceu os problemas enfrentados na \u00e1rea que tem penalizado a popula\u00e7\u00e3o e garantiu que o ano de 2019 ser\u00e1 de mudan\u00e7as na \u00e1rea. Ao News Infoco, Joaquim Neto j\u00e1 [&hellip;]<\/p>\n","protected":false},"author":1,"featured_media":6733,"comment_status":"open","ping_status":"open","sticky":false,"template":"","format":"standard","meta":{"om_disable_all_campaigns":false,"_exactmetrics_skip_tracking":false,"_exactmetrics_sitenote_active":false,"_exactmetrics_sitenote_note":"","_exactmetrics_sitenote_category":0,"footnotes":""},"categories":[38,30],"tags":[],"class_list":["post-12533","post","type-post","status-publish","format-standard","has-post-thumbnail","hentry","category-alagoinhas-e-regiao","category-destaque"],"aioseo_notices":[],"_links":{"self":[{"href":"https:\/\/newsinfoco.com.br\/inicio\/wp-json\/wp\/v2\/posts\/12533","targetHints":{"allow":["GET"]}}],"collection":[{"href":"https:\/\/newsinfoco.com.br\/inicio\/wp-json\/wp\/v2\/posts"}],"about":[{"href":"https:\/\/newsinfoco.com.br\/inicio\/wp-json\/wp\/v2\/types\/post"}],"author":[{"embeddable":true,"href":"https:\/\/newsinfoco.com.br\/inicio\/wp-json\/wp\/v2\/users\/1"}],"replies":[{"embeddable":true,"href":"https:\/\/newsinfoco.com.br\/inicio\/wp-json\/wp\/v2\/comments?post=12533"}],"version-history":[{"count":0,"href":"https:\/\/newsinfoco.com.br\/inicio\/wp-json\/wp\/v2\/posts\/12533\/revisions"}],"wp:featuredmedia":[{"embeddable":true,"href":"https:\/\/newsinfoco.com.br\/inicio\/wp-json\/wp\/v2\/media\/6733"}],"wp:attachment":[{"href":"https:\/\/newsinfoco.com.br\/inicio\/wp-json\/wp\/v2\/media?parent=12533"}],"wp:term":[{"taxonomy":"category","embeddable":true,"href":"https:\/\/newsinfoco.com.br\/inicio\/wp-json\/wp\/v2\/categories?post=12533"},{"taxonomy":"post_tag","embeddable":true,"href":"https:\/\/newsinfoco.com.br\/inicio\/wp-json\/wp\/v2\/tags?post=12533"}],"curies":[{"name":"wp","href":"https:\/\/api.w.org\/{rel}","templated":true}]}}