{"id":12547,"date":"2019-01-05T17:15:54","date_gmt":"2019-01-05T19:15:54","guid":{"rendered":"http:\/\/newsinfoco.com.br\/?p=12547"},"modified":"2019-01-05T17:15:54","modified_gmt":"2019-01-05T19:15:54","slug":"bolsonaro-elogia-coordenador-do-enem-e-critica-doutrinacao-em-escolas","status":"publish","type":"post","link":"https:\/\/newsinfoco.com.br\/inicio\/bolsonaro-elogia-coordenador-do-enem-e-critica-doutrinacao-em-escolas\/","title":{"rendered":"Bolsonaro elogia coordenador do Enem e critica doutrina\u00e7\u00e3o em escolas"},"content":{"rendered":"<p style=\"text-align: justify;\">[sg_popup id=&#8221;11418&#8243; event=&#8221;inherit&#8221;][\/sg_popup]O presidente da Rep\u00fablica, Jair Bolsonaro, afirmou neste s\u00e1bado (5) que o novo respons\u00e1vel pelo Exame Nacional do Ensino M\u00e9dio (Enem), o economista Murilo Resende Ferreira, vai priorizar o ensino com enfoque na medi\u00e7\u00e3o da forma\u00e7\u00e3o acad\u00eamica. Em publica\u00e7\u00e3o na sua conta oficial no Twitter, o presidente disse que \u00e9 preciso ignorar a promo\u00e7\u00e3o da \u201clacra\u00e7\u00e3o\u201d e da \u201cdoutrina\u00e7\u00e3o\u201d em sala de aula.<\/p>\n<p style=\"text-align: justify;\">O presidente tamb\u00e9m destacou a forma\u00e7\u00e3o de Resende, que \u00e9 doutor em economia pela Funda\u00e7\u00e3o Getulio Vargas (FGV). \u201cMurilo Resende, o novo coordenador do Enem, \u00e9 doutor em economia pela FGV, e seus estudos deixam claro a prioriza\u00e7\u00e3o do ensino ignorando a atual promo\u00e7\u00e3o da \u2018lacra\u00e7\u00e3o\u2019, ou seja, enfoque na medi\u00e7\u00e3o da forma\u00e7\u00e3o acad\u00eamica, e n\u00e3o somente o quanto ele foi doutrinado em salas de aula\u201d, tuitou. Resende, de 36 anos, foi escolhido pelo ministro da Educa\u00e7\u00e3o, Ricardo V\u00e9lez Rodr\u00edguez, como diretor de Avalia\u00e7\u00e3o da Educa\u00e7\u00e3o B\u00e1sica do Instituto de Estudos e Pesquisa Educacionais An\u00edsio Teixeira (Inep), que \u00e9 o \u00f3rg\u00e3o respons\u00e1vel pelo Enem.<\/p><div class=\"newsi-conteudo_19\" id=\"newsi-2618742926\"><a href=\"https:\/\/www.instagram.com\/prefeituraalagoinhas?igsh=YzgzdDJ1bWR3aWI4\" aria-label=\"SAVE_20251006_221555\"><img loading=\"lazy\" decoding=\"async\" src=\"https:\/\/newsinfoco.com.br\/inicio\/wp-content\/uploads\/2025\/10\/SAVE_20251006_221555-rotated.jpg\" alt=\"\"  srcset=\"https:\/\/newsinfoco.com.br\/inicio\/wp-content\/uploads\/2025\/10\/SAVE_20251006_221555-rotated.jpg 1140w, https:\/\/newsinfoco.com.br\/inicio\/wp-content\/uploads\/2025\/10\/SAVE_20251006_221555-300x52.jpg 300w, https:\/\/newsinfoco.com.br\/inicio\/wp-content\/uploads\/2025\/10\/SAVE_20251006_221555-1024x177.jpg 1024w, https:\/\/newsinfoco.com.br\/inicio\/wp-content\/uploads\/2025\/10\/SAVE_20251006_221555-768x133.jpg 768w, https:\/\/newsinfoco.com.br\/inicio\/wp-content\/uploads\/2025\/10\/SAVE_20251006_221555-600x104.jpg 600w, https:\/\/newsinfoco.com.br\/inicio\/wp-content\/uploads\/2025\/10\/SAVE_20251006_221555-696x120.jpg 696w, https:\/\/newsinfoco.com.br\/inicio\/wp-content\/uploads\/2025\/10\/SAVE_20251006_221555-1068x185.jpg 1068w\" sizes=\"(max-width: 1140px) 100vw, 1140px\" width=\"1140\" height=\"197\"   \/><\/a><\/div>\n<p style=\"text-align: right;\">Agencia Brasil<\/p>\n<div class='share-to-whatsapp-wrapper'><div class='share-on-whsp'>Share on: <\/div><a data-text='Bolsonaro elogia coordenador do Enem e critica doutrina\u00e7\u00e3o em escolas' data-link='https:\/\/newsinfoco.com.br\/inicio\/bolsonaro-elogia-coordenador-do-enem-e-critica-doutrinacao-em-escolas\/' class='whatsapp-button whatsapp-share'>WhatsApp<\/a><div class='clear '><\/div><\/div>","protected":false},"excerpt":{"rendered":"<p>[sg_popup id=&#8221;11418&#8243; event=&#8221;inherit&#8221;][\/sg_popup]O presidente da Rep\u00fablica, Jair Bolsonaro, afirmou neste s\u00e1bado (5) que o novo respons\u00e1vel pelo Exame Nacional do Ensino M\u00e9dio (Enem), o economista Murilo Resende Ferreira, vai priorizar o ensino com enfoque na medi\u00e7\u00e3o da forma\u00e7\u00e3o acad\u00eamica. Em publica\u00e7\u00e3o na sua conta oficial no Twitter, o presidente disse que \u00e9 preciso ignorar a [&hellip;]<\/p>\n","protected":false},"author":1,"featured_media":12548,"comment_status":"open","ping_status":"open","sticky":false,"template":"","format":"standard","meta":{"om_disable_all_campaigns":false,"_exactmetrics_skip_tracking":false,"_exactmetrics_sitenote_active":false,"_exactmetrics_sitenote_note":"","_exactmetrics_sitenote_category":0,"footnotes":""},"categories":[21],"tags":[],"class_list":["post-12547","post","type-post","status-publish","format-standard","has-post-thumbnail","hentry","category-brasil"],"aioseo_notices":[],"_links":{"self":[{"href":"https:\/\/newsinfoco.com.br\/inicio\/wp-json\/wp\/v2\/posts\/12547","targetHints":{"allow":["GET"]}}],"collection":[{"href":"https:\/\/newsinfoco.com.br\/inicio\/wp-json\/wp\/v2\/posts"}],"about":[{"href":"https:\/\/newsinfoco.com.br\/inicio\/wp-json\/wp\/v2\/types\/post"}],"author":[{"embeddable":true,"href":"https:\/\/newsinfoco.com.br\/inicio\/wp-json\/wp\/v2\/users\/1"}],"replies":[{"embeddable":true,"href":"https:\/\/newsinfoco.com.br\/inicio\/wp-json\/wp\/v2\/comments?post=12547"}],"version-history":[{"count":0,"href":"https:\/\/newsinfoco.com.br\/inicio\/wp-json\/wp\/v2\/posts\/12547\/revisions"}],"wp:featuredmedia":[{"embeddable":true,"href":"https:\/\/newsinfoco.com.br\/inicio\/wp-json\/wp\/v2\/media\/12548"}],"wp:attachment":[{"href":"https:\/\/newsinfoco.com.br\/inicio\/wp-json\/wp\/v2\/media?parent=12547"}],"wp:term":[{"taxonomy":"category","embeddable":true,"href":"https:\/\/newsinfoco.com.br\/inicio\/wp-json\/wp\/v2\/categories?post=12547"},{"taxonomy":"post_tag","embeddable":true,"href":"https:\/\/newsinfoco.com.br\/inicio\/wp-json\/wp\/v2\/tags?post=12547"}],"curies":[{"name":"wp","href":"https:\/\/api.w.org\/{rel}","templated":true}]}}